{"id":3920,"date":"2026-07-15T14:23:17","date_gmt":"2026-07-15T14:23:17","guid":{"rendered":"https:\/\/turkiyemhaber.com\/?p=3920"},"modified":"2026-07-15T14:23:23","modified_gmt":"2026-07-15T14:23:23","slug":"ogretmen-polis-vaiz-doktor-zamli-memur-maaslari-ve-maas-farklari-belli-oldu","status":"publish","type":"post","link":"https:\/\/turkiyemhaber.com\/?p=3920","title":{"rendered":"\u00d6\u011fretmen, Polis, Vaiz, Doktor&#8230; Zaml\u0131 Memur Maa\u015flar\u0131 ve Maa\u015f Farklar\u0131 Belli Oldu"},"content":{"rendered":"\n<p class=\"wp-block-paragraph\">T\u00fcrkiye \u0130statistik Kurumu&#8217;nun (T\u00dc\u0130K) haziran ay\u0131 enflasyon verilerini a\u00e7\u0131klamas\u0131yla birlikte milyonlarca memur ve memur emeklisinin temmuz ay\u0131nda alaca\u011f\u0131 zam oran\u0131 netle\u015fti. A\u00e7\u0131klanan veriler do\u011frultusunda memur ve memur emeklilerine uygulanacak zam oran\u0131 y\u00fczde 13,52 oldu. Zaml\u0131 maa\u015flar 15 Temmuz itibar\u0131yla hesaplara yat\u0131r\u0131lmaya ba\u015flan\u0131rken, 1-14 Temmuz d\u00f6nemini kapsayan maa\u015f farklar\u0131n\u0131n da \u00f6n\u00fcm\u00fczdeki g\u00fcnlerde \u00f6denmesi bekleniyor.<\/p>\n\n\n\n<h2 class=\"wp-block-heading\">Memur ve Memur Emeklilerine Y\u00fczde 13,52 Zam<\/h2>\n\n\n\n<p class=\"wp-block-paragraph\">Alt\u0131 ayl\u0131k enflasyon oran\u0131n\u0131n y\u00fczde 17,76 olarak ger\u00e7ekle\u015fmesi sonras\u0131nda memur ve memur emeklilerinin maa\u015flar\u0131na y\u00fczde 13,52 oran\u0131nda art\u0131\u015f yap\u0131ld\u0131.<\/p>\n\n\n\n<p class=\"wp-block-paragraph\">Yeni d\u00fczenlemeyle birlikte en d\u00fc\u015f\u00fck memur maa\u015f\u0131 70 bin 224 TL\u2019ye y\u00fckselirken, en d\u00fc\u015f\u00fck memur emeklisi ayl\u0131\u011f\u0131 ise 31 bin 527 TL oldu.<\/p>\n\n\n\n<h2 class=\"wp-block-heading\">Zaml\u0131 Maa\u015flar Hesaplara Yatmaya Ba\u015flad\u0131<\/h2>\n\n\n\n<p class=\"wp-block-paragraph\">Memurlar maa\u015flar\u0131n\u0131 her ay\u0131n 15\u2019inde pe\u015fin ald\u0131\u011f\u0131 i\u00e7in temmuz ay\u0131 zaml\u0131 maa\u015flar\u0131 bug\u00fcn itibar\u0131yla hesaplara yat\u0131r\u0131lmaya ba\u015fland\u0131.<\/p>\n\n\n\n<p class=\"wp-block-paragraph\">\u00d6te yandan 1-14 Temmuz tarihleri aras\u0131ndaki d\u00f6neme ait maa\u015f farklar\u0131 da ayr\u0131ca \u00f6denecek. Kurumlar\u0131n bordro ve muhasebe i\u015flemlerini tamamlamas\u0131n\u0131n ard\u0131ndan fark \u00f6demelerinin temmuz ay\u0131n\u0131n \u00fc\u00e7\u00fcnc\u00fc haftas\u0131na kadar hesaplara aktar\u0131lmas\u0131 bekleniyor.<\/p>\n\n\n\n<p class=\"wp-block-paragraph\">Kesin \u00f6deme takviminin ise Hazine ve Maliye Bakanl\u0131\u011f\u0131 ile \u00c7al\u0131\u015fma ve Sosyal G\u00fcvenlik Bakanl\u0131\u011f\u0131 taraf\u0131ndan duyurulaca\u011f\u0131 belirtildi.<\/p>\n\n\n\n<h2 class=\"wp-block-heading\">Unvanlara G\u00f6re Zaml\u0131 Memur Maa\u015flar\u0131<\/h2>\n\n\n\n<h3 class=\"wp-block-heading\">Uzman Doktor (1\/4)<\/h3>\n\n\n\n<ul class=\"wp-block-list\">\n<li>Eski Maa\u015f: 150.426 TL<\/li>\n\n\n\n<li>Yeni Maa\u015f: 170.730 TL<\/li>\n\n\n\n<li>Art\u0131\u015f: 20.304 TL<\/li>\n\n\n\n<li>14 G\u00fcnl\u00fck Maa\u015f Fark\u0131: 9.475 TL<\/li>\n<\/ul>\n\n\n\n<h3 class=\"wp-block-heading\">Profes\u00f6r (1\/4)<\/h3>\n\n\n\n<ul class=\"wp-block-list\">\n<li>Eski Maa\u015f: 135.089 TL<\/li>\n\n\n\n<li>Yeni Maa\u015f: 153.208 TL<\/li>\n\n\n\n<li>Art\u0131\u015f: 18.119 TL<\/li>\n\n\n\n<li>14 G\u00fcnl\u00fck Maa\u015f Fark\u0131: 8.455 TL<\/li>\n<\/ul>\n\n\n\n<h3 class=\"wp-block-heading\">M\u00fchendis (1\/4)<\/h3>\n\n\n\n<ul class=\"wp-block-list\">\n<li>Eski Maa\u015f: 96.211 TL<\/li>\n\n\n\n<li>Yeni Maa\u015f: 109.185 TL<\/li>\n\n\n\n<li>Art\u0131\u015f: 12.974 TL<\/li>\n\n\n\n<li>14 G\u00fcnl\u00fck Maa\u015f Fark\u0131: 6.054 TL<\/li>\n<\/ul>\n\n\n\n<h3 class=\"wp-block-heading\">\u015eube M\u00fcd\u00fcr\u00fc (1\/4)<\/h3>\n\n\n\n<ul class=\"wp-block-list\">\n<li>Eski Maa\u015f: 94.384 TL<\/li>\n\n\n\n<li>Yeni Maa\u015f: 107.110 TL<\/li>\n\n\n\n<li>Art\u0131\u015f: 12.726 TL<\/li>\n\n\n\n<li>14 G\u00fcnl\u00fck Maa\u015f Fark\u0131: 5.938 TL<\/li>\n<\/ul>\n\n\n\n<h3 class=\"wp-block-heading\">Ara\u015ft\u0131rma G\u00f6revlisi (7\/1)<\/h3>\n\n\n\n<ul class=\"wp-block-list\">\n<li>Eski Maa\u015f: 90.568 TL<\/li>\n\n\n\n<li>Yeni Maa\u015f: 102.779 TL<\/li>\n\n\n\n<li>Art\u0131\u015f: 12.211 TL<\/li>\n\n\n\n<li>14 G\u00fcnl\u00fck Maa\u015f Fark\u0131: 5.698 TL<\/li>\n<\/ul>\n\n\n\n<h3 class=\"wp-block-heading\">Avukat (1\/4)<\/h3>\n\n\n\n<ul class=\"wp-block-list\">\n<li>Eski Maa\u015f: 90.000 TL<\/li>\n\n\n\n<li>Yeni Maa\u015f: 102.135 TL<\/li>\n\n\n\n<li>Art\u0131\u015f: 12.135 TL<\/li>\n\n\n\n<li>14 G\u00fcnl\u00fck Maa\u015f Fark\u0131: 5.663 TL<\/li>\n<\/ul>\n\n\n\n<h3 class=\"wp-block-heading\">Ba\u015fkomiser (3\/1)<\/h3>\n\n\n\n<ul class=\"wp-block-list\">\n<li>Eski Maa\u015f: 89.214 TL<\/li>\n\n\n\n<li>Yeni Maa\u015f: 101.242 TL<\/li>\n\n\n\n<li>Art\u0131\u015f: 12.028 TL<\/li>\n\n\n\n<li>14 G\u00fcnl\u00fck Maa\u015f Fark\u0131: 5.613 TL<\/li>\n<\/ul>\n\n\n\n<h3 class=\"wp-block-heading\">Uzman \u00d6\u011fretmen (1\/4)<\/h3>\n\n\n\n<ul class=\"wp-block-list\">\n<li>Eski Maa\u015f: 81.219 TL<\/li>\n\n\n\n<li>Yeni Maa\u015f: 92.166 TL<\/li>\n\n\n\n<li>Art\u0131\u015f: 10.947 TL<\/li>\n\n\n\n<li>14 G\u00fcnl\u00fck Maa\u015f Fark\u0131: 5.108 TL<\/li>\n<\/ul>\n\n\n\n<h3 class=\"wp-block-heading\">Polis Memuru (8\/1)<\/h3>\n\n\n\n<ul class=\"wp-block-list\">\n<li>Eski Maa\u015f: 81.617 TL<\/li>\n\n\n\n<li>Yeni Maa\u015f: 92.618 TL<\/li>\n\n\n\n<li>Art\u0131\u015f: 11.001 TL<\/li>\n\n\n\n<li>14 G\u00fcnl\u00fck Maa\u015f Fark\u0131: 5.133 TL<\/li>\n<\/ul>\n\n\n\n<h3 class=\"wp-block-heading\">Vaiz (1\/4)<\/h3>\n\n\n\n<ul class=\"wp-block-list\">\n<li>Eski Maa\u015f: 76.653 TL<\/li>\n\n\n\n<li>Yeni Maa\u015f: 86.983 TL<\/li>\n\n\n\n<li>Art\u0131\u015f: 10.330 TL<\/li>\n\n\n\n<li>14 G\u00fcnl\u00fck Maa\u015f Fark\u0131: 4.820 TL<\/li>\n<\/ul>\n\n\n\n<h3 class=\"wp-block-heading\">Hem\u015fire (5\/1)<\/h3>\n\n\n\n<ul class=\"wp-block-list\">\n<li>Eski Maa\u015f: 74.770 TL<\/li>\n\n\n\n<li>Yeni Maa\u015f: 84.845 TL<\/li>\n\n\n\n<li>Art\u0131\u015f: 10.075 TL<\/li>\n\n\n\n<li>14 G\u00fcnl\u00fck Maa\u015f Fark\u0131: 4.701 TL<\/li>\n<\/ul>\n\n\n\n<h3 class=\"wp-block-heading\">\u00d6\u011fretmen (1\/4)<\/h3>\n\n\n\n<ul class=\"wp-block-list\">\n<li>Eski Maa\u015f: 73.368 TL<\/li>\n\n\n\n<li>Yeni Maa\u015f: 83.254 TL<\/li>\n\n\n\n<li>Art\u0131\u015f: 9.886 TL<\/li>\n\n\n\n<li>14 G\u00fcnl\u00fck Maa\u015f Fark\u0131: 4.613 TL<\/li>\n<\/ul>\n\n\n\n<h3 class=\"wp-block-heading\">Teknisyen (11\/1)<\/h3>\n\n\n\n<ul class=\"wp-block-list\">\n<li>Eski Maa\u015f: 66.870 TL<\/li>\n\n\n\n<li>Yeni Maa\u015f: 75.877 TL<\/li>\n\n\n\n<li>Art\u0131\u015f: 9.007 TL<\/li>\n\n\n\n<li>14 G\u00fcnl\u00fck Maa\u015f Fark\u0131: 4.203 TL<\/li>\n<\/ul>\n\n\n\n<h3 class=\"wp-block-heading\">Memur (9\/1)<\/h3>\n\n\n\n<ul class=\"wp-block-list\">\n<li>Eski Maa\u015f: 64.397 TL<\/li>\n\n\n\n<li>Yeni Maa\u015f: 73.070 TL<\/li>\n\n\n\n<li>Art\u0131\u015f: 8.673 TL<\/li>\n\n\n\n<li>14 G\u00fcnl\u00fck Maa\u015f Fark\u0131: 4.047 TL<\/li>\n<\/ul>\n\n\n\n<h2 class=\"wp-block-heading\">Memur Emeklileri \u0130\u00e7in Zam Fark\u0131 \u00d6demeleri<\/h2>\n\n\n\n<p class=\"wp-block-paragraph\">4C kapsam\u0131ndaki memur emeklileri ise g\u00f6revdeki memurlar gibi 14 g\u00fcnl\u00fck maa\u015f fark\u0131 de\u011fil, do\u011frudan zam fark\u0131 alacak.<\/p>\n\n\n\n<p class=\"wp-block-paragraph\">\u00d6deme d\u00f6nemlerine g\u00f6re;<\/p>\n\n\n\n<ul class=\"wp-block-list\">\n<li>Her ay maa\u015f alanlar 1 ayl\u0131k fark,<\/li>\n\n\n\n<li>May\u0131s-Haziran-Temmuz d\u00f6nemi maa\u015f\u0131 alanlar 1 ayl\u0131k fark,<\/li>\n\n\n\n<li>Haziran-Temmuz-A\u011fustos d\u00f6nemi maa\u015f\u0131 alanlar 2 ayl\u0131k fark,<\/li>\n\n\n\n<li>Temmuz-A\u011fustos-Eyl\u00fcl d\u00f6nemi maa\u015f\u0131 alanlar ise 3 ayl\u0131k fark alacak.<\/li>\n<\/ul>\n\n\n\n<p class=\"wp-block-paragraph\">SGK taraf\u0131ndan a\u00e7\u0131klanacak \u00f6deme takviminin ard\u0131ndan fark \u00f6demelerinin temmuz ay\u0131n\u0131n son g\u00fcnlerinde hesaplara yat\u0131r\u0131lmas\u0131 bekleniyor.<\/p>\n\n\n\n<h2 class=\"wp-block-heading\">Unvanlara G\u00f6re Zaml\u0131 Memur Emeklisi Maa\u015flar\u0131<\/h2>\n\n\n\n<h3 class=\"wp-block-heading\">M\u00fcste\u015far (1\/1)<\/h3>\n\n\n\n<ul class=\"wp-block-list\">\n<li>Eski Maa\u015f: 98.784 TL<\/li>\n\n\n\n<li>Yeni Maa\u015f: 112.140 TL<\/li>\n\n\n\n<li>Fark: 13.356 TL<\/li>\n<\/ul>\n\n\n\n<h3 class=\"wp-block-heading\">Genel M\u00fcd\u00fcr (1\/1)<\/h3>\n\n\n\n<ul class=\"wp-block-list\">\n<li>Eski Maa\u015f: 87.541 TL<\/li>\n\n\n\n<li>Yeni Maa\u015f: 99.377 TL<\/li>\n\n\n\n<li>Fark: 11.836 TL<\/li>\n<\/ul>\n\n\n\n<h3 class=\"wp-block-heading\">Profes\u00f6r (1\/4)<\/h3>\n\n\n\n<ul class=\"wp-block-list\">\n<li>Eski Maa\u015f: 70.904 TL<\/li>\n\n\n\n<li>Yeni Maa\u015f: 80.490 TL<\/li>\n\n\n\n<li>Fark: 9.586 TL<\/li>\n<\/ul>\n\n\n\n<h3 class=\"wp-block-heading\">Pratisyen Hekim (1\/4)<\/h3>\n\n\n\n<ul class=\"wp-block-list\">\n<li>Eski Maa\u015f: 60.510 TL<\/li>\n\n\n\n<li>Yeni Maa\u015f: 68.691 TL<\/li>\n\n\n\n<li>Fark: 8.181 TL<\/li>\n<\/ul>\n\n\n\n<h3 class=\"wp-block-heading\">Kaymakam 1. S\u0131n\u0131f (1\/4)<\/h3>\n\n\n\n<ul class=\"wp-block-list\">\n<li>Eski Maa\u015f: 58.010 TL<\/li>\n\n\n\n<li>Yeni Maa\u015f: 65.853 TL<\/li>\n\n\n\n<li>Fark: 7.843 TL<\/li>\n<\/ul>\n\n\n\n<h3 class=\"wp-block-heading\">Ba\u015fkomiser (1\/4)<\/h3>\n\n\n\n<ul class=\"wp-block-list\">\n<li>Eski Maa\u015f: 42.175 TL<\/li>\n\n\n\n<li>Yeni Maa\u015f: 47.877 TL<\/li>\n\n\n\n<li>Fark: 5.702 TL<\/li>\n<\/ul>\n\n\n\n<h3 class=\"wp-block-heading\">M\u00fchendis (1\/4)<\/h3>\n\n\n\n<ul class=\"wp-block-list\">\n<li>Eski Maa\u015f: 42.013 TL<\/li>\n\n\n\n<li>Yeni Maa\u015f: 47.693 TL<\/li>\n\n\n\n<li>Fark: 5.680 TL<\/li>\n<\/ul>\n\n\n\n<h3 class=\"wp-block-heading\">Polis Memuru (1\/4)<\/h3>\n\n\n\n<ul class=\"wp-block-list\">\n<li>Eski Maa\u015f: 41.484 TL<\/li>\n\n\n\n<li>Yeni Maa\u015f: 47.093 TL<\/li>\n\n\n\n<li>Fark: 5.609 TL<\/li>\n<\/ul>\n\n\n\n<h3 class=\"wp-block-heading\">\u00d6\u011fretmen (1\/4)<\/h3>\n\n\n\n<ul class=\"wp-block-list\">\n<li>Eski Maa\u015f: 41.321 TL<\/li>\n\n\n\n<li>Yeni Maa\u015f: 46.908 TL<\/li>\n\n\n\n<li>Fark: 5.587 TL<\/li>\n<\/ul>\n\n\n\n<h3 class=\"wp-block-heading\">Hem\u015fire (1\/4)<\/h3>\n\n\n\n<ul class=\"wp-block-list\">\n<li>Eski Maa\u015f: 41.321 TL<\/li>\n\n\n\n<li>Yeni Maa\u015f: 46.908 TL<\/li>\n\n\n\n<li>Fark: 5.587 TL<\/li>\n<\/ul>\n\n\n\n<h3 class=\"wp-block-heading\">\u0130mam-Hatip<\/h3>\n\n\n\n<ul class=\"wp-block-list\">\n<li>Eski Maa\u015f: 41.321 TL<\/li>\n\n\n\n<li>Yeni Maa\u015f: 46.908 TL<\/li>\n\n\n\n<li>Fark: 5.587 TL<\/li>\n<\/ul>\n\n\n\n<h3 class=\"wp-block-heading\">Avukat (1\/4)<\/h3>\n\n\n\n<ul class=\"wp-block-list\">\n<li>Eski Maa\u015f: 41.321 TL<\/li>\n\n\n\n<li>Yeni Maa\u015f: 46.908 TL<\/li>\n\n\n\n<li>Fark: 5.587 TL<\/li>\n<\/ul>\n\n\n\n<h3 class=\"wp-block-heading\">\u015eube M\u00fcd\u00fcr\u00fc (1\/4)<\/h3>\n\n\n\n<ul class=\"wp-block-list\">\n<li>Eski Maa\u015f: 34.955 TL<\/li>\n\n\n\n<li>Yeni Maa\u015f: 39.681 TL<\/li>\n\n\n\n<li>Fark: 4.726 TL<\/li>\n<\/ul>\n\n\n\n<h3 class=\"wp-block-heading\">Teknisyen (1\/4)<\/h3>\n\n\n\n<ul class=\"wp-block-list\">\n<li>Eski Maa\u015f: 29.946 TL<\/li>\n\n\n\n<li>Yeni Maa\u015f: 33.995 TL<\/li>\n\n\n\n<li>Fark: 4.049 TL<\/li>\n<\/ul>\n\n\n\n<h3 class=\"wp-block-heading\">Memur (1\/4)<\/h3>\n\n\n\n<ul class=\"wp-block-list\">\n<li>Eski Maa\u015f: 27.584 TL<\/li>\n\n\n\n<li>Yeni Maa\u015f: 31.313 TL<\/li>\n\n\n\n<li>Fark: 3.729 TL<\/li>\n<\/ul>\n\n\n\n<p class=\"wp-block-paragraph\">Memur ve memur emeklilerinin zaml\u0131 maa\u015flar\u0131 hesaplara yat\u0131r\u0131lmaya ba\u015flan\u0131rken, maa\u015f farklar\u0131na ili\u015fkin resmi \u00f6deme takviminin \u00f6n\u00fcm\u00fczdeki g\u00fcnlerde SGK ve ilgili bakanl\u0131klar taraf\u0131ndan a\u00e7\u0131klanmas\u0131 bekleniyor.<\/p>\n\n\n\n<p class=\"wp-block-paragraph\">&#x1f449; T\u00fcrkiye g\u00fcndeminden en g\u00fcncel haberler i\u00e7in;<\/p>\n\n\n\n<p class=\"wp-block-paragraph\">&#x1f310; <a href=\"http:\/\/www.gundem59.com.tr\/\">www.gundem59.com.tr<\/a><\/p>\n\n\n\n<p class=\"wp-block-paragraph\">&#x1f310; <a href=\"http:\/\/www.turkiyemhaber.com\/\">www.turkiyemhaber.com<\/a><\/p>\n\n\n\n<p class=\"wp-block-paragraph\">&#x1f310; <a href=\"http:\/\/www.gundem44.com.tr\/\">www.gundem44.com.tr<\/a><\/p>\n\n\n\n<p class=\"wp-block-paragraph\">&#x1f310; <a href=\"http:\/\/www.gundem34haber.com.tr\/\">www.gundem34haber.com.tr<\/a><\/p>\n\n\n\n<p class=\"wp-block-paragraph\">&#x1f310; <a href=\"http:\/\/www.saray59.com.tr\/\">www.saray59.com.tr<\/a><\/p>\n\n\n\n<p class=\"wp-block-paragraph\">&#x1f4fa; <a href=\"http:\/\/www.turkiyemhabertv.com\/\">www.turkiyemhabertv.com<\/a><\/p>\n\n\n\n<p class=\"wp-block-paragraph\">&#x1f4fb; <a href=\"http:\/\/www.turkiyemradyo.com\/\">www.turkiyemradyo.com<\/a><\/p>\n\n\n\n<p class=\"wp-block-paragraph\">&#x1f4f1; @gundem59__<\/p>\n\n\n\n<p class=\"wp-block-paragraph\">&#x1f4f1; @turkiyemhaber_tr<\/p>\n\n\n\n<p class=\"wp-block-paragraph\">#SonDakika #Memur #MemurMaa\u015f\u0131 #Maa\u015fZamm\u0131 #Emekli #MemurEmeklisi #\u00d6\u011fretmen #Polis #Doktor #Vaiz #Hem\u015fire #T\u00dc\u0130K #Enflasyon #SGK #Ekonomi #G\u00fcndem #T\u00fcrkiye #G\u00fcncelHaber #Gundem59 #TurkiyemHaber #Gundem44 #Gundem34Haber #Saray59 #TurkiyemHaberTV #TurkiyemRadyo<\/p>\n","protected":false},"excerpt":{"rendered":"<p>T\u00fcrkiye \u0130statistik Kurumu&#8217;nun (T\u00dc\u0130K) haziran ay\u0131 enflasyon verilerini a\u00e7\u0131klamas\u0131yla birlikte milyonlarca memur ve memur emeklisinin<\/p>\n","protected":false},"author":1,"featured_media":3921,"comment_status":"open","ping_status":"open","sticky":false,"template":"","format":"standard","meta":{"_rtcl_gb_attr":"","footnotes":""},"categories":[14],"tags":[],"class_list":["post-3920","post","type-post","status-publish","format-standard","has-post-thumbnail","hentry","category-ekonomi"],"_links":{"self":[{"href":"https:\/\/turkiyemhaber.com\/index.php?rest_route=\/wp\/v2\/posts\/3920","targetHints":{"allow":["GET"]}}],"collection":[{"href":"https:\/\/turkiyemhaber.com\/index.php?rest_route=\/wp\/v2\/posts"}],"about":[{"href":"https:\/\/turkiyemhaber.com\/index.php?rest_route=\/wp\/v2\/types\/post"}],"author":[{"embeddable":true,"href":"https:\/\/turkiyemhaber.com\/index.php?rest_route=\/wp\/v2\/users\/1"}],"replies":[{"embeddable":true,"href":"https:\/\/turkiyemhaber.com\/index.php?rest_route=%2Fwp%2Fv2%2Fcomments&post=3920"}],"version-history":[{"count":1,"href":"https:\/\/turkiyemhaber.com\/index.php?rest_route=\/wp\/v2\/posts\/3920\/revisions"}],"predecessor-version":[{"id":3922,"href":"https:\/\/turkiyemhaber.com\/index.php?rest_route=\/wp\/v2\/posts\/3920\/revisions\/3922"}],"wp:featuredmedia":[{"embeddable":true,"href":"https:\/\/turkiyemhaber.com\/index.php?rest_route=\/wp\/v2\/media\/3921"}],"wp:attachment":[{"href":"https:\/\/turkiyemhaber.com\/index.php?rest_route=%2Fwp%2Fv2%2Fmedia&parent=3920"}],"wp:term":[{"taxonomy":"category","embeddable":true,"href":"https:\/\/turkiyemhaber.com\/index.php?rest_route=%2Fwp%2Fv2%2Fcategories&post=3920"},{"taxonomy":"post_tag","embeddable":true,"href":"https:\/\/turkiyemhaber.com\/index.php?rest_route=%2Fwp%2Fv2%2Ftags&post=3920"}],"curies":[{"name":"wp","href":"https:\/\/api.w.org\/{rel}","templated":true}]}}