{"id":3916,"date":"2026-07-15T14:11:44","date_gmt":"2026-07-15T14:11:44","guid":{"rendered":"https:\/\/turkiyemhaber.com\/?p=3916"},"modified":"2026-07-15T14:11:48","modified_gmt":"2026-07-15T14:11:48","slug":"akaryakita-okkali-cifte-zam-geliyor-tarih-ve-rakamlar-belli-oldu","status":"publish","type":"post","link":"https:\/\/turkiyemhaber.com\/?p=3916","title":{"rendered":"Akaryak\u0131ta Okkal\u0131 \u00c7ifte Zam Geliyor! Tarih ve Rakamlar Belli Oldu"},"content":{"rendered":"\n<p class=\"wp-block-paragraph\">Akaryak\u0131t fiyatlar\u0131nda s\u00fcr\u00fcc\u00fcleri \u00fczecek yeni bir zam dalgas\u0131 kap\u0131da. Bug\u00fcn benzine yap\u0131lan 1,55 TL&#8217;lik art\u0131\u015f\u0131n ard\u0131ndan sekt\u00f6r kaynaklar\u0131ndan gelen bilgiler, cuma g\u00fcn\u00fcnden itibaren motorin ve benzinde yeni fiyat art\u0131\u015flar\u0131n\u0131n uygulanaca\u011f\u0131n\u0131 g\u00f6steriyor.<\/p>\n\n\n\n<p class=\"wp-block-paragraph\">K\u00fcresel enerji piyasalar\u0131nda ya\u015fanan geli\u015fmeler, d\u00f6viz kurundaki hareketlilik ve Orta Do\u011fu&#8217;da yeniden y\u00fckselen jeopolitik riskler nedeniyle akaryak\u0131t fiyatlar\u0131nda yukar\u0131 y\u00f6nl\u00fc bask\u0131 s\u00fcr\u00fcyor.<\/p>\n\n\n\n<h2 class=\"wp-block-heading\">Benzine Zam Geldi, Yenileri Yolda<\/h2>\n\n\n\n<p class=\"wp-block-paragraph\">15 Temmuz itibar\u0131yla benzinin litre fiyat\u0131na 1,55 TL zam yans\u0131rken, sekt\u00f6r temsilcileri yeni bir fiyat g\u00fcncellemesinin daha g\u00fcndemde oldu\u011funu belirtiyor.<\/p>\n\n\n\n<p class=\"wp-block-paragraph\">Edinilen bilgilere g\u00f6re cuma g\u00fcn\u00fcnden itibaren ge\u00e7erli olmak \u00fczere:<\/p>\n\n\n\n<ul class=\"wp-block-list\">\n<li>Motorinin litre fiyat\u0131na yakla\u015f\u0131k <strong>3,90 TL<\/strong><\/li>\n\n\n\n<li>Benzinin litre fiyat\u0131na ise yakla\u015f\u0131k <strong>1,00 TL<\/strong><\/li>\n<\/ul>\n\n\n\n<p class=\"wp-block-paragraph\">zam yap\u0131lmas\u0131 bekleniyor.<\/p>\n\n\n\n<p class=\"wp-block-paragraph\">Ger\u00e7ekle\u015fmesi halinde s\u00f6z konusu art\u0131\u015flar son d\u00f6nemin en y\u00fcksek akaryak\u0131t zamlar\u0131ndan biri olarak kay\u0131tlara ge\u00e7ecek.<\/p>\n\n\n\n<h2 class=\"wp-block-heading\">H\u00fcrm\u00fcz Bo\u011faz\u0131&#8217;ndaki Geli\u015fmeler Fiyatlar\u0131 Etkiliyor<\/h2>\n\n\n\n<p class=\"wp-block-paragraph\">Akaryak\u0131ttaki y\u00fckseli\u015fin temel nedenleri aras\u0131nda k\u00fcresel petrol piyasalar\u0131nda ya\u015fanan geli\u015fmeler yer al\u0131yor.<\/p>\n\n\n\n<p class=\"wp-block-paragraph\">ABD ile \u0130ran aras\u0131nda sona eren ate\u015fkes sonras\u0131 Orta Do\u011fu&#8217;da yeniden artan gerilim, petrol fiyatlar\u0131n\u0131n y\u00fckselmesine neden oldu. Uzmanlar, d\u00fcnyan\u0131n en \u00f6nemli enerji ge\u00e7i\u015f noktalar\u0131ndan biri olan H\u00fcrm\u00fcz Bo\u011faz\u0131&#8217;nda ya\u015fanan aksakl\u0131klar\u0131n da k\u00fcresel petrol arz\u0131na ili\u015fkin endi\u015feleri art\u0131rd\u0131\u011f\u0131n\u0131 belirtiyor.<\/p>\n\n\n\n<p class=\"wp-block-paragraph\">Petrol sevkiyat\u0131nda ya\u015fanabilecek olas\u0131 gecikmeler ve arz sorunlar\u0131 nedeniyle uluslararas\u0131 piyasalarda ham petrol fiyatlar\u0131 son bir ay\u0131n en y\u00fcksek seviyelerine ula\u015ft\u0131.<\/p>\n\n\n\n<h2 class=\"wp-block-heading\">D\u00f6viz Kuru da Bask\u0131 Olu\u015fturuyor<\/h2>\n\n\n\n<p class=\"wp-block-paragraph\">K\u00fcresel geli\u015fmelerin yan\u0131 s\u0131ra d\u00f6viz kurundaki hareketlilik de akaryak\u0131t fiyatlar\u0131n\u0131 do\u011frudan etkiliyor.<\/p>\n\n\n\n<p class=\"wp-block-paragraph\">T\u00fcrkiye&#8217;de akaryak\u0131t \u00fcr\u00fcnlerinin fiyatland\u0131r\u0131lmas\u0131nda uluslararas\u0131 \u00fcr\u00fcn fiyatlar\u0131 ve d\u00f6viz kuru belirleyici rol oynarken, petrol fiyatlar\u0131ndaki y\u00fckseli\u015f ile kurdaki dalgalanmalar pompaya zam olarak yans\u0131yor.<\/p>\n\n\n\n<h2 class=\"wp-block-heading\">S\u00fcr\u00fcc\u00fcleri Zorlayacak Yeni D\u00f6nem<\/h2>\n\n\n\n<p class=\"wp-block-paragraph\">Beklenen zamlar\u0131n y\u00fcr\u00fcrl\u00fc\u011fe girmesi halinde \u00f6zellikle motorin kullanan ticari ara\u00e7 sahipleri ve ta\u015f\u0131mac\u0131l\u0131k sekt\u00f6r\u00fc \u00f6nemli \u00f6l\u00e7\u00fcde etkilenecek. Uzmanlar, akaryak\u0131t maliyetlerindeki y\u00fckseli\u015fin bir\u00e7ok \u00fcr\u00fcn ve hizmet kalemine de dolayl\u0131 olarak yans\u0131yabilece\u011fine dikkat \u00e7ekiyor.<\/p>\n\n\n\n<p class=\"wp-block-paragraph\">Cuma g\u00fcn\u00fc itibar\u0131yla uygulanmas\u0131 beklenen fiyat art\u0131\u015flar\u0131yla birlikte akaryak\u0131t istasyonlar\u0131ndaki tabelalar\u0131n bir kez daha de\u011fi\u015fmesi bekleniyor.<\/p>\n\n\n\n<p class=\"wp-block-paragraph\">&#x1f449; T\u00fcrkiye g\u00fcndeminden en g\u00fcncel haberler i\u00e7in;<\/p>\n\n\n\n<p class=\"wp-block-paragraph\">&#x1f310; <a href=\"http:\/\/www.gundem59.com.tr\/\">www.gundem59.com.tr<\/a><\/p>\n\n\n\n<p class=\"wp-block-paragraph\">&#x1f310; <a href=\"http:\/\/www.turkiyemhaber.com\/\">www.turkiyemhaber.com<\/a><\/p>\n\n\n\n<p class=\"wp-block-paragraph\">&#x1f310; <a href=\"http:\/\/www.gundem44.com.tr\/\">www.gundem44.com.tr<\/a><\/p>\n\n\n\n<p class=\"wp-block-paragraph\">&#x1f310; <a href=\"http:\/\/www.gundem34haber.com.tr\/\">www.gundem34haber.com.tr<\/a><\/p>\n\n\n\n<p class=\"wp-block-paragraph\">&#x1f310; <a href=\"http:\/\/www.saray59.com.tr\/\">www.saray59.com.tr<\/a><\/p>\n\n\n\n<p class=\"wp-block-paragraph\">&#x1f4fa; <a href=\"http:\/\/www.turkiyemhabertv.com\/\">www.turkiyemhabertv.com<\/a><\/p>\n\n\n\n<p class=\"wp-block-paragraph\">&#x1f4fb; <a href=\"http:\/\/www.turkiyemradyo.com\/\">www.turkiyemradyo.com<\/a><\/p>\n\n\n\n<p class=\"wp-block-paragraph\">&#x1f4f1; @gundem59__<\/p>\n\n\n\n<p class=\"wp-block-paragraph\">&#x1f4f1; @turkiyemhaber_tr<\/p>\n\n\n\n<p class=\"wp-block-paragraph\">#SonDakika #Akaryak\u0131t #Benzin #Motorin #Mazot #Zam #Akaryak\u0131tZamm\u0131 #Petrol #BrentPetrol #H\u00fcrm\u00fczBo\u011faz\u0131 #OrtaDo\u011fu #Ekonomi #D\u00f6vizKuru #Enerji #Ara\u00e7Sahipleri #Ula\u015f\u0131m #T\u00fcrkiye #G\u00fcndem #G\u00fcncelHaber #EkonomiHaberleri #Gundem59 #TurkiyemHaber #Gundem44 #Gundem34Haber #Saray59 #TurkiyemHaberTV #TurkiyemRadyo<\/p>\n","protected":false},"excerpt":{"rendered":"<p>Akaryak\u0131t fiyatlar\u0131nda s\u00fcr\u00fcc\u00fcleri \u00fczecek yeni bir zam dalgas\u0131 kap\u0131da. Bug\u00fcn benzine yap\u0131lan 1,55 TL&#8217;lik art\u0131\u015f\u0131n<\/p>\n","protected":false},"author":1,"featured_media":3917,"comment_status":"open","ping_status":"open","sticky":false,"template":"","format":"standard","meta":{"_rtcl_gb_attr":"","footnotes":""},"categories":[14],"tags":[],"class_list":["post-3916","post","type-post","status-publish","format-standard","has-post-thumbnail","hentry","category-ekonomi"],"_links":{"self":[{"href":"https:\/\/turkiyemhaber.com\/index.php?rest_route=\/wp\/v2\/posts\/3916","targetHints":{"allow":["GET"]}}],"collection":[{"href":"https:\/\/turkiyemhaber.com\/index.php?rest_route=\/wp\/v2\/posts"}],"about":[{"href":"https:\/\/turkiyemhaber.com\/index.php?rest_route=\/wp\/v2\/types\/post"}],"author":[{"embeddable":true,"href":"https:\/\/turkiyemhaber.com\/index.php?rest_route=\/wp\/v2\/users\/1"}],"replies":[{"embeddable":true,"href":"https:\/\/turkiyemhaber.com\/index.php?rest_route=%2Fwp%2Fv2%2Fcomments&post=3916"}],"version-history":[{"count":1,"href":"https:\/\/turkiyemhaber.com\/index.php?rest_route=\/wp\/v2\/posts\/3916\/revisions"}],"predecessor-version":[{"id":3918,"href":"https:\/\/turkiyemhaber.com\/index.php?rest_route=\/wp\/v2\/posts\/3916\/revisions\/3918"}],"wp:featuredmedia":[{"embeddable":true,"href":"https:\/\/turkiyemhaber.com\/index.php?rest_route=\/wp\/v2\/media\/3917"}],"wp:attachment":[{"href":"https:\/\/turkiyemhaber.com\/index.php?rest_route=%2Fwp%2Fv2%2Fmedia&parent=3916"}],"wp:term":[{"taxonomy":"category","embeddable":true,"href":"https:\/\/turkiyemhaber.com\/index.php?rest_route=%2Fwp%2Fv2%2Fcategories&post=3916"},{"taxonomy":"post_tag","embeddable":true,"href":"https:\/\/turkiyemhaber.com\/index.php?rest_route=%2Fwp%2Fv2%2Ftags&post=3916"}],"curies":[{"name":"wp","href":"https:\/\/api.w.org\/{rel}","templated":true}]}}