{"id":3913,"date":"2026-07-15T14:08:11","date_gmt":"2026-07-15T14:08:11","guid":{"rendered":"https:\/\/turkiyemhaber.com\/?p=3913"},"modified":"2026-07-15T14:08:17","modified_gmt":"2026-07-15T14:08:17","slug":"ahbapta-ne-kadar-yardim-parasi-toplandi-haluk-leventin-ifadesindeki-rakam-dikkat-cekti","status":"publish","type":"post","link":"https:\/\/turkiyemhaber.com\/?p=3913","title":{"rendered":"AHBAP&#8217;ta Ne Kadar Yard\u0131m Paras\u0131 Topland\u0131? Haluk Levent&#8217;in \u0130fadesindeki Rakam Dikkat \u00c7ekti"},"content":{"rendered":"\n<p class=\"wp-block-paragraph\">\u0130stanbul Cumhuriyet Ba\u015fsavc\u0131l\u0131\u011f\u0131 taraf\u0131ndan Ahbap Derne\u011fi&#8217;ne y\u00f6nelik y\u00fcr\u00fct\u00fclen soru\u015fturma kapsam\u0131nda g\u00f6zalt\u0131na al\u0131nan Ahbap Derne\u011fi Ba\u015fkan\u0131 Haluk Levent&#8217;in emniyette verdi\u011fi ifade ortaya \u00e7\u0131kt\u0131. Levent, \u00f6zellikle 6 \u015eubat depremleri sonras\u0131nda Ahbap Derne\u011fi hesaplar\u0131nda toplanan yard\u0131m miktar\u0131, bu paralar\u0131n kullan\u0131m alanlar\u0131, derne\u011fin mali yap\u0131s\u0131 ve soru\u015fturman\u0131n merkezindeki para hareketlerine ili\u015fkin kapsaml\u0131 a\u00e7\u0131klamalarda bulundu.<\/p>\n\n\n\n<h2 class=\"wp-block-heading\">23 \u015e\u00fcpheli Adliyeye Sevk Edildi<\/h2>\n\n\n\n<p class=\"wp-block-paragraph\">\u0130stanbul Emniyet M\u00fcd\u00fcrl\u00fc\u011f\u00fc Mali Su\u00e7larla M\u00fccadele \u015eube M\u00fcd\u00fcrl\u00fc\u011f\u00fc ekipleri taraf\u0131ndan y\u00fcr\u00fct\u00fclen operasyon kapsam\u0131nda g\u00f6zalt\u0131na al\u0131nan 24 \u015f\u00fcpheliden 23&#8217;\u00fc emniyetteki i\u015flemlerinin tamamlanmas\u0131n\u0131n ard\u0131ndan sa\u011fl\u0131k kontrol\u00fcnden ge\u00e7irilerek \u00c7a\u011flayan&#8217;daki \u0130stanbul Adalet Saray\u0131&#8217;na sevk edildi.<\/p>\n\n\n\n<p class=\"wp-block-paragraph\">\u015e\u00fcpheliler aras\u0131nda Ahbap Derne\u011fi Ba\u015fkan\u0131 Haluk Levent de yer ald\u0131. Bir \u015f\u00fcphelinin ise emniyetteki i\u015flemlerinin ard\u0131ndan serbest b\u0131rak\u0131ld\u0131\u011f\u0131 \u00f6\u011frenildi.<\/p>\n\n\n\n<h2 class=\"wp-block-heading\">&#8220;2023 Deprem D\u00f6neminde Yakla\u015f\u0131k 4 Milyar 300 Milyon TL Yard\u0131m Geldi&#8221;<\/h2>\n\n\n\n<p class=\"wp-block-paragraph\">Haluk Levent, emniyet ifadesinde Ahbap Derne\u011fi&#8217;nin deprem d\u00f6neminde toplad\u0131\u011f\u0131 yard\u0131mlar hakk\u0131nda bilgi verdi.<\/p>\n\n\n\n<p class=\"wp-block-paragraph\">Levent, deprem s\u00fcrecinde dernek hesaplar\u0131na yakla\u015f\u0131k 4 milyar 300 milyon TL yard\u0131m ula\u015ft\u0131\u011f\u0131n\u0131 belirterek \u015fu ifadeleri kulland\u0131:<\/p>\n\n\n\n<blockquote class=\"wp-block-quote is-layout-flow wp-block-quote-is-layout-flow\">\n<p class=\"wp-block-paragraph\">&#8220;Detaylar\u0131 Twitter (@haluklevent) ve Instagram (@haluklevent) hesaplar\u0131mdan canl\u0131 yay\u0131nlarla a\u00e7\u0131klad\u0131m. Tahmin ediyorum ki 2023 y\u0131l\u0131 deprem d\u00f6nemi i\u00e7in yakla\u015f\u0131k 4 milyar 300 milyon TL yard\u0131m geldi. Rakamlarda k\u00fc\u00e7\u00fck farkl\u0131l\u0131klar olabilir, net bilgiyi muhasebe kay\u0131tlar\u0131 verir. Bu paran\u0131n yakla\u015f\u0131k 4 milyar liral\u0131k k\u0131sm\u0131n\u0131n ayn\u0131 y\u0131l i\u00e7erisinde harcand\u0131\u011f\u0131n\u0131 belgeleriyle a\u00e7\u0131klam\u0131\u015ft\u0131k.&#8221;<\/p>\n<\/blockquote>\n\n\n\n<h2 class=\"wp-block-heading\">&#8220;T\u00fcm Faturalar \u0130\u00e7i\u015fleri Bakanl\u0131\u011f\u0131 ve Valiliklerde Kay\u0131tl\u0131&#8221;<\/h2>\n\n\n\n<p class=\"wp-block-paragraph\">Toplanan yard\u0131m paralar\u0131n\u0131n denetim alt\u0131nda kullan\u0131ld\u0131\u011f\u0131n\u0131 savunan Levent, t\u00fcm harcamalar\u0131n resmi kurumlar taraf\u0131ndan incelendi\u011fini s\u00f6yledi.<\/p>\n\n\n\n<p class=\"wp-block-paragraph\">\u0130fadesinde \u015fu a\u00e7\u0131klamalara yer verdi:<\/p>\n\n\n\n<blockquote class=\"wp-block-quote is-layout-flow wp-block-quote-is-layout-flow\">\n<p class=\"wp-block-paragraph\">&#8220;T\u00fcm faturalar 2023 mali denetimi kapsam\u0131nda \u0130\u00e7i\u015fleri Bakanl\u0131\u011f\u0131 Dernekler Masas\u0131&#8217;nda mevcuttur. Ayr\u0131ca 2024 ve 2025 y\u0131llar\u0131na ait mali denetim raporlar\u0131 da yine \u0130\u00e7i\u015fleri Bakanl\u0131\u011f\u0131 kay\u0131tlar\u0131nda bulunmaktad\u0131r. Gelen yard\u0131m paralar\u0131n\u0131n neredeyse tamam\u0131 iki y\u0131l i\u00e7erisinde deprem b\u00f6lgesindeki faaliyetlerde kullan\u0131lm\u0131\u015ft\u0131r. Ka\u00e7ak g\u00f6\u00e7ek olmas\u0131n diye b\u00fct\u00fcn faturalar ve teslim tesell\u00fcm belgeleri Kahramanmara\u015f, Malatya, Gaziantep, Hatay, Osmaniye ve Adana Valiliklerine teslim edilmi\u015ftir.&#8221;<\/p>\n<\/blockquote>\n\n\n\n<h2 class=\"wp-block-heading\">&#8220;Yeliz Kaya&#8217;n\u0131n Hesaplar\u0131n\u0131 Ben Y\u00f6netiyorum&#8221;<\/h2>\n\n\n\n<p class=\"wp-block-paragraph\">Haluk Levent ifadesinde, soru\u015fturma dosyas\u0131nda ad\u0131 ge\u00e7en Yeliz Kaya&#8217;n\u0131n banka hesaplar\u0131yla ilgili de a\u00e7\u0131klama yapt\u0131.<\/p>\n\n\n\n<p class=\"wp-block-paragraph\">Levent, \u015fu ifadeleri kulland\u0131:<\/p>\n\n\n\n<blockquote class=\"wp-block-quote is-layout-flow wp-block-quote-is-layout-flow\">\n<p class=\"wp-block-paragraph\">&#8220;Yeliz Kaya ad\u0131na kay\u0131tl\u0131 Vak\u0131fBank ve Halkbank hesaplar\u0131n\u0131 ben y\u00f6netmekteyim. Konserlerden elde etti\u011fim gelirler bu hesaplara yat\u0131r\u0131l\u0131r ve bu paralar\u0131 ben kullan\u0131r\u0131m. Kendi ad\u0131ma aktif banka hesab\u0131 kullanm\u0131yorum.&#8221;<\/p>\n<\/blockquote>\n\n\n\n<p class=\"wp-block-paragraph\">Ayr\u0131ca Zafer Yay ad\u0131na a\u00e7\u0131lm\u0131\u015f baz\u0131 yat\u0131r\u0131m hesaplar\u0131nda da i\u015flem yapt\u0131\u011f\u0131n\u0131 belirten Levent, kendi ad\u0131na aktif kredi kart\u0131 kullanmad\u0131\u011f\u0131n\u0131 s\u00f6yledi.<\/p>\n\n\n\n<h2 class=\"wp-block-heading\">&#8220;Ahbap&#8217;ta \u00c7ek D\u00fczenleme Yetkisi Bana Ait&#8221;<\/h2>\n\n\n\n<p class=\"wp-block-paragraph\">Ahbap Derne\u011fi&#8217;nin kurulu\u015fundan bu yana ba\u015fkanl\u0131\u011f\u0131n\u0131 y\u00fcr\u00fctt\u00fc\u011f\u00fcn\u00fc belirten Haluk Levent, dernek ad\u0131na \u00e7ek d\u00fczenleme yetkisinin kendisinde oldu\u011funu ifade etti.<\/p>\n\n\n\n<p class=\"wp-block-paragraph\">Levent, Ahbap \u0130ktisadi \u0130\u015fletmesi ad\u0131na Vak\u0131fBank&#8217;ta \u00e7ek karnesi bulundu\u011funu, zaman zaman lojistik faaliyetler i\u00e7in \u00e7ek kulland\u0131\u011f\u0131n\u0131, baz\u0131 durumlarda \u00e7eklerin teminat amac\u0131yla da de\u011ferlendirildi\u011fini anlatt\u0131.<\/p>\n\n\n\n<h2 class=\"wp-block-heading\">&#8220;20 Daireyi Ahbap&#8217;a Devretmek \u0130stedim&#8221;<\/h2>\n\n\n\n<p class=\"wp-block-paragraph\">\u0130fadesinin \u00f6nemli b\u00f6l\u00fcmlerinden birinde Levent, soru\u015fturman\u0131n merkezindeki ta\u015f\u0131nmaz i\u015flemlerine ili\u015fkin a\u00e7\u0131klamalarda bulundu.<\/p>\n\n\n\n<p class=\"wp-block-paragraph\">Levent&#8217;e g\u00f6re, g\u00fcncel de\u011feri yakla\u015f\u0131k 150 milyon TL olan 20 ta\u015f\u0131nmaz\u0131 Ahbap Derne\u011fi&#8217;ne 80 milyon TL kar\u015f\u0131l\u0131\u011f\u0131nda devretmek i\u00e7in giri\u015fim ba\u015flat\u0131ld\u0131.<\/p>\n\n\n\n<p class=\"wp-block-paragraph\">Bu i\u015flem i\u00e7in dernek y\u00f6netim kurulu karar\u0131 al\u0131nd\u0131\u011f\u0131n\u0131 belirten Levent, \u00c7erkezk\u00f6y Tapu M\u00fcd\u00fcrl\u00fc\u011f\u00fc&#8217;nde i\u015flemlerin tamamlanamad\u0131\u011f\u0131n\u0131 \u00f6ne s\u00fcrd\u00fc.<\/p>\n\n\n\n<h2 class=\"wp-block-heading\">&#8220;Operasyon Bir G\u00fcn Sonra Olsayd\u0131 Bu Tablo Ya\u015fanmayacakt\u0131&#8221;<\/h2>\n\n\n\n<p class=\"wp-block-paragraph\">Levent, soru\u015fturma operasyonunun zamanlamas\u0131na ili\u015fkin de dikkat \u00e7ekici iddialarda bulundu.<\/p>\n\n\n\n<p class=\"wp-block-paragraph\">\u0130fadesinde \u015fu de\u011ferlendirmeyi yapt\u0131:<\/p>\n\n\n\n<blockquote class=\"wp-block-quote is-layout-flow wp-block-quote-is-layout-flow\">\n<p class=\"wp-block-paragraph\">&#8220;E\u011fer operasyon bir g\u00fcn daha ge\u00e7 yap\u0131lsayd\u0131 Yeliz Kaya hesab\u0131na gelen 80 milyon liral\u0131k para ta\u015f\u0131nmaz devriyle kapanacakt\u0131. O zaman bug\u00fcn soru\u015fturma konusu yap\u0131lan para hareketleri farkl\u0131 \u015fekilde de\u011ferlendirilecekti. Operasyonun bilin\u00e7li \u015fekilde erken yap\u0131ld\u0131\u011f\u0131n\u0131 d\u00fc\u015f\u00fcn\u00fcyorum.&#8221;<\/p>\n<\/blockquote>\n\n\n\n<h2 class=\"wp-block-heading\">&#8220;Usuls\u00fczl\u00fck Vard\u0131r Ama Yolsuzluk Yoktur&#8221;<\/h2>\n\n\n\n<p class=\"wp-block-paragraph\">Haluk Levent, mali i\u015flemlerinde hatalar bulundu\u011funu kabul ederken, herhangi bir yolsuzluk yapmad\u0131\u011f\u0131n\u0131 savundu.<\/p>\n\n\n\n<p class=\"wp-block-paragraph\">\u0130fadesinde \u015fu s\u00f6zlere yer verdi:<\/p>\n\n\n\n<blockquote class=\"wp-block-quote is-layout-flow wp-block-quote-is-layout-flow\">\n<p class=\"wp-block-paragraph\">&#8220;Haluk Levent olarak ne kendimi ne \u00e7evremi ne de i\u015flerimi do\u011fru d\u00fcr\u00fcst y\u00f6netemedim. Ahbap \u00e7eklerini ve senetlerini baz\u0131 yerlerde teminat olarak kulland\u0131m. Y\u00fcksek miktarda bor\u00e7land\u0131m. Bunun ad\u0131na usuls\u00fczl\u00fck diyebilirsiniz ama yolsuzluk diyemezsiniz.&#8221;<\/p>\n<\/blockquote>\n\n\n\n<h2 class=\"wp-block-heading\">&#8220;Borsada \u0130\u015flem Yapmak Gibi Bir Zaaf\u0131m Var&#8221;<\/h2>\n\n\n\n<p class=\"wp-block-paragraph\">Levent, ya\u015fad\u0131\u011f\u0131 mali s\u0131k\u0131nt\u0131lar\u0131n nedenlerinden biri olarak borsadaki yat\u0131r\u0131mlar\u0131n\u0131 g\u00f6sterdi.<\/p>\n\n\n\n<p class=\"wp-block-paragraph\">Deprem sonras\u0131nda olu\u015fan ekonomik y\u00fck nedeniyle daha fazla risk ald\u0131\u011f\u0131n\u0131 belirten Levent \u015fu ifadeleri kulland\u0131:<\/p>\n\n\n\n<blockquote class=\"wp-block-quote is-layout-flow wp-block-quote-is-layout-flow\">\n<p class=\"wp-block-paragraph\">&#8220;Borsada i\u015flem yapmak gibi k\u00f6t\u00fc bir zaaf\u0131m var. Deprem d\u00f6neminde \u00fczerimde olu\u015fan mali y\u00fck nedeniyle daha fazla risk ald\u0131m. Ancak Ahbap Derne\u011fi&#8217;nin yard\u0131m paralar\u0131n\u0131 hi\u00e7bir zaman borsada kullanmad\u0131m.&#8221;<\/p>\n<\/blockquote>\n\n\n\n<h2 class=\"wp-block-heading\">&#8220;Ahbap&#8217;\u0131n T\u00fcm Faaliyetleri Denetlendi&#8221;<\/h2>\n\n\n\n<p class=\"wp-block-paragraph\">Levent, derne\u011fin 2023, 2024 ve 2025 y\u0131llar\u0131ndaki faaliyetlerinin \u0130\u00e7i\u015fleri Bakanl\u0131\u011f\u0131 m\u00fcfetti\u015fleri taraf\u0131ndan denetlendi\u011fini belirterek, yard\u0131m paralar\u0131nda herhangi bir usuls\u00fczl\u00fck tespit edilmedi\u011fini savundu.<\/p>\n\n\n\n<blockquote class=\"wp-block-quote is-layout-flow wp-block-quote-is-layout-flow\">\n<p class=\"wp-block-paragraph\">&#8220;Vatanda\u015flar\u0131n ba\u011f\u0131\u015flar\u0131yla olu\u015fan Ahbap fonlar\u0131 y\u0131llard\u0131r denetlendi. M\u00fcfetti\u015f raporlar\u0131nda herhangi bir olumsuzluk bulunmad\u0131. Bu raporlar resmi kay\u0131tlarda mevcuttur.&#8221;<\/p>\n<\/blockquote>\n\n\n\n<h2 class=\"wp-block-heading\">H\u00fcseyin Ba\u015faran \u0130ddias\u0131na Yan\u0131t Verdi<\/h2>\n\n\n\n<p class=\"wp-block-paragraph\">Soru\u015fturman\u0131n ba\u015flamas\u0131na neden olan \u015fik\u00e2yetlerden biri olan i\u015f insan\u0131 H\u00fcseyin Ba\u015faran&#8217;\u0131n iddialar\u0131na da de\u011finen Haluk Levent, ortada doland\u0131r\u0131c\u0131l\u0131k olmad\u0131\u011f\u0131n\u0131 \u00f6ne s\u00fcrd\u00fc.<\/p>\n\n\n\n<p class=\"wp-block-paragraph\">Levent \u015fu a\u00e7\u0131klamay\u0131 yapt\u0131:<\/p>\n\n\n\n<blockquote class=\"wp-block-quote is-layout-flow wp-block-quote-is-layout-flow\">\n<p class=\"wp-block-paragraph\">&#8220;H\u00fcseyin Ba\u015faran ile aram\u0131zdaki konu bir alacak-verecek ve gayrimenkul anla\u015fmazl\u0131\u011f\u0131d\u0131r. Herhangi bir doland\u0131r\u0131c\u0131l\u0131k s\u00f6z konusu de\u011fildir. Bu konunun hukuki uyu\u015fmazl\u0131k kapsam\u0131nda de\u011ferlendirilmesi gerekti\u011fini d\u00fc\u015f\u00fcn\u00fcyorum.&#8221;<\/p>\n<\/blockquote>\n\n\n\n<h2 class=\"wp-block-heading\">Soru\u015fturman\u0131n Dayana\u011f\u0131<\/h2>\n\n\n\n<p class=\"wp-block-paragraph\">Savc\u0131l\u0131k soru\u015fturmas\u0131nda MASAK raporlar\u0131, banka hareketleri, teknik takip kay\u0131tlar\u0131 ve mali inceleme raporlar\u0131n\u0131n de\u011ferlendirildi\u011fi belirtildi.<\/p>\n\n\n\n<p class=\"wp-block-paragraph\">Soru\u015fturma dosyas\u0131nda;<\/p>\n\n\n\n<ul class=\"wp-block-list\">\n<li>\u015e\u00fcpheliler aras\u0131nda y\u00fcksek miktarl\u0131 para transferleri,<\/li>\n\n\n\n<li>Mali profillerle uyumsuz hesap hareketleri,<\/li>\n\n\n\n<li>\u015eans oyunlar\u0131 ve bahis hesaplar\u0131na yap\u0131lan y\u00fcksek tutarl\u0131 i\u015flemler,<\/li>\n\n\n\n<li>\u00c7ok say\u0131da tapu devri ve ta\u015f\u0131nmaz hareketleri,<\/li>\n<\/ul>\n\n\n\n<p class=\"wp-block-paragraph\">gibi ba\u015fl\u0131klar\u0131n incelendi\u011fi kaydedildi.<\/p>\n\n\n\n<p class=\"wp-block-paragraph\">Soru\u015fturma kapsam\u0131nda adliyeye sevk edilen \u015f\u00fcphelilerin savc\u0131l\u0131k ve mahkeme s\u00fcre\u00e7leri devam ediyor.<\/p>\n\n\n\n<p class=\"wp-block-paragraph\">&#x1f449; T\u00fcrkiye g\u00fcndeminden en g\u00fcncel haberler i\u00e7in;<\/p>\n\n\n\n<p class=\"wp-block-paragraph\">&#x1f310; <a href=\"http:\/\/www.gundem59.com.tr\/\">www.gundem59.com.tr<\/a><\/p>\n\n\n\n<p class=\"wp-block-paragraph\">&#x1f310; <a href=\"http:\/\/www.turkiyemhaber.com\/\">www.turkiyemhaber.com<\/a><\/p>\n\n\n\n<p class=\"wp-block-paragraph\">&#x1f310; <a href=\"http:\/\/www.gundem44.com.tr\/\">www.gundem44.com.tr<\/a><\/p>\n\n\n\n<p class=\"wp-block-paragraph\">&#x1f310; <a href=\"http:\/\/www.gundem34haber.com.tr\/\">www.gundem34haber.com.tr<\/a><\/p>\n\n\n\n<p class=\"wp-block-paragraph\">&#x1f310; <a href=\"http:\/\/www.saray59.com.tr\/\">www.saray59.com.tr<\/a><\/p>\n\n\n\n<p class=\"wp-block-paragraph\">&#x1f4fa; <a href=\"http:\/\/www.turkiyemhabertv.com\/\">www.turkiyemhabertv.com<\/a><\/p>\n\n\n\n<p class=\"wp-block-paragraph\">&#x1f4fb; <a href=\"http:\/\/www.turkiyemradyo.com\/\">www.turkiyemradyo.com<\/a><\/p>\n\n\n\n<p class=\"wp-block-paragraph\">&#x1f4f1; @gundem59__<\/p>\n\n\n\n<p class=\"wp-block-paragraph\">&#x1f4f1; @turkiyemhaber_tr<\/p>\n\n\n\n<p class=\"wp-block-paragraph\">#SonDakika #Ahbap #AHBAPDerne\u011fi #HalukLevent #DepremYard\u0131mlar\u0131 #MASAK #\u0130stanbulCumhuriyetBa\u015fsavc\u0131l\u0131\u011f\u0131 #Soru\u015fturma #G\u00f6zalt\u0131 #Adliye #YelizKaya #ZaferYay #Borsa #BankaHesab\u0131 #EFT #Havale #Ba\u011f\u0131\u015f #Yard\u0131mKampanyas\u0131 #\u00c7erkezk\u00f6y #Tapu #Gayrimenkul #MaliSu\u00e7lar #T\u00fcrkiye #G\u00fcndem #G\u00fcncelHaber #Gundem59 #TurkiyemHaber #Gundem44 #Gundem34Haber #Saray59 #TurkiyemHaberTV #TurkiyemRadyo<\/p>\n","protected":false},"excerpt":{"rendered":"<p>\u0130stanbul Cumhuriyet Ba\u015fsavc\u0131l\u0131\u011f\u0131 taraf\u0131ndan Ahbap Derne\u011fi&#8217;ne y\u00f6nelik y\u00fcr\u00fct\u00fclen soru\u015fturma kapsam\u0131nda g\u00f6zalt\u0131na al\u0131nan Ahbap Derne\u011fi Ba\u015fkan\u0131<\/p>\n","protected":false},"author":1,"featured_media":3914,"comment_status":"open","ping_status":"open","sticky":false,"template":"","format":"standard","meta":{"_rtcl_gb_attr":"","footnotes":""},"categories":[1],"tags":[],"class_list":["post-3913","post","type-post","status-publish","format-standard","has-post-thumbnail","hentry","category-http-turkiyemhaber-com-wp-content-uploads-2026-03-saray-59-haber-13-mart-pdf"],"_links":{"self":[{"href":"https:\/\/turkiyemhaber.com\/index.php?rest_route=\/wp\/v2\/posts\/3913","targetHints":{"allow":["GET"]}}],"collection":[{"href":"https:\/\/turkiyemhaber.com\/index.php?rest_route=\/wp\/v2\/posts"}],"about":[{"href":"https:\/\/turkiyemhaber.com\/index.php?rest_route=\/wp\/v2\/types\/post"}],"author":[{"embeddable":true,"href":"https:\/\/turkiyemhaber.com\/index.php?rest_route=\/wp\/v2\/users\/1"}],"replies":[{"embeddable":true,"href":"https:\/\/turkiyemhaber.com\/index.php?rest_route=%2Fwp%2Fv2%2Fcomments&post=3913"}],"version-history":[{"count":1,"href":"https:\/\/turkiyemhaber.com\/index.php?rest_route=\/wp\/v2\/posts\/3913\/revisions"}],"predecessor-version":[{"id":3915,"href":"https:\/\/turkiyemhaber.com\/index.php?rest_route=\/wp\/v2\/posts\/3913\/revisions\/3915"}],"wp:featuredmedia":[{"embeddable":true,"href":"https:\/\/turkiyemhaber.com\/index.php?rest_route=\/wp\/v2\/media\/3914"}],"wp:attachment":[{"href":"https:\/\/turkiyemhaber.com\/index.php?rest_route=%2Fwp%2Fv2%2Fmedia&parent=3913"}],"wp:term":[{"taxonomy":"category","embeddable":true,"href":"https:\/\/turkiyemhaber.com\/index.php?rest_route=%2Fwp%2Fv2%2Fcategories&post=3913"},{"taxonomy":"post_tag","embeddable":true,"href":"https:\/\/turkiyemhaber.com\/index.php?rest_route=%2Fwp%2Fv2%2Ftags&post=3913"}],"curies":[{"name":"wp","href":"https:\/\/api.w.org\/{rel}","templated":true}]}}