{"id":3907,"date":"2026-07-15T13:55:28","date_gmt":"2026-07-15T13:55:28","guid":{"rendered":"https:\/\/turkiyemhaber.com\/?p=3907"},"modified":"2026-07-15T13:55:33","modified_gmt":"2026-07-15T13:55:33","slug":"gozaltindaki-avukat-ece-gunerin-ifadesi-ortaya-cikti-haluk-levente-toplam-157-milyon-dolar-borc-verdim","status":"publish","type":"post","link":"https:\/\/turkiyemhaber.com\/?p=3907","title":{"rendered":"G\u00f6zalt\u0131ndaki Avukat Ece G\u00fcner&#8217;in \u0130fadesi Ortaya \u00c7\u0131kt\u0131: &#8220;Haluk Levent&#8217;e Toplam 1,57 Milyon Dolar Bor\u00e7 Verdim&#8221;"},"content":{"rendered":"\n<p class=\"wp-block-paragraph\">\u0130stanbul Cumhuriyet Ba\u015fsavc\u0131l\u0131\u011f\u0131 taraf\u0131ndan Ahbap Derne\u011fi&#8217;ne y\u00f6nelik y\u00fcr\u00fct\u00fclen soru\u015fturma kapsam\u0131nda g\u00f6zalt\u0131na al\u0131nan avukat Ece G\u00fcner&#8217;in emniyette verdi\u011fi ifade ortaya \u00e7\u0131kt\u0131. G\u00fcner, Haluk Levent ile deprem d\u00f6neminde yapt\u0131\u011f\u0131 ba\u011f\u0131\u015flar sonras\u0131nda tan\u0131\u015ft\u0131\u011f\u0131n\u0131, s\u00fcre\u00e7 i\u00e7erisinde kendisine toplam 1 milyon 570 bin dolar kar\u015f\u0131l\u0131\u011f\u0131 bor\u00e7 verdi\u011fini ve bor\u00e7lar\u0131n yakla\u015f\u0131k bir y\u0131l sonra peyderpey geri \u00f6dendi\u011fini \u00f6ne s\u00fcrd\u00fc.<\/p>\n\n\n\n<h2 class=\"wp-block-heading\">&#8220;Son 5-6 Y\u0131ld\u0131r Ahbap Derne\u011fi&#8217;ne Ba\u011f\u0131\u015f Yap\u0131yorum&#8221;<\/h2>\n\n\n\n<p class=\"wp-block-paragraph\">Emniyetteki ifadesinde etkin pi\u015fmanl\u0131k h\u00fck\u00fcmlerinden yararlanmak istemedi\u011fini belirten Ece G\u00fcner, Ahbap Derne\u011fi&#8217;ni bir yard\u0131m kurulu\u015fu olarak bildi\u011fini ve son y\u0131llarda d\u00fczenli ba\u011f\u0131\u015flarda bulundu\u011funu s\u00f6yledi.<\/p>\n\n\n\n<p class=\"wp-block-paragraph\">G\u00fcner, \u00f6zellikle deprem d\u00f6neminde y\u00fcksek miktarlarda ba\u011f\u0131\u015f yapt\u0131\u011f\u0131n\u0131 belirterek, Haluk Levent&#8217;i yaln\u0131zca kamuoyunda tan\u0131nan bir sanat\u00e7\u0131 ve yard\u0131m faaliyetleriyle bilinen bir isim olarak tan\u0131d\u0131\u011f\u0131n\u0131 ifade etti.<\/p>\n\n\n\n<h2 class=\"wp-block-heading\">&#8220;\u00c7i\u00e7ek Buketiyle Ofisime Geldi&#8221;<\/h2>\n\n\n\n<p class=\"wp-block-paragraph\">\u0130fadesine g\u00f6re Haluk Levent, yapt\u0131\u011f\u0131 ba\u011f\u0131\u015flar\u0131n ard\u0131ndan kendisine ula\u015farak g\u00f6r\u00fc\u015fmek istedi. \u0130lk y\u00fcz y\u00fcze g\u00f6r\u00fc\u015fmenin 2023 y\u0131l\u0131n\u0131n May\u0131s-Haziran d\u00f6neminde ger\u00e7ekle\u015fti\u011fini anlatan G\u00fcner, Levent&#8217;in elinde bir \u00e7i\u00e7ek buketiyle ofisine geldi\u011fini s\u00f6yledi.<\/p>\n\n\n\n<p class=\"wp-block-paragraph\">Bu g\u00f6r\u00fc\u015fmenin ard\u0131ndan Haluk Levent&#8217;in \u00e7e\u015fitli gerek\u00e7elerle kendisinden bor\u00e7 para talep etmeye ba\u015flad\u0131\u011f\u0131n\u0131 \u00f6ne s\u00fcren G\u00fcner, ilk a\u015famada yakla\u015f\u0131k 300 ila 400 bin dolar aras\u0131nda para g\u00f6nderdi\u011fini ifade etti.<\/p>\n\n\n\n<h2 class=\"wp-block-heading\">&#8220;Paralar\u0131 Ba\u015fka Ki\u015filerin Hesaplar\u0131na G\u00f6nderdim&#8221;<\/h2>\n\n\n\n<p class=\"wp-block-paragraph\">Ece G\u00fcner, g\u00f6nderdi\u011fi paralar\u0131n do\u011frudan Haluk Levent&#8217;in hesab\u0131na de\u011fil, kendisine bildirilen farkl\u0131 ki\u015filere ait hesaplara aktar\u0131ld\u0131\u011f\u0131n\u0131 belirtti.<\/p>\n\n\n\n<p class=\"wp-block-paragraph\">Paralar\u0131n a\u00e7\u0131klama k\u0131sm\u0131na dolar kar\u015f\u0131l\u0131\u011f\u0131 ve &#8220;bor\u00e7&#8221; notu d\u00fc\u015ft\u00fc\u011f\u00fcn\u00fc ifade eden G\u00fcner, ilk g\u00f6nderilen paralar\u0131n k\u0131sa s\u00fcre i\u00e7erisinde geri \u00f6dendi\u011fini, bu nedenle g\u00fcven duygusunun olu\u015ftu\u011funu s\u00f6yledi.<\/p>\n\n\n\n<p class=\"wp-block-paragraph\">\u0130fadesinde, deprem b\u00f6lgesindeki acil ihtiya\u00e7lar, lojistik faaliyetler ve yard\u0131m \u00e7al\u0131\u015fmalar\u0131nda kullan\u0131laca\u011f\u0131 gerek\u00e7esiyle benzer taleplerin devam etti\u011fini belirten G\u00fcner, bu s\u00fcre\u00e7te farkl\u0131 hesaplara \u00e7ok say\u0131da para transferi yapt\u0131\u011f\u0131n\u0131 anlatt\u0131.<\/p>\n\n\n\n<h2 class=\"wp-block-heading\">Teknoloji Park\u0131 Projesi \u0130ddias\u0131<\/h2>\n\n\n\n<p class=\"wp-block-paragraph\">G\u00fcner&#8217;in ifadesine g\u00f6re, 2023 y\u0131l\u0131n\u0131n A\u011fustos ay\u0131nda Haluk Levent kendisine Ankara&#8217;da Ahbap Derne\u011fi \u00f6nc\u00fcl\u00fc\u011f\u00fcnde b\u00fcy\u00fck bir teknoloji park\u0131 kurulaca\u011f\u0131n\u0131 anlatt\u0131.<\/p>\n\n\n\n<p class=\"wp-block-paragraph\">Projeye destek verecek bir i\u015f insan\u0131n\u0131n yakla\u015f\u0131k 3 milyon dolarl\u0131k ba\u011f\u0131\u015f yapaca\u011f\u0131n\u0131 ancak ya\u015fad\u0131\u011f\u0131 vergi sorunu nedeniyle paran\u0131n ge\u00e7ici olarak bloke edildi\u011fini s\u00f6yledi\u011fini \u00f6ne s\u00fcren G\u00fcner, bu nedenle ge\u00e7ici finansman amac\u0131yla kendisinden y\u00fcksek miktarda bor\u00e7 talep edildi\u011fini ifade etti.<\/p>\n\n\n\n<p class=\"wp-block-paragraph\">Kendisinin 3 milyon dolar verecek imk\u00e2n\u0131 olmad\u0131\u011f\u0131n\u0131 s\u00f6yledi\u011fini ancak uzun s\u00fcren g\u00f6r\u00fc\u015fmeler sonucunda yakla\u015f\u0131k 1 milyon dolar kar\u015f\u0131l\u0131\u011f\u0131 para g\u00f6nderdi\u011fini belirtti.<\/p>\n\n\n\n<h2 class=\"wp-block-heading\">&#8220;S\u00fcrekli Ac\u0131ma Hissi Uyand\u0131ran Hik\u00e2yeler Anlat\u0131yordu&#8221;<\/h2>\n\n\n\n<p class=\"wp-block-paragraph\">G\u00fcner, bor\u00e7lar\u0131n zaman\u0131nda geri \u00f6denmemesi \u00fczerine \u00e7e\u015fitli gerek\u00e7eler sunuldu\u011funu ve s\u00fcrekli erteleme talepleriyle kar\u015f\u0131la\u015ft\u0131\u011f\u0131n\u0131 s\u00f6yledi.<\/p>\n\n\n\n<p class=\"wp-block-paragraph\">\u0130fadesinde, Haluk Levent&#8217;in kendisine ve ailesine ili\u015fkin sa\u011fl\u0131k sorunlar\u0131 ve \u00e7e\u015fitli ma\u011fduriyet hik\u00e2yeleri anlatt\u0131\u011f\u0131n\u0131 belirten G\u00fcner, bu anlat\u0131mlar\u0131n kendisinde ac\u0131ma hissi olu\u015fturdu\u011funu ifade etti.<\/p>\n\n\n\n<h2 class=\"wp-block-heading\">&#8220;Toplam 1 Milyon 570 Bin Dolar Bor\u00e7 Verdim&#8221;<\/h2>\n\n\n\n<p class=\"wp-block-paragraph\">Soru\u015fturma dosyas\u0131na giren ifadeye g\u00f6re G\u00fcner, ilk g\u00f6nderdi\u011fi yakla\u015f\u0131k 1 milyon dolar\u0131n \u00fczerine farkl\u0131 zamanlarda toplam 570 bin dolar daha g\u00f6nderdi\u011fini belirtti.<\/p>\n\n\n\n<p class=\"wp-block-paragraph\">B\u00f6ylece toplam bor\u00e7 miktar\u0131n\u0131n 1 milyon 570 bin dolar seviyesine ula\u015ft\u0131\u011f\u0131n\u0131 s\u00f6yleyen G\u00fcner, bu bor\u00e7 i\u00e7in Haluk Levent ile yaz\u0131l\u0131 tutanak d\u00fczenlediklerini de ifade etti.<\/p>\n\n\n\n<h2 class=\"wp-block-heading\">&#8220;Day\u0131m Devreye Girince \u00d6demeler Ba\u015flad\u0131&#8221;<\/h2>\n\n\n\n<p class=\"wp-block-paragraph\">G\u00fcner, alaca\u011f\u0131n\u0131 tahsil edememesi \u00fczerine avukat olan day\u0131s\u0131n\u0131n s\u00fcrece dahil oldu\u011funu anlatt\u0131.<\/p>\n\n\n\n<p class=\"wp-block-paragraph\">Hukuki yollara ba\u015fvurulaca\u011f\u0131 y\u00f6n\u00fcndeki uyar\u0131lar\u0131n ard\u0131ndan bor\u00e7lar\u0131n peyderpey geri \u00f6denmeye ba\u015fland\u0131\u011f\u0131n\u0131 belirten G\u00fcner, yakla\u015f\u0131k bir y\u0131l sonunda alaca\u011f\u0131n\u0131n b\u00fcy\u00fck b\u00f6l\u00fcm\u00fcn\u00fcn dolar kar\u015f\u0131l\u0131\u011f\u0131 T\u00fcrk Liras\u0131 olarak kendisine \u00f6dendi\u011fini s\u00f6yledi.<\/p>\n\n\n\n<h2 class=\"wp-block-heading\">Soru\u015fturma S\u00fcr\u00fcyor<\/h2>\n\n\n\n<p class=\"wp-block-paragraph\">\u0130stanbul Cumhuriyet Ba\u015fsavc\u0131l\u0131\u011f\u0131 taraf\u0131ndan y\u00fcr\u00fct\u00fclen Ahbap Derne\u011fi soru\u015fturmas\u0131 kapsam\u0131nda \u00e7ok say\u0131da ki\u015finin ifade i\u015flemleri s\u00fcrerken, mali hareketler ve para transferlerine ili\u015fkin incelemeler MASAK raporlar\u0131 do\u011frultusunda devam ediyor.<\/p>\n\n\n\n<p class=\"wp-block-paragraph\">Soru\u015fturman\u0131n ilerleyen a\u015famalar\u0131nda yeni ifade ve raporlar\u0131n dosyaya girmesi bekleniyor.<\/p>\n\n\n\n<p class=\"wp-block-paragraph\">&#x1f449; T\u00fcrkiye g\u00fcndeminden en g\u00fcncel haberler i\u00e7in;<\/p>\n\n\n\n<p class=\"wp-block-paragraph\">&#x1f310; <a href=\"http:\/\/www.gundem59.com.tr\/\">www.gundem59.com.tr<\/a><\/p>\n\n\n\n<p class=\"wp-block-paragraph\">&#x1f310; <a href=\"http:\/\/www.turkiyemhaber.com\/\">www.turkiyemhaber.com<\/a><\/p>\n\n\n\n<p class=\"wp-block-paragraph\">&#x1f310; <a href=\"http:\/\/www.gundem44.com.tr\/\">www.gundem44.com.tr<\/a><\/p>\n\n\n\n<p class=\"wp-block-paragraph\">&#x1f310; <a href=\"http:\/\/www.gundem34haber.com.tr\/\">www.gundem34haber.com.tr<\/a><\/p>\n\n\n\n<p class=\"wp-block-paragraph\">&#x1f310; <a href=\"http:\/\/www.saray59.com.tr\/\">www.saray59.com.tr<\/a><\/p>\n\n\n\n<p class=\"wp-block-paragraph\">&#x1f4fa; <a href=\"http:\/\/www.turkiyemhabertv.com\/\">www.turkiyemhabertv.com<\/a><\/p>\n\n\n\n<p class=\"wp-block-paragraph\">&#x1f4fb; <a href=\"http:\/\/www.turkiyemradyo.com\/\">www.turkiyemradyo.com<\/a><\/p>\n\n\n\n<p class=\"wp-block-paragraph\">&#x1f4f1; @gundem59__<\/p>\n\n\n\n<p class=\"wp-block-paragraph\">&#x1f4f1; @turkiyemhaber_tr<\/p>\n\n\n\n<p class=\"wp-block-paragraph\">#SonDakika #Ahbap #AHBAPDerne\u011fi #HalukLevent #EceG\u00fcner #\u0130stanbulCumhuriyetBa\u015fsavc\u0131l\u0131\u011f\u0131 #MASAK #Soru\u015fturma #G\u00f6zalt\u0131 #ParaTransferi #Bor\u00e7 #Dolar #IBAN #BankaHesab\u0131 #EFT #Havale #Deprem #Yard\u0131mFaaliyetleri #TeknolojiPark\u0131 #Adliye #Mahkeme #MaliSu\u00e7lar #G\u00fcndem #T\u00fcrkiye #G\u00fcncelHaber #Gundem59 #TurkiyemHaber #Gundem44 #Gundem34Haber #Saray59 #TurkiyemHaberTV #TurkiyemRadyo<\/p>\n","protected":false},"excerpt":{"rendered":"<p>\u0130stanbul Cumhuriyet Ba\u015fsavc\u0131l\u0131\u011f\u0131 taraf\u0131ndan Ahbap Derne\u011fi&#8217;ne y\u00f6nelik y\u00fcr\u00fct\u00fclen soru\u015fturma kapsam\u0131nda g\u00f6zalt\u0131na al\u0131nan avukat Ece G\u00fcner&#8217;in<\/p>\n","protected":false},"author":1,"featured_media":3908,"comment_status":"open","ping_status":"open","sticky":false,"template":"","format":"standard","meta":{"_rtcl_gb_attr":"","footnotes":""},"categories":[1],"tags":[],"class_list":["post-3907","post","type-post","status-publish","format-standard","has-post-thumbnail","hentry","category-http-turkiyemhaber-com-wp-content-uploads-2026-03-saray-59-haber-13-mart-pdf"],"_links":{"self":[{"href":"https:\/\/turkiyemhaber.com\/index.php?rest_route=\/wp\/v2\/posts\/3907","targetHints":{"allow":["GET"]}}],"collection":[{"href":"https:\/\/turkiyemhaber.com\/index.php?rest_route=\/wp\/v2\/posts"}],"about":[{"href":"https:\/\/turkiyemhaber.com\/index.php?rest_route=\/wp\/v2\/types\/post"}],"author":[{"embeddable":true,"href":"https:\/\/turkiyemhaber.com\/index.php?rest_route=\/wp\/v2\/users\/1"}],"replies":[{"embeddable":true,"href":"https:\/\/turkiyemhaber.com\/index.php?rest_route=%2Fwp%2Fv2%2Fcomments&post=3907"}],"version-history":[{"count":1,"href":"https:\/\/turkiyemhaber.com\/index.php?rest_route=\/wp\/v2\/posts\/3907\/revisions"}],"predecessor-version":[{"id":3909,"href":"https:\/\/turkiyemhaber.com\/index.php?rest_route=\/wp\/v2\/posts\/3907\/revisions\/3909"}],"wp:featuredmedia":[{"embeddable":true,"href":"https:\/\/turkiyemhaber.com\/index.php?rest_route=\/wp\/v2\/media\/3908"}],"wp:attachment":[{"href":"https:\/\/turkiyemhaber.com\/index.php?rest_route=%2Fwp%2Fv2%2Fmedia&parent=3907"}],"wp:term":[{"taxonomy":"category","embeddable":true,"href":"https:\/\/turkiyemhaber.com\/index.php?rest_route=%2Fwp%2Fv2%2Fcategories&post=3907"},{"taxonomy":"post_tag","embeddable":true,"href":"https:\/\/turkiyemhaber.com\/index.php?rest_route=%2Fwp%2Fv2%2Ftags&post=3907"}],"curies":[{"name":"wp","href":"https:\/\/api.w.org\/{rel}","templated":true}]}}