{"id":3904,"date":"2026-07-15T13:47:38","date_gmt":"2026-07-15T13:47:38","guid":{"rendered":"https:\/\/turkiyemhaber.com\/?p=3904"},"modified":"2026-07-15T13:47:43","modified_gmt":"2026-07-15T13:47:43","slug":"yargitaydan-emsal-karar-usulsuz-dul-maasi-alan-kadina-206-bin-liralik-borc","status":"publish","type":"post","link":"https:\/\/turkiyemhaber.com\/?p=3904","title":{"rendered":"Yarg\u0131tay&#8217;dan Emsal Karar: Usuls\u00fcz Dul Maa\u015f\u0131 Alan Kad\u0131na 206 Bin Liral\u0131k Bor\u00e7"},"content":{"rendered":"\n<p class=\"wp-block-paragraph\">Bart\u0131n&#8217;da ya\u015fanan ve sosyal g\u00fcvenlik hukukunda emsal niteli\u011fi ta\u015f\u0131yan bir davada, usuls\u00fcz \u015fekilde dul ayl\u0131\u011f\u0131 ald\u0131\u011f\u0131 belirlenen kad\u0131na y\u00f6nelik SGK i\u015flemleri Yarg\u0131tay taraf\u0131ndan da hakl\u0131 bulundu. Ka\u011f\u0131t \u00fczerinde bo\u015fand\u0131\u011f\u0131 ilk e\u015fiyle ayn\u0131 evde ya\u015famaya devam etti\u011fi tespit edilen kad\u0131n\u0131n ald\u0131\u011f\u0131 dul maa\u015f\u0131 kesilirken, geriye d\u00f6n\u00fck 206 bin 764 liral\u0131k bor\u00e7 \u00e7\u0131kar\u0131ld\u0131.<\/p>\n\n\n\n<h2 class=\"wp-block-heading\">SGK Denetimleri Ger\u00e7e\u011fi Ortaya \u00c7\u0131kard\u0131<\/h2>\n\n\n\n<p class=\"wp-block-paragraph\">Olay, Bart\u0131n&#8217;da ya\u015fayan bir kad\u0131n\u0131n 2005 y\u0131l\u0131nda ilk e\u015finden bo\u015fanmas\u0131n\u0131n ard\u0131ndan ba\u015fka bir ki\u015fiyle evlenmesiyle ba\u015flad\u0131. Kad\u0131n\u0131n ikinci e\u015fi 2007 y\u0131l\u0131nda hayat\u0131n\u0131 kaybedince Sosyal G\u00fcvenlik Kurumu taraf\u0131ndan kendisine \u00f6l\u00fcm ayl\u0131\u011f\u0131, di\u011fer ad\u0131yla dul maa\u015f\u0131 ba\u011fland\u0131.<\/p>\n\n\n\n<p class=\"wp-block-paragraph\">Ancak SGK denetmenlerinin ger\u00e7ekle\u015ftirdi\u011fi saha ara\u015ft\u0131rmalar\u0131 s\u0131ras\u0131nda farkl\u0131 bir durum ortaya \u00e7\u0131kt\u0131. Yap\u0131lan incelemelerde, kad\u0131n\u0131n resmi olarak bo\u015fand\u0131\u011f\u0131 ilk e\u015fiyle ayn\u0131 evde ya\u015famaya devam etti\u011fi ve fiilen evlilik birlikteli\u011fini s\u00fcrd\u00fcrd\u00fc\u011f\u00fc tespit edildi.<\/p>\n\n\n\n<p class=\"wp-block-paragraph\">Denetimlerde muhtarl\u0131k kay\u0131tlar\u0131, kom\u015fu ifadeleri ve saha ara\u015ft\u0131rmalar\u0131ndan elde edilen bilgiler de\u011ferlendirildi.<\/p>\n\n\n\n<h2 class=\"wp-block-heading\">Maa\u015f Kesildi, Geriye D\u00f6n\u00fck Bor\u00e7 \u00c7\u0131kar\u0131ld\u0131<\/h2>\n\n\n\n<p class=\"wp-block-paragraph\">Tespitlerin ard\u0131ndan SGK taraf\u0131ndan kad\u0131n\u0131n dul ayl\u0131\u011f\u0131 kesildi. Kurum ayr\u0131ca bug\u00fcne kadar yap\u0131lan \u00f6demelerin usuls\u00fcz oldu\u011fu gerek\u00e7esiyle geriye d\u00f6n\u00fck toplam 206 bin 764 lira 79 kuru\u015f bor\u00e7 tahakkuk ettirdi.<\/p>\n\n\n\n<p class=\"wp-block-paragraph\">Karar\u0131n ard\u0131ndan kad\u0131n yarg\u0131 yoluna ba\u015fvurdu ve dosya yerel mahkeme ile istinaf incelemelerinden ge\u00e7erek Yarg\u0131tay&#8217;a ta\u015f\u0131nd\u0131.<\/p>\n\n\n\n<h2 class=\"wp-block-heading\">Yarg\u0131tay Karar\u0131 Onad\u0131<\/h2>\n\n\n\n<p class=\"wp-block-paragraph\">Dosyay\u0131 inceleyen Yarg\u0131tay 10. Hukuk Dairesi, SGK&#8217;n\u0131n yapt\u0131\u011f\u0131 i\u015flemleri hukuka uygun buldu. Daire, maa\u015f\u0131n kesilmesi ve \u00e7\u0131kar\u0131lan borcun tahsil edilmesine y\u00f6nelik karar\u0131n yerinde oldu\u011funa h\u00fckmederek karar\u0131 oy birli\u011fiyle onad\u0131.<\/p>\n\n\n\n<p class=\"wp-block-paragraph\">B\u00f6ylece dosya kesinle\u015firken, karar sosyal g\u00fcvenlik uygulamalar\u0131 a\u00e7\u0131s\u0131ndan emsal niteli\u011fi kazand\u0131.<\/p>\n\n\n\n<h2 class=\"wp-block-heading\">Benzer Durumlar \u0130\u00e7in Uyar\u0131<\/h2>\n\n\n\n<p class=\"wp-block-paragraph\">Uzmanlar, bo\u015fanm\u0131\u015f g\u00f6r\u00fcnmesine ra\u011fmen eski e\u015fiyle fiilen birlikte ya\u015famaya devam eden ve bu nedenle sosyal g\u00fcvenlik haklar\u0131ndan yararlanan ki\u015filerin tespit edilmesi halinde maa\u015flar\u0131n\u0131n kesilebilece\u011fini belirtiyor.<\/p>\n\n\n\n<p class=\"wp-block-paragraph\">Yetkililer ayr\u0131ca, usuls\u00fcz \u015fekilde al\u0131nan ayl\u0131klar\u0131n yaln\u0131zca kesilmekle kalmay\u0131p geriye d\u00f6n\u00fck olarak faiziyle birlikte tahsil edilebildi\u011fini vurguluyor.<\/p>\n\n\n\n<p class=\"wp-block-paragraph\">Sosyal G\u00fcvenlik Kurumu&#8217;nun son y\u0131llarda saha denetimlerini art\u0131rd\u0131\u011f\u0131 ve benzer durumlara ili\u015fkin incelemelerin s\u00fcrd\u00fc\u011f\u00fc belirtiliyor.<\/p>\n\n\n\n<p class=\"wp-block-paragraph\">&#x1f449; T\u00fcrkiye g\u00fcndeminden en g\u00fcncel haberler i\u00e7in;<\/p>\n\n\n\n<p class=\"wp-block-paragraph\">&#x1f310; <a href=\"http:\/\/www.gundem59.com.tr\/\">www.gundem59.com.tr<\/a><\/p>\n\n\n\n<p class=\"wp-block-paragraph\">&#x1f310; <a href=\"http:\/\/www.turkiyemhaber.com\/\">www.turkiyemhaber.com<\/a><\/p>\n\n\n\n<p class=\"wp-block-paragraph\">&#x1f310; <a href=\"http:\/\/www.gundem44.com.tr\/\">www.gundem44.com.tr<\/a><\/p>\n\n\n\n<p class=\"wp-block-paragraph\">&#x1f310; <a href=\"http:\/\/www.gundem34haber.com.tr\/\">www.gundem34haber.com.tr<\/a><\/p>\n\n\n\n<p class=\"wp-block-paragraph\">&#x1f310; <a href=\"http:\/\/www.saray59.com.tr\/\">www.saray59.com.tr<\/a><\/p>\n\n\n\n<p class=\"wp-block-paragraph\">&#x1f4fa; <a href=\"http:\/\/www.turkiyemhabertv.com\/\">www.turkiyemhabertv.com<\/a><\/p>\n\n\n\n<p class=\"wp-block-paragraph\">&#x1f4fb; <a href=\"http:\/\/www.turkiyemradyo.com\/\">www.turkiyemradyo.com<\/a><\/p>\n\n\n\n<p class=\"wp-block-paragraph\">&#x1f4f1; @gundem59__<\/p>\n\n\n\n<p class=\"wp-block-paragraph\">&#x1f4f1; @turkiyemhaber_tr<\/p>\n\n\n\n<p class=\"wp-block-paragraph\">#Bart\u0131n #Yarg\u0131tay #SGK #DulMaa\u015f\u0131 #\u00d6l\u00fcmAyl\u0131\u011f\u0131 #SosyalG\u00fcvenlik #Mahkeme #Hukuk #Yarg\u0131tayKarar\u0131 #EmsalKarar #G\u00fcncel #T\u00fcrkiye #Adliye #SosyalG\u00fcvenlikKurumu #SonDakika #Gundem59 #TurkiyemHaber #Gundem44 #Gundem34Haber #Saray59 #TurkiyemHaberTV #TurkiyemRadyo #T\u00fcrkiyeG\u00fcndemi #G\u00fcncelHaber #Haber #Adalet #Ekonomi #ResmiGazete #Kamu #Vatanda\u015f<\/p>\n","protected":false},"excerpt":{"rendered":"<p>Bart\u0131n&#8217;da ya\u015fanan ve sosyal g\u00fcvenlik hukukunda emsal niteli\u011fi ta\u015f\u0131yan bir davada, usuls\u00fcz \u015fekilde dul ayl\u0131\u011f\u0131<\/p>\n","protected":false},"author":1,"featured_media":3905,"comment_status":"open","ping_status":"open","sticky":false,"template":"","format":"standard","meta":{"_rtcl_gb_attr":"","footnotes":""},"categories":[1],"tags":[],"class_list":["post-3904","post","type-post","status-publish","format-standard","has-post-thumbnail","hentry","category-http-turkiyemhaber-com-wp-content-uploads-2026-03-saray-59-haber-13-mart-pdf"],"_links":{"self":[{"href":"https:\/\/turkiyemhaber.com\/index.php?rest_route=\/wp\/v2\/posts\/3904","targetHints":{"allow":["GET"]}}],"collection":[{"href":"https:\/\/turkiyemhaber.com\/index.php?rest_route=\/wp\/v2\/posts"}],"about":[{"href":"https:\/\/turkiyemhaber.com\/index.php?rest_route=\/wp\/v2\/types\/post"}],"author":[{"embeddable":true,"href":"https:\/\/turkiyemhaber.com\/index.php?rest_route=\/wp\/v2\/users\/1"}],"replies":[{"embeddable":true,"href":"https:\/\/turkiyemhaber.com\/index.php?rest_route=%2Fwp%2Fv2%2Fcomments&post=3904"}],"version-history":[{"count":1,"href":"https:\/\/turkiyemhaber.com\/index.php?rest_route=\/wp\/v2\/posts\/3904\/revisions"}],"predecessor-version":[{"id":3906,"href":"https:\/\/turkiyemhaber.com\/index.php?rest_route=\/wp\/v2\/posts\/3904\/revisions\/3906"}],"wp:featuredmedia":[{"embeddable":true,"href":"https:\/\/turkiyemhaber.com\/index.php?rest_route=\/wp\/v2\/media\/3905"}],"wp:attachment":[{"href":"https:\/\/turkiyemhaber.com\/index.php?rest_route=%2Fwp%2Fv2%2Fmedia&parent=3904"}],"wp:term":[{"taxonomy":"category","embeddable":true,"href":"https:\/\/turkiyemhaber.com\/index.php?rest_route=%2Fwp%2Fv2%2Fcategories&post=3904"},{"taxonomy":"post_tag","embeddable":true,"href":"https:\/\/turkiyemhaber.com\/index.php?rest_route=%2Fwp%2Fv2%2Ftags&post=3904"}],"curies":[{"name":"wp","href":"https:\/\/api.w.org\/{rel}","templated":true}]}}