{"id":3893,"date":"2026-07-15T13:34:33","date_gmt":"2026-07-15T13:34:33","guid":{"rendered":"https:\/\/turkiyemhaber.com\/?p=3893"},"modified":"2026-07-15T13:34:37","modified_gmt":"2026-07-15T13:34:37","slug":"kilicdaroglundan-15-temmuz-mesaji-demokrasi-icin-12-maddelik-cagri","status":"publish","type":"post","link":"https:\/\/turkiyemhaber.com\/?p=3893","title":{"rendered":"K\u0131l\u0131\u00e7daro\u011flu&#8217;ndan 15 Temmuz Mesaj\u0131: Demokrasi \u0130\u00e7in 12 Maddelik \u00c7a\u011fr\u0131"},"content":{"rendered":"\n<p class=\"wp-block-paragraph\">CHP Genel Ba\u015fkan\u0131 Kemal K\u0131l\u0131\u00e7daro\u011flu, 15 Temmuz darbe giri\u015fiminin 10&#8217;uncu y\u0131l\u0131 dolay\u0131s\u0131yla yay\u0131mlad\u0131\u011f\u0131 mesajda, demokrasiye ve Cumhuriyet de\u011ferlerine vurgu yapt\u0131. K\u0131l\u0131\u00e7daro\u011flu, T\u00fcrkiye&#8217;nin benzer tehditlerle bir daha kar\u015f\u0131 kar\u015f\u0131ya kalmamas\u0131 i\u00e7in 12 maddelik \u00f6neri paketi a\u00e7\u0131klad\u0131.<\/p>\n\n\n\n<h2 class=\"wp-block-heading\">&#8220;15 Temmuz Tarihi Bir D\u00f6n\u00fcm Noktas\u0131d\u0131r&#8221;<\/h2>\n\n\n\n<p class=\"wp-block-paragraph\">Sosyal medya hesab\u0131ndan yapt\u0131\u011f\u0131 payla\u015f\u0131mda 15 Temmuz&#8217;un T\u00fcrkiye Cumhuriyeti i\u00e7in tarihi bir d\u00f6n\u00fcm noktas\u0131 oldu\u011funu belirten K\u0131l\u0131\u00e7daro\u011flu, darbe giri\u015fiminin devlet kurumlar\u0131n\u0131n i\u00e7ine s\u0131zan yap\u0131lanmalar\u0131n olu\u015fturdu\u011fu tehlikeyi a\u00e7\u0131k \u015fekilde ortaya koydu\u011funu ifade etti.<\/p>\n\n\n\n<p class=\"wp-block-paragraph\">K\u0131l\u0131\u00e7daro\u011flu mesaj\u0131nda, devlet ve siyaset kurumlar\u0131n\u0131 i\u00e7eriden \u00e7\u00fcr\u00fcten, liyakati ortadan kald\u0131ran ve sadakati yasa d\u0131\u015f\u0131 yap\u0131lara ba\u011flayan olu\u015fumlar\u0131n \u00fclkeye b\u00fcy\u00fck zarar verdi\u011fini belirterek, T\u00fcrkiye&#8217;nin birlik ve beraberli\u011finin korunmas\u0131n\u0131n \u00f6nemine dikkat \u00e7ekti.<\/p>\n\n\n\n<p class=\"wp-block-paragraph\">Darbe giri\u015fimine kar\u015f\u0131 demokrasi ve milli iradenin yan\u0131nda duran vatanda\u015flara te\u015fekk\u00fcr eden K\u0131l\u0131\u00e7daro\u011flu, 15 Temmuz \u015fehitlerini rahmet ve minnetle and\u0131\u011f\u0131n\u0131 ifade etti.<\/p>\n\n\n\n<figure class=\"wp-block-image size-large\"><img loading=\"lazy\" decoding=\"async\" width=\"1024\" height=\"975\" src=\"https:\/\/turkiyemhaber.com\/wp-content\/uploads\/2026\/07\/kilicdaroglu-ndan-15-temmuz-mesaji-20054414_amp-1024x975.jpg\" alt=\"\" class=\"wp-image-3895\" srcset=\"https:\/\/turkiyemhaber.com\/wp-content\/uploads\/2026\/07\/kilicdaroglu-ndan-15-temmuz-mesaji-20054414_amp-1024x975.jpg 1024w, https:\/\/turkiyemhaber.com\/wp-content\/uploads\/2026\/07\/kilicdaroglu-ndan-15-temmuz-mesaji-20054414_amp-300x286.jpg 300w, https:\/\/turkiyemhaber.com\/wp-content\/uploads\/2026\/07\/kilicdaroglu-ndan-15-temmuz-mesaji-20054414_amp-768x731.jpg 768w, https:\/\/turkiyemhaber.com\/wp-content\/uploads\/2026\/07\/kilicdaroglu-ndan-15-temmuz-mesaji-20054414_amp-13x12.jpg 13w, https:\/\/turkiyemhaber.com\/wp-content\/uploads\/2026\/07\/kilicdaroglu-ndan-15-temmuz-mesaji-20054414_amp.jpg 1200w\" sizes=\"auto, (max-width: 1024px) 100vw, 1024px\" \/><\/figure>\n\n\n\n<h2 class=\"wp-block-heading\">Demokrasi ve Cumhuriyet \u0130\u00e7in 12 Maddelik \u00d6neri<\/h2>\n\n\n\n<p class=\"wp-block-paragraph\">K\u0131l\u0131\u00e7daro\u011flu a\u00e7\u0131klamas\u0131nda, T\u00fcrkiye&#8217;nin demokratik yap\u0131s\u0131n\u0131 g\u00fc\u00e7lendirmek ve benzer tehditlerin \u00f6n\u00fcne ge\u00e7mek amac\u0131yla 12 maddelik \u00e7a\u011fr\u0131da bulundu.<\/p>\n\n\n\n<p class=\"wp-block-paragraph\">\u00d6neriler aras\u0131nda;<\/p>\n\n\n\n<ul class=\"wp-block-list\">\n<li>K\u0131\u015flalara, ibadethanelere ve adliyelere siyaset yasa\u011f\u0131 getirilmesi,<\/li>\n\n\n\n<li>Ba\u011f\u0131ms\u0131z ve tarafs\u0131z yarg\u0131n\u0131n tesis edilmesi,<\/li>\n\n\n\n<li>\u00dcniter ve laik devlet yap\u0131s\u0131n\u0131n korunmas\u0131,<\/li>\n\n\n\n<li>Devlet y\u00f6netiminde liyakat ilkesinin esas al\u0131nmas\u0131,<\/li>\n\n\n\n<li>Cumhuriyetin kurucu de\u011ferlerine sahip \u00e7\u0131k\u0131lmas\u0131,<\/li>\n\n\n\n<li>Toplumsal uzla\u015f\u0131 ve karde\u015fli\u011fin g\u00fc\u00e7lendirilmesi,<\/li>\n\n\n\n<li>G\u00fc\u00e7lendirilmi\u015f parlamenter sisteme ge\u00e7ilmesi,<\/li>\n\n\n\n<li>Ba\u011f\u0131ms\u0131z ve \u00f6zg\u00fcr medyan\u0131n desteklenmesi,<\/li>\n\n\n\n<li>Sorgulayan ve bilimsel e\u011fitim sisteminin olu\u015fturulmas\u0131,<\/li>\n\n\n\n<li>\u00d6z ele\u015ftiri k\u00fclt\u00fcr\u00fcn\u00fcn geli\u015ftirilmesi,<\/li>\n\n\n\n<li>Ge\u00e7mi\u015fte ya\u015fanan kumpas ma\u011fduriyetlerinin giderilmesi,<\/li>\n\n\n\n<li>Darbecilerle m\u00fccadelede hukuk d\u0131\u015f\u0131na \u00e7\u0131k\u0131lmamas\u0131<\/li>\n<\/ul>\n\n\n\n<p class=\"wp-block-paragraph\">ba\u015fl\u0131klar\u0131 yer ald\u0131.<\/p>\n\n\n\n<figure class=\"wp-block-image size-full\"><img loading=\"lazy\" decoding=\"async\" width=\"640\" height=\"458\" src=\"https:\/\/turkiyemhaber.com\/wp-content\/uploads\/2026\/07\/kilicdaroglundan-15-temmuz-mes-20054414-8979_1_m.webp\" alt=\"\" class=\"wp-image-3896\" srcset=\"https:\/\/turkiyemhaber.com\/wp-content\/uploads\/2026\/07\/kilicdaroglundan-15-temmuz-mes-20054414-8979_1_m.webp 640w, https:\/\/turkiyemhaber.com\/wp-content\/uploads\/2026\/07\/kilicdaroglundan-15-temmuz-mes-20054414-8979_1_m-300x215.webp 300w, https:\/\/turkiyemhaber.com\/wp-content\/uploads\/2026\/07\/kilicdaroglundan-15-temmuz-mes-20054414-8979_1_m-18x12.webp 18w\" sizes=\"auto, (max-width: 640px) 100vw, 640px\" \/><\/figure>\n\n\n\n<h2 class=\"wp-block-heading\">&#8220;Devlet Hi\u00e7bir Yap\u0131ya Teslim Edilemez&#8221;<\/h2>\n\n\n\n<p class=\"wp-block-paragraph\">K\u0131l\u0131\u00e7daro\u011flu, a\u00e7\u0131klamas\u0131n\u0131n devam\u0131nda devletin hi\u00e7bir cemaat, grup ya da z\u00fcmrenin kontrol\u00fcne b\u0131rak\u0131lamayaca\u011f\u0131n\u0131 belirterek \u015fu de\u011ferlendirmede bulundu:<\/p>\n\n\n\n<p class=\"wp-block-paragraph\">&#8220;15 Temmuz&#8217;un bize \u00f6\u011fretti\u011fi en b\u00fcy\u00fck ger\u00e7ek, devletin sahibi millet oldu\u011fudur. Millet iradesinin tecellig\u00e2h\u0131 ise Gazi Meclis&#8217;tir. Hukuk i\u00e7inde kalarak, demokrasiyi b\u00fcy\u00fcterek ve Cumhuriyetimizi g\u00fc\u00e7lendirerek gelece\u011fe y\u00fcr\u00fcmek hepimizin ortak sorumlulu\u011fudur.&#8221;<\/p>\n\n\n\n<p class=\"wp-block-paragraph\">15 Temmuz&#8217;un y\u0131ld\u00f6n\u00fcm\u00fcnde yay\u0131mlanan mesaj, siyasi \u00e7evrelerde ve sosyal medyada geni\u015f yank\u0131 uyand\u0131rd\u0131.<\/p>\n\n\n\n<figure class=\"wp-block-image size-full\"><img loading=\"lazy\" decoding=\"async\" width=\"640\" height=\"823\" src=\"https:\/\/turkiyemhaber.com\/wp-content\/uploads\/2026\/07\/kilicdaroglundan-15-temmuz-mes-20054414-8485_1_m.webp\" alt=\"\" class=\"wp-image-3897\" srcset=\"https:\/\/turkiyemhaber.com\/wp-content\/uploads\/2026\/07\/kilicdaroglundan-15-temmuz-mes-20054414-8485_1_m.webp 640w, https:\/\/turkiyemhaber.com\/wp-content\/uploads\/2026\/07\/kilicdaroglundan-15-temmuz-mes-20054414-8485_1_m-233x300.webp 233w, https:\/\/turkiyemhaber.com\/wp-content\/uploads\/2026\/07\/kilicdaroglundan-15-temmuz-mes-20054414-8485_1_m-9x12.webp 9w\" sizes=\"auto, (max-width: 640px) 100vw, 640px\" \/><\/figure>\n\n\n\n<p class=\"wp-block-paragraph\">&#x1f449; T\u00fcrkiye g\u00fcndeminden en g\u00fcncel haberler i\u00e7in;<\/p>\n\n\n\n<p class=\"wp-block-paragraph\">&#x1f310; <a href=\"http:\/\/www.gundem59.com.tr\/\">www.gundem59.com.tr<\/a><\/p>\n\n\n\n<p class=\"wp-block-paragraph\">&#x1f310; <a href=\"http:\/\/www.turkiyemhaber.com\/\">www.turkiyemhaber.com<\/a><\/p>\n\n\n\n<p class=\"wp-block-paragraph\">&#x1f310; <a href=\"http:\/\/www.gundem44.com.tr\/\">www.gundem44.com.tr<\/a><\/p>\n\n\n\n<p class=\"wp-block-paragraph\">&#x1f310; <a href=\"http:\/\/www.gundem34haber.com.tr\/\">www.gundem34haber.com.tr<\/a><\/p>\n\n\n\n<p class=\"wp-block-paragraph\">&#x1f310; <a href=\"http:\/\/www.saray59.com.tr\/\">www.saray59.com.tr<\/a><\/p>\n\n\n\n<p class=\"wp-block-paragraph\">&#x1f4fa; <a href=\"http:\/\/www.turkiyemhabertv.com\/\">www.turkiyemhabertv.com<\/a><\/p>\n\n\n\n<p class=\"wp-block-paragraph\">&#x1f4fb; <a href=\"http:\/\/www.turkiyemradyo.com\/\">www.turkiyemradyo.com<\/a><\/p>\n\n\n\n<p class=\"wp-block-paragraph\">&#x1f4f1; @gundem59__<\/p>\n\n\n\n<p class=\"wp-block-paragraph\">&#x1f4f1; @turkiyemhaber_tr<\/p>\n\n\n\n<p class=\"wp-block-paragraph\">#KemalK\u0131l\u0131\u00e7daro\u011flu #CHP #15Temmuz #Demokrasi #Cumhuriyet #ParlamenterSistem #Siyaset #Ankara #T\u00fcrkiye #G\u00fcndem #Politika #SonDakika #Gundem59 #TurkiyemHaber #Gundem44 #Gundem34Haber #Saray59 #TurkiyemHaberTV #TurkiyemRadyo<\/p>\n","protected":false},"excerpt":{"rendered":"<p>CHP Genel Ba\u015fkan\u0131 Kemal K\u0131l\u0131\u00e7daro\u011flu, 15 Temmuz darbe giri\u015fiminin 10&#8217;uncu y\u0131l\u0131 dolay\u0131s\u0131yla yay\u0131mlad\u0131\u011f\u0131 mesajda, demokrasiye<\/p>\n","protected":false},"author":1,"featured_media":3894,"comment_status":"open","ping_status":"open","sticky":false,"template":"","format":"standard","meta":{"_rtcl_gb_attr":"","footnotes":""},"categories":[44],"tags":[],"class_list":["post-3893","post","type-post","status-publish","format-standard","has-post-thumbnail","hentry","category-politika"],"_links":{"self":[{"href":"https:\/\/turkiyemhaber.com\/index.php?rest_route=\/wp\/v2\/posts\/3893","targetHints":{"allow":["GET"]}}],"collection":[{"href":"https:\/\/turkiyemhaber.com\/index.php?rest_route=\/wp\/v2\/posts"}],"about":[{"href":"https:\/\/turkiyemhaber.com\/index.php?rest_route=\/wp\/v2\/types\/post"}],"author":[{"embeddable":true,"href":"https:\/\/turkiyemhaber.com\/index.php?rest_route=\/wp\/v2\/users\/1"}],"replies":[{"embeddable":true,"href":"https:\/\/turkiyemhaber.com\/index.php?rest_route=%2Fwp%2Fv2%2Fcomments&post=3893"}],"version-history":[{"count":1,"href":"https:\/\/turkiyemhaber.com\/index.php?rest_route=\/wp\/v2\/posts\/3893\/revisions"}],"predecessor-version":[{"id":3898,"href":"https:\/\/turkiyemhaber.com\/index.php?rest_route=\/wp\/v2\/posts\/3893\/revisions\/3898"}],"wp:featuredmedia":[{"embeddable":true,"href":"https:\/\/turkiyemhaber.com\/index.php?rest_route=\/wp\/v2\/media\/3894"}],"wp:attachment":[{"href":"https:\/\/turkiyemhaber.com\/index.php?rest_route=%2Fwp%2Fv2%2Fmedia&parent=3893"}],"wp:term":[{"taxonomy":"category","embeddable":true,"href":"https:\/\/turkiyemhaber.com\/index.php?rest_route=%2Fwp%2Fv2%2Fcategories&post=3893"},{"taxonomy":"post_tag","embeddable":true,"href":"https:\/\/turkiyemhaber.com\/index.php?rest_route=%2Fwp%2Fv2%2Ftags&post=3893"}],"curies":[{"name":"wp","href":"https:\/\/api.w.org\/{rel}","templated":true}]}}