{"id":3877,"date":"2026-07-14T23:23:26","date_gmt":"2026-07-14T23:23:26","guid":{"rendered":"https:\/\/turkiyemhaber.com\/?p=3877"},"modified":"2026-07-14T23:26:27","modified_gmt":"2026-07-14T23:26:27","slug":"milastaki-orman-yangininda-buyuk-tahliye-1120-kisi-guvenli-bolgelere-sevk-edildi","status":"publish","type":"post","link":"https:\/\/turkiyemhaber.com\/?p=3877","title":{"rendered":"Milas&#8217;taki Orman Yang\u0131n\u0131nda B\u00fcy\u00fck Tahliye: 1120 Ki\u015fi G\u00fcvenli B\u00f6lgelere Sevk Edildi"},"content":{"rendered":"\n<p class=\"wp-block-paragraph\">Mu\u011fla&#8217;n\u0131n Milas il\u00e7esinde \u00e7\u0131kan ve saatlerdir etkisini s\u00fcrd\u00fcren orman yang\u0131n\u0131 nedeniyle b\u00f6lgede geni\u015f \u00e7apl\u0131 tahliye karar\u0131 al\u0131nd\u0131. Yerle\u015fim yerleri ile turizm tesislerini tehdit eden alevler nedeniyle y\u00fczlerce otel ve tatil sitesi bo\u015falt\u0131l\u0131rken, binin \u00fczerinde ki\u015fi g\u00fcvenli alanlara sevk edildi.<\/p>\n\n\n\n<figure class=\"wp-block-image size-full\"><img loading=\"lazy\" decoding=\"async\" width=\"640\" height=\"404\" src=\"https:\/\/turkiyemhaber.com\/wp-content\/uploads\/2026\/07\/milastaki-8-saattir-yaniyor-35-20052834-9057_5_m.webp\" alt=\"\" class=\"wp-image-3881\" srcset=\"https:\/\/turkiyemhaber.com\/wp-content\/uploads\/2026\/07\/milastaki-8-saattir-yaniyor-35-20052834-9057_5_m.webp 640w, https:\/\/turkiyemhaber.com\/wp-content\/uploads\/2026\/07\/milastaki-8-saattir-yaniyor-35-20052834-9057_5_m-300x189.webp 300w, https:\/\/turkiyemhaber.com\/wp-content\/uploads\/2026\/07\/milastaki-8-saattir-yaniyor-35-20052834-9057_5_m-18x12.webp 18w, https:\/\/turkiyemhaber.com\/wp-content\/uploads\/2026\/07\/milastaki-8-saattir-yaniyor-35-20052834-9057_5_m-540x340.webp 540w\" sizes=\"auto, (max-width: 640px) 100vw, 640px\" \/><\/figure>\n\n\n\n<h2 class=\"wp-block-heading\">Yang\u0131n Saatlerdir Devam Ediyor<\/h2>\n\n\n\n<p class=\"wp-block-paragraph\">Milas il\u00e7esine ba\u011fl\u0131 G\u00fcr\u00e7amlar-Bozb\u00fck mevkisinde ba\u015flayan orman yang\u0131n\u0131, \u015fiddetli r\u00fczgar\u0131n da etkisiyle k\u0131sa s\u00fcrede geni\u015f bir alana yay\u0131ld\u0131. Ekipler g\u00fcn boyunca havadan ve karadan yo\u011fun m\u00fcdahalede bulunurken, yang\u0131n\u0131n kontrol alt\u0131na al\u0131nabilmesi i\u00e7in \u00e7al\u0131\u015fmalar gece boyunca da aral\u0131ks\u0131z s\u00fcrd\u00fcr\u00fcld\u00fc.<\/p>\n\n\n\n<p class=\"wp-block-paragraph\">Mu\u011fla Valisi \u0130dris Akb\u0131y\u0131k, yang\u0131n b\u00f6lgesinde yapt\u0131\u011f\u0131 a\u00e7\u0131klamada, yang\u0131n\u0131n yakla\u015f\u0131k 8 saattir devam etti\u011fini ve ekiplerin t\u00fcm imkanlar\u0131yla sahada g\u00f6rev yapt\u0131\u011f\u0131n\u0131 belirtti.<\/p>\n\n\n\n<figure class=\"wp-block-image size-full\"><img loading=\"lazy\" decoding=\"async\" width=\"640\" height=\"360\" src=\"https:\/\/turkiyemhaber.com\/wp-content\/uploads\/2026\/07\/milastaki-8-saattir-yaniyor-35-20052834-4132_4_m.webp\" alt=\"\" class=\"wp-image-3880\" srcset=\"https:\/\/turkiyemhaber.com\/wp-content\/uploads\/2026\/07\/milastaki-8-saattir-yaniyor-35-20052834-4132_4_m.webp 640w, https:\/\/turkiyemhaber.com\/wp-content\/uploads\/2026\/07\/milastaki-8-saattir-yaniyor-35-20052834-4132_4_m-300x169.webp 300w, https:\/\/turkiyemhaber.com\/wp-content\/uploads\/2026\/07\/milastaki-8-saattir-yaniyor-35-20052834-4132_4_m-18x10.webp 18w\" sizes=\"auto, (max-width: 640px) 100vw, 640px\" \/><\/figure>\n\n\n\n<h2 class=\"wp-block-heading\">350 Otel ve 770 Tatil Sitesi Tahliye Edildi<\/h2>\n\n\n\n<p class=\"wp-block-paragraph\">Yang\u0131n\u0131n turizm tesislerine yakla\u015fmas\u0131 \u00fczerine b\u00f6lgede bulunan otel ve tatil sitelerinde tedbir ama\u00e7l\u0131 tahliye karar\u0131 al\u0131nd\u0131.<\/p>\n\n\n\n<p class=\"wp-block-paragraph\">Vali Akb\u0131y\u0131k, yapt\u0131\u011f\u0131 a\u00e7\u0131klamada, b\u00f6lgede bulunan 350 otel ve 770 tatil sitesinden toplam 1120 ki\u015finin g\u00fcvenli b\u00f6lgelere nakledildi\u011fini s\u00f6yledi.<\/p>\n\n\n\n<p class=\"wp-block-paragraph\">Tahliyelerin kontroll\u00fc \u015fekilde ger\u00e7ekle\u015ftirildi\u011fini belirten Akb\u0131y\u0131k, vatanda\u015flar\u0131n can g\u00fcvenli\u011finin \u00f6ncelikli oldu\u011funu ifade etti.<\/p>\n\n\n\n<figure class=\"wp-block-image size-full\"><img loading=\"lazy\" decoding=\"async\" width=\"640\" height=\"415\" src=\"https:\/\/turkiyemhaber.com\/wp-content\/uploads\/2026\/07\/milastaki-8-saattir-yaniyor-35-20052834-4986_2_m.webp\" alt=\"\" class=\"wp-image-3879\" srcset=\"https:\/\/turkiyemhaber.com\/wp-content\/uploads\/2026\/07\/milastaki-8-saattir-yaniyor-35-20052834-4986_2_m.webp 640w, https:\/\/turkiyemhaber.com\/wp-content\/uploads\/2026\/07\/milastaki-8-saattir-yaniyor-35-20052834-4986_2_m-300x195.webp 300w, https:\/\/turkiyemhaber.com\/wp-content\/uploads\/2026\/07\/milastaki-8-saattir-yaniyor-35-20052834-4986_2_m-18x12.webp 18w\" sizes=\"auto, (max-width: 640px) 100vw, 640px\" \/><\/figure>\n\n\n\n<h2 class=\"wp-block-heading\">Y\u00fczlerce Personel Yang\u0131nla M\u00fccadele Ediyor<\/h2>\n\n\n\n<p class=\"wp-block-paragraph\">Yang\u0131na m\u00fcdahale kapsam\u0131nda g\u00fcn i\u00e7erisinde 12 helikopter ve 8 yang\u0131n s\u00f6nd\u00fcrme u\u00e7a\u011f\u0131 havadan destek verirken, gece saatlerinde \u00e7al\u0131\u015fmalar karadan devam etti.<\/p>\n\n\n\n<p class=\"wp-block-paragraph\">Sahada g\u00f6rev yapan ekipler aras\u0131nda:<\/p>\n\n\n\n<ul class=\"wp-block-list\">\n<li>517 personel<\/li>\n\n\n\n<li>62 araz\u00f6z<\/li>\n\n\n\n<li>29 su tankeri<\/li>\n\n\n\n<li>11 dozer<\/li>\n\n\n\n<li>3 ekskavat\u00f6r<\/li>\n\n\n\n<li>6 ilk m\u00fcdahale arac\u0131<\/li>\n\n\n\n<li>4 TOMA<\/li>\n\n\n\n<li>4 ambulans<\/li>\n<\/ul>\n\n\n\n<p class=\"wp-block-paragraph\">ve \u00e7ok say\u0131da i\u015f makinesi yer al\u0131yor.<\/p>\n\n\n\n<p class=\"wp-block-paragraph\">Yetkililer, yang\u0131n\u0131n yerle\u015fim alanlar\u0131na ula\u015fmamas\u0131 i\u00e7in yo\u011fun \u00e7aba sarf edildi\u011fini belirtti.<\/p>\n\n\n\n<figure class=\"wp-block-image size-full\"><img loading=\"lazy\" decoding=\"async\" width=\"640\" height=\"360\" src=\"https:\/\/turkiyemhaber.com\/wp-content\/uploads\/2026\/07\/milastaki-8-saattir-yaniyor-35-20052834-1353_1_m.webp\" alt=\"\" class=\"wp-image-3882\" srcset=\"https:\/\/turkiyemhaber.com\/wp-content\/uploads\/2026\/07\/milastaki-8-saattir-yaniyor-35-20052834-1353_1_m.webp 640w, https:\/\/turkiyemhaber.com\/wp-content\/uploads\/2026\/07\/milastaki-8-saattir-yaniyor-35-20052834-1353_1_m-300x169.webp 300w, https:\/\/turkiyemhaber.com\/wp-content\/uploads\/2026\/07\/milastaki-8-saattir-yaniyor-35-20052834-1353_1_m-18x10.webp 18w\" sizes=\"auto, (max-width: 640px) 100vw, 640px\" \/><\/figure>\n\n\n\n<h2 class=\"wp-block-heading\">Yang\u0131n\u0131n \u00c7\u0131k\u0131\u015f Nedeni Ara\u015ft\u0131r\u0131l\u0131yor<\/h2>\n\n\n\n<p class=\"wp-block-paragraph\">Yang\u0131n\u0131n \u00e7\u0131k\u0131\u015f sebebine ili\u015fkin inceleme ba\u015flat\u0131ld\u0131\u011f\u0131n\u0131 a\u00e7\u0131klayan Mu\u011fla Valisi \u0130dris Akb\u0131y\u0131k, jandarma ekiplerinin olayla ilgili ara\u015ft\u0131rmalar\u0131n\u0131 s\u00fcrd\u00fcrd\u00fc\u011f\u00fcn\u00fc ifade etti.<\/p>\n\n\n\n<p class=\"wp-block-paragraph\">Yetkililer, b\u00f6lgede etkili olan y\u00fcksek s\u0131cakl\u0131k, d\u00fc\u015f\u00fck nem oran\u0131 ve kuvvetli r\u00fczgar nedeniyle s\u00f6nd\u00fcrme \u00e7al\u0131\u015fmalar\u0131n\u0131n g\u00fc\u00e7l\u00fckle y\u00fcr\u00fct\u00fcld\u00fc\u011f\u00fcn\u00fc, yang\u0131n\u0131n kontrol alt\u0131na al\u0131nabilmesi i\u00e7in t\u00fcm imkanlar\u0131n seferber edildi\u011fini bildirdi.<\/p>\n\n\n\n<p class=\"wp-block-paragraph\">\u00d6te yandan b\u00f6lgede ya\u015fayan vatanda\u015flar ile tatilcilerin g\u00fcvenli alanlarda bekletildi\u011fi ve geli\u015fmelerin yak\u0131ndan takip edildi\u011fi \u00f6\u011frenildi. Yang\u0131n\u0131n kontrol alt\u0131na al\u0131nmas\u0131n\u0131n ard\u0131ndan hasar tespit \u00e7al\u0131\u015fmalar\u0131na ba\u015flanaca\u011f\u0131 belirtildi.<\/p>\n\n\n\n<p class=\"wp-block-paragraph\">#SonDakika #Mu\u011fla #Milas #OrmanYang\u0131n\u0131 #Yang\u0131n #OrmanYang\u0131nlar\u0131 #MilasYang\u0131n\u0131 #Mu\u011flaYang\u0131n #Tahliye #Turizm #Tatil #Otel #TatilSitesi #1120Ki\u015fiTahliye #\u0130drisAkb\u0131y\u0131k #AFAD #OrmanGenelM\u00fcd\u00fcrl\u00fc\u011f\u00fc #\u0130tfaiye #Yang\u0131nS\u00f6nd\u00fcrme #Alevler #G\u00fcndem #T\u00fcrkiye #G\u00fcncelHaber #Haber #SonDakikaHaberleri #Gundem59 #TurkiyemHaber #Gundem44 #Gundem34Haber #Saray59 #TurkiyemHaberTV #TurkiyemRadyo #\u00c7evre #Do\u011fa #Afet #Kriz #Mu\u011flaHaberleri #Ege #Bodrum #Marmaris<\/p>\n\n\n\n<p class=\"wp-block-paragraph\">&#x1f449; T\u00fcrkiye g\u00fcndeminden en g\u00fcncel haberler i\u00e7in;<\/p>\n\n\n\n<p class=\"wp-block-paragraph\">&#x1f310; <a href=\"http:\/\/www.gundem59.com.tr\">www.gundem59.com.tr<\/a><\/p>\n\n\n\n<p class=\"wp-block-paragraph\">&#x1f310; <a href=\"http:\/\/www.turkiyemhaber.com\">www.turkiyemhaber.com<\/a><\/p>\n\n\n\n<p class=\"wp-block-paragraph\">&#x1f310; <a href=\"http:\/\/www.gundem44.com.tr\">www.gundem44.com.tr<\/a><\/p>\n\n\n\n<p class=\"wp-block-paragraph\">&#x1f310; <a href=\"http:\/\/www.gundem34haber.com.tr\">www.gundem34haber.com.tr<\/a><\/p>\n\n\n\n<p class=\"wp-block-paragraph\">&#x1f310; <a href=\"http:\/\/www.saray59.com.tr\">www.saray59.com.tr<\/a><\/p>\n\n\n\n<p class=\"wp-block-paragraph\">&#x1f4fa; <a href=\"http:\/\/www.turkiyemhabertv.com\">www.turkiyemhabertv.com<\/a><\/p>\n\n\n\n<p class=\"wp-block-paragraph\">&#x1f4fb; <a href=\"http:\/\/www.turkiyemradyo.com\">www.turkiyemradyo.com<\/a><\/p>\n\n\n\n<p class=\"wp-block-paragraph\">&#x1f4f1; @gundem59__<\/p>\n\n\n\n<p class=\"wp-block-paragraph\">&#x1f4f1; @turkiyemhaber_tr<\/p>\n","protected":false},"excerpt":{"rendered":"<p>Mu\u011fla&#8217;n\u0131n Milas il\u00e7esinde \u00e7\u0131kan ve saatlerdir etkisini s\u00fcrd\u00fcren orman yang\u0131n\u0131 nedeniyle b\u00f6lgede geni\u015f \u00e7apl\u0131 tahliye<\/p>\n","protected":false},"author":1,"featured_media":3878,"comment_status":"open","ping_status":"open","sticky":false,"template":"","format":"standard","meta":{"_rtcl_gb_attr":"","footnotes":""},"categories":[43],"tags":[],"class_list":["post-3877","post","type-post","status-publish","format-standard","has-post-thumbnail","hentry","category-son-dakika"],"_links":{"self":[{"href":"https:\/\/turkiyemhaber.com\/index.php?rest_route=\/wp\/v2\/posts\/3877","targetHints":{"allow":["GET"]}}],"collection":[{"href":"https:\/\/turkiyemhaber.com\/index.php?rest_route=\/wp\/v2\/posts"}],"about":[{"href":"https:\/\/turkiyemhaber.com\/index.php?rest_route=\/wp\/v2\/types\/post"}],"author":[{"embeddable":true,"href":"https:\/\/turkiyemhaber.com\/index.php?rest_route=\/wp\/v2\/users\/1"}],"replies":[{"embeddable":true,"href":"https:\/\/turkiyemhaber.com\/index.php?rest_route=%2Fwp%2Fv2%2Fcomments&post=3877"}],"version-history":[{"count":1,"href":"https:\/\/turkiyemhaber.com\/index.php?rest_route=\/wp\/v2\/posts\/3877\/revisions"}],"predecessor-version":[{"id":3883,"href":"https:\/\/turkiyemhaber.com\/index.php?rest_route=\/wp\/v2\/posts\/3877\/revisions\/3883"}],"wp:featuredmedia":[{"embeddable":true,"href":"https:\/\/turkiyemhaber.com\/index.php?rest_route=\/wp\/v2\/media\/3878"}],"wp:attachment":[{"href":"https:\/\/turkiyemhaber.com\/index.php?rest_route=%2Fwp%2Fv2%2Fmedia&parent=3877"}],"wp:term":[{"taxonomy":"category","embeddable":true,"href":"https:\/\/turkiyemhaber.com\/index.php?rest_route=%2Fwp%2Fv2%2Fcategories&post=3877"},{"taxonomy":"post_tag","embeddable":true,"href":"https:\/\/turkiyemhaber.com\/index.php?rest_route=%2Fwp%2Fv2%2Ftags&post=3877"}],"curies":[{"name":"wp","href":"https:\/\/api.w.org\/{rel}","templated":true}]}}