{"id":3861,"date":"2026-07-11T12:34:47","date_gmt":"2026-07-11T12:34:47","guid":{"rendered":"https:\/\/turkiyemhaber.com\/?p=3861"},"modified":"2026-07-11T12:34:52","modified_gmt":"2026-07-11T12:34:52","slug":"yangin-sirasindaki-paylasim-tartisma-yaratti-erdoganin-uyarisi-yeniden-gundemde","status":"publish","type":"post","link":"https:\/\/turkiyemhaber.com\/?p=3861","title":{"rendered":"Yang\u0131n S\u0131ras\u0131ndaki Payla\u015f\u0131m Tart\u0131\u015fma Yaratt\u0131: Erdo\u011fan&#8217;\u0131n Uyar\u0131s\u0131 Yeniden G\u00fcndemde"},"content":{"rendered":"\n<p class=\"wp-block-paragraph\">AK Partili \u015eehitkamil Belediye Ba\u015fkan\u0131 Umut Y\u0131lmaz&#8217;\u0131n, Gaziantep&#8217;te meydana gelen bir yang\u0131n s\u0131ras\u0131nda \u00e7ekilen g\u00f6r\u00fcnt\u00fcleri sosyal medya hesab\u0131ndan payla\u015fmas\u0131 kamuoyunda tart\u0131\u015fma yaratt\u0131. Sosyal medyada baz\u0131 kullan\u0131c\u0131lar payla\u015f\u0131m\u0131 ele\u015ftirirken, ya\u015fananlar Cumhurba\u015fkan\u0131 Recep Tayyip Erdo\u011fan&#8217;\u0131n kamu g\u00f6revlilerine y\u00f6nelik sosyal medya uyar\u0131lar\u0131n\u0131 yeniden g\u00fcndeme ta\u015f\u0131d\u0131.<\/p>\n\n\n\n<p class=\"wp-block-paragraph\">Gaziantep&#8217;in \u015eehitkamil il\u00e7esinde bulunan 5 katl\u0131 bir i\u015f merkezinde \u00e7\u0131kan yang\u0131na itfaiye ve emniyet ekipleri m\u00fcdahale etti. Yang\u0131n s\u0131ras\u0131nda olay yerine gelen Belediye Ba\u015fkan\u0131 Umut Y\u0131lmaz&#8217;\u0131n, ekiplerin \u00e7al\u0131\u015fmalar\u0131n\u0131 yerinde takip etti\u011fi anlar kameralar taraf\u0131ndan kaydedildi.<\/p>\n\n\n\n<h2 class=\"wp-block-heading\">Y\u0131lmaz: &#8220;T\u00fcm \u0130mk\u00e2nlar\u0131m\u0131zla Sahada Seferber Olduk&#8221;<\/h2>\n\n\n\n<p class=\"wp-block-paragraph\">Ba\u015fkan Y\u0131lmaz, olay\u0131n ard\u0131ndan sosyal medya hesab\u0131ndan payla\u015ft\u0131\u011f\u0131 videoda belediye ekiplerinin yang\u0131na m\u00fcdahale s\u00fcrecinde aktif g\u00f6rev ald\u0131\u011f\u0131n\u0131 belirtti.<\/p>\n\n\n\n<p class=\"wp-block-paragraph\">Y\u0131lmaz payla\u015f\u0131m\u0131nda, &#8220;Bir i\u015f merkezinde \u00e7\u0131kan yang\u0131n\u0131n ard\u0131ndan, Zab\u0131ta M\u00fcd\u00fcrl\u00fc\u011f\u00fc ekiplerimiz ve sulama ara\u00e7lar\u0131m\u0131zla birlikte h\u0131zla olay yerine intikal ederek, emniyet g\u00fc\u00e7lerimiz ve itfaiye ekipleri ile koordineli \u015fekilde yang\u0131na m\u00fcdahale ettik ve \u00e7evre g\u00fcvenli\u011fini sa\u011flad\u0131k. Belediyemiz t\u00fcm imk\u00e2nlar\u0131yla olay an\u0131ndan itibaren sahada seferber oldu. En b\u00fcy\u00fck tesellimiz ise herhangi bir can kayb\u0131n\u0131n ya\u015fanmam\u0131\u015f olmas\u0131d\u0131r. Yang\u0131ndan etkilenen t\u00fcm hem\u015fehrilerimize ge\u00e7mi\u015f olsun dileklerimi iletiyorum.&#8221; ifadelerini kulland\u0131.<\/p>\n\n\n\n<h2 class=\"wp-block-heading\">Sosyal Medyada Ele\u015ftiriler Geldi<\/h2>\n\n\n\n<p class=\"wp-block-paragraph\">Payla\u015f\u0131m\u0131n ard\u0131ndan baz\u0131 sosyal medya kullan\u0131c\u0131lar\u0131, yang\u0131n alan\u0131nda ki\u015fisel koruyucu ekipman kullan\u0131lmadan g\u00f6r\u00fcnt\u00fc verilmesini ele\u015ftirirken, baz\u0131 kullan\u0131c\u0131lar da belediye ba\u015fkan\u0131n\u0131n olay yerindeki tutumunu &#8220;\u015fov&#8221; olarak de\u011ferlendirdi.<\/p>\n\n\n\n<p class=\"wp-block-paragraph\">Payla\u015f\u0131ma yap\u0131lan yorumlarda, kamu g\u00f6revlilerinin kriz anlar\u0131nda g\u00fcvenlik kurallar\u0131na uygun davranmas\u0131n\u0131n \u00f6nemine dikkat \u00e7ekildi.<\/p>\n\n\n\n<h2 class=\"wp-block-heading\">Erdo\u011fan&#8217;\u0131n A\u00e7\u0131klamalar\u0131 Yeniden Hat\u0131rland\u0131<\/h2>\n\n\n\n<p class=\"wp-block-paragraph\">Ya\u015fanan tart\u0131\u015fmalar\u0131n ard\u0131ndan Cumhurba\u015fkan\u0131 Recep Tayyip Erdo\u011fan&#8217;\u0131n k\u0131sa s\u00fcre \u00f6nce kamu y\u00f6neticilerine y\u00f6nelik yapt\u0131\u011f\u0131 sosyal medya de\u011ferlendirmeleri yeniden g\u00fcndeme geldi.<\/p>\n\n\n\n<p class=\"wp-block-paragraph\">Erdo\u011fan, kamu g\u00f6revlilerinin dijital platformlardaki payla\u015f\u0131mlar\u0131nda \u00f6l\u00e7\u00fcl\u00fc davranmalar\u0131 gerekti\u011fini belirterek, &#8220;Be\u011feni almak, etkile\u015fimi art\u0131rmak ve g\u00fcndeme gelmek gibi sebeplerle bu mecralarda zaman zaman \u00f6l\u00e7\u00fcn\u00fcn ka\u00e7t\u0131\u011f\u0131na \u015fahit oluyoruz.&#8221; ifadelerini kullanm\u0131\u015ft\u0131.<\/p>\n\n\n\n<p class=\"wp-block-paragraph\">Cumhurba\u015fkan\u0131 Erdo\u011fan ayr\u0131ca kamu y\u00f6neticilerinin, devlet ciddiyetine uygun bir ileti\u015fim dili benimsemelerinin \u00f6nemine vurgu yapm\u0131\u015ft\u0131.<\/p>\n\n\n\n<p class=\"wp-block-paragraph\">\u00d6te yandan yang\u0131nla ilgili herhangi bir can kayb\u0131 ya\u015fanmad\u0131\u011f\u0131, ekiplerin m\u00fcdahalesi sonucu alevlerin kontrol alt\u0131na al\u0131nd\u0131\u011f\u0131 bildirildi.<\/p>\n","protected":false},"excerpt":{"rendered":"<p>AK Partili \u015eehitkamil Belediye Ba\u015fkan\u0131 Umut Y\u0131lmaz&#8217;\u0131n, Gaziantep&#8217;te meydana gelen bir yang\u0131n s\u0131ras\u0131nda \u00e7ekilen g\u00f6r\u00fcnt\u00fcleri<\/p>\n","protected":false},"author":1,"featured_media":3862,"comment_status":"open","ping_status":"open","sticky":false,"template":"","format":"standard","meta":{"_rtcl_gb_attr":"","footnotes":""},"categories":[44],"tags":[],"class_list":["post-3861","post","type-post","status-publish","format-standard","has-post-thumbnail","hentry","category-politika"],"_links":{"self":[{"href":"https:\/\/turkiyemhaber.com\/index.php?rest_route=\/wp\/v2\/posts\/3861","targetHints":{"allow":["GET"]}}],"collection":[{"href":"https:\/\/turkiyemhaber.com\/index.php?rest_route=\/wp\/v2\/posts"}],"about":[{"href":"https:\/\/turkiyemhaber.com\/index.php?rest_route=\/wp\/v2\/types\/post"}],"author":[{"embeddable":true,"href":"https:\/\/turkiyemhaber.com\/index.php?rest_route=\/wp\/v2\/users\/1"}],"replies":[{"embeddable":true,"href":"https:\/\/turkiyemhaber.com\/index.php?rest_route=%2Fwp%2Fv2%2Fcomments&post=3861"}],"version-history":[{"count":1,"href":"https:\/\/turkiyemhaber.com\/index.php?rest_route=\/wp\/v2\/posts\/3861\/revisions"}],"predecessor-version":[{"id":3863,"href":"https:\/\/turkiyemhaber.com\/index.php?rest_route=\/wp\/v2\/posts\/3861\/revisions\/3863"}],"wp:featuredmedia":[{"embeddable":true,"href":"https:\/\/turkiyemhaber.com\/index.php?rest_route=\/wp\/v2\/media\/3862"}],"wp:attachment":[{"href":"https:\/\/turkiyemhaber.com\/index.php?rest_route=%2Fwp%2Fv2%2Fmedia&parent=3861"}],"wp:term":[{"taxonomy":"category","embeddable":true,"href":"https:\/\/turkiyemhaber.com\/index.php?rest_route=%2Fwp%2Fv2%2Fcategories&post=3861"},{"taxonomy":"post_tag","embeddable":true,"href":"https:\/\/turkiyemhaber.com\/index.php?rest_route=%2Fwp%2Fv2%2Ftags&post=3861"}],"curies":[{"name":"wp","href":"https:\/\/api.w.org\/{rel}","templated":true}]}}