{"id":3857,"date":"2026-07-11T12:30:29","date_gmt":"2026-07-11T12:30:29","guid":{"rendered":"https:\/\/turkiyemhaber.com\/?p=3857"},"modified":"2026-07-11T12:30:34","modified_gmt":"2026-07-11T12:30:34","slug":"resmi-gazetede-yayimlandi-meb-yoneticilerine-ek-tazminat-duzenlemesi","status":"publish","type":"post","link":"https:\/\/turkiyemhaber.com\/?p=3857","title":{"rendered":"Resmi Gazete&#8217;de Yay\u0131mland\u0131! MEB Y\u00f6neticilerine Ek Tazminat D\u00fczenlemesi"},"content":{"rendered":"\n<p class=\"wp-block-paragraph\">Milli E\u011fitim Bakanl\u0131\u011f\u0131 b\u00fcnyesinde g\u00f6rev yapan ve ge\u00e7mi\u015fte g\u00f6rev yapm\u0131\u015f il milli e\u011fitim m\u00fcd\u00fcr yard\u0131mc\u0131lar\u0131, il\u00e7e milli e\u011fitim m\u00fcd\u00fcrleri ve \u015fube m\u00fcd\u00fcrlerini ilgilendiren ek \u00f6zel hizmet tazminat\u0131 d\u00fczenlemesi Resmi Gazete&#8217;de yay\u0131mlanarak y\u00fcr\u00fcrl\u00fc\u011fe girdi.<\/p>\n\n\n\n<p class=\"wp-block-paragraph\">Recep Tayyip Erdo\u011fan&#8217;\u0131n imzas\u0131yla yay\u0131mlanan karar kapsam\u0131nda, Milli E\u011fitim Bakanl\u0131\u011f\u0131&#8217;nda y\u00f6netici kadrolar\u0131nda g\u00f6rev yapan veya daha \u00f6nce bu g\u00f6revlerde bulunmu\u015f \u00f6\u011fretmenlere hizmet s\u00fcrelerine g\u00f6re ek \u00f6zel hizmet tazminat\u0131 \u00f6denecek.<\/p>\n\n\n\n<h2 class=\"wp-block-heading\">Resmi Gazete&#8217;de Yay\u0131mland\u0131<\/h2>\n\n\n\n<p class=\"wp-block-paragraph\">11 Temmuz 2026 tarihli ve 33307 say\u0131l\u0131 Resmi Gazete&#8217;de yay\u0131mlanan 11516 say\u0131l\u0131 Cumhurba\u015fkan\u0131 Karar\u0131 ile, 2006 y\u0131l\u0131nda y\u00fcr\u00fcrl\u00fc\u011fe giren &#8220;Devlet Memurlar\u0131na \u00d6denecek Zam ve Tazminatlara \u0130li\u015fkin Karar&#8221;\u0131n \u00d6zel Hizmet Tazminat\u0131 Cetveli&#8217;nde de\u011fi\u015fiklik yap\u0131ld\u0131.<\/p>\n\n\n\n<p class=\"wp-block-paragraph\">D\u00fczenleme ile e\u011fitim ve \u00f6\u011fretim hizmetleri s\u0131n\u0131f\u0131nda yer alan ve Milli E\u011fitim Bakanl\u0131\u011f\u0131 b\u00fcnyesinde belirli y\u00f6netici kadrolar\u0131nda g\u00f6rev yapan ya da ge\u00e7mi\u015fte g\u00f6rev yapm\u0131\u015f personele ilave tazminat hakk\u0131 tan\u0131nd\u0131.<\/p>\n\n\n\n<h2 class=\"wp-block-heading\">D\u00fczenleme Kimleri Kaps\u0131yor?<\/h2>\n\n\n\n<p class=\"wp-block-paragraph\">Karar kapsam\u0131nda;<\/p>\n\n\n\n<ul class=\"wp-block-list\">\n<li>\u0130l milli e\u011fitim m\u00fcd\u00fcr yard\u0131mc\u0131lar\u0131,<\/li>\n\n\n\n<li>\u0130l\u00e7e milli e\u011fitim m\u00fcd\u00fcrleri,<\/li>\n\n\n\n<li>\u015eube m\u00fcd\u00fcrleri,<\/li>\n<\/ul>\n\n\n\n<p class=\"wp-block-paragraph\">ek \u00f6zel hizmet tazminat\u0131ndan yararlanabilecek.<\/p>\n\n\n\n<h2 class=\"wp-block-heading\">Hizmet S\u00fcresine G\u00f6re Tazminat Oranlar\u0131 Belirlendi<\/h2>\n\n\n\n<p class=\"wp-block-paragraph\">Yeni d\u00fczenlemeye g\u00f6re ek tazminat oranlar\u0131, \u00f6\u011fretmenlik ve y\u00f6neticilik g\u00f6revlerinde ge\u00e7irilen toplam hizmet s\u00fcresine g\u00f6re iki ayr\u0131 kademede uygulanacak.<\/p>\n\n\n\n<p class=\"wp-block-paragraph\"><strong>20 y\u0131l ve \u00fczeri hizmet s\u00fcresi bulunanlar<\/strong><\/p>\n\n\n\n<ul class=\"wp-block-list\">\n<li>Toplam hizmet s\u00fcresi en az 20 y\u0131l olan y\u00f6neticilere 50 puan ek tazminat verilecek.<\/li>\n<\/ul>\n\n\n\n<p class=\"wp-block-paragraph\"><strong>10 y\u0131l ile 20 y\u0131l aras\u0131nda hizmet s\u00fcresi bulunanlar<\/strong><\/p>\n\n\n\n<ul class=\"wp-block-list\">\n<li>Toplam hizmet s\u00fcresi en az 10 y\u0131l olan y\u00f6neticilere ise 25 puan ek tazminat uygulanacak.<\/li>\n<\/ul>\n\n\n\n<h2 class=\"wp-block-heading\">Maa\u015f ve \u00d6demelerde Art\u0131\u015f Sa\u011flanacak<\/h2>\n\n\n\n<p class=\"wp-block-paragraph\">Resmi Gazete&#8217;de yay\u0131mlanan d\u00fczenleme kapsam\u0131nda ilgili y\u00f6neticilere yakla\u015f\u0131k 3 bin 500 lira ile 9 bin 500 lira aras\u0131nda ek \u00f6deme yap\u0131lmas\u0131 \u00f6ng\u00f6r\u00fcl\u00fcyor.<\/p>\n\n\n\n<p class=\"wp-block-paragraph\">D\u00fczenlemenin, y\u00f6netici kadrolar\u0131nda g\u00f6rev yapan e\u011fitimcilerin mali haklar\u0131nda iyile\u015fme sa\u011flamas\u0131 beklenirken, ek ders, n\u00f6bet ve idari g\u00f6revler kapsam\u0131nda yap\u0131lan baz\u0131 \u00f6demelere de olumlu yans\u0131malar\u0131n\u0131n olabilece\u011fi de\u011ferlendiriliyor.<\/p>\n\n\n\n<p class=\"wp-block-paragraph\">Yeni uygulaman\u0131n y\u00fcr\u00fcrl\u00fc\u011fe girmesiyle birlikte, Milli E\u011fitim Bakanl\u0131\u011f\u0131 b\u00fcnyesinde g\u00f6rev yapan ve gerekli \u015fartlar\u0131 ta\u015f\u0131yan y\u00f6neticilerin mali haklar\u0131nda \u00f6nemli bir art\u0131\u015f ya\u015fanacak.<\/p>\n\n\n\n<figure class=\"wp-block-image size-full\"><img loading=\"lazy\" decoding=\"async\" width=\"640\" height=\"808\" src=\"https:\/\/turkiyemhaber.com\/wp-content\/uploads\/2026\/07\/20260711_fb39008408ab4c9dbcd4021b73075fc2.webp\" alt=\"\" class=\"wp-image-3859\" srcset=\"https:\/\/turkiyemhaber.com\/wp-content\/uploads\/2026\/07\/20260711_fb39008408ab4c9dbcd4021b73075fc2.webp 640w, https:\/\/turkiyemhaber.com\/wp-content\/uploads\/2026\/07\/20260711_fb39008408ab4c9dbcd4021b73075fc2-238x300.webp 238w, https:\/\/turkiyemhaber.com\/wp-content\/uploads\/2026\/07\/20260711_fb39008408ab4c9dbcd4021b73075fc2-10x12.webp 10w\" sizes=\"auto, (max-width: 640px) 100vw, 640px\" \/><\/figure>\n","protected":false},"excerpt":{"rendered":"<p>Milli E\u011fitim Bakanl\u0131\u011f\u0131 b\u00fcnyesinde g\u00f6rev yapan ve ge\u00e7mi\u015fte g\u00f6rev yapm\u0131\u015f il milli e\u011fitim m\u00fcd\u00fcr yard\u0131mc\u0131lar\u0131,<\/p>\n","protected":false},"author":1,"featured_media":3858,"comment_status":"open","ping_status":"open","sticky":false,"template":"","format":"standard","meta":{"_rtcl_gb_attr":"","footnotes":""},"categories":[14],"tags":[],"class_list":["post-3857","post","type-post","status-publish","format-standard","has-post-thumbnail","hentry","category-ekonomi"],"_links":{"self":[{"href":"https:\/\/turkiyemhaber.com\/index.php?rest_route=\/wp\/v2\/posts\/3857","targetHints":{"allow":["GET"]}}],"collection":[{"href":"https:\/\/turkiyemhaber.com\/index.php?rest_route=\/wp\/v2\/posts"}],"about":[{"href":"https:\/\/turkiyemhaber.com\/index.php?rest_route=\/wp\/v2\/types\/post"}],"author":[{"embeddable":true,"href":"https:\/\/turkiyemhaber.com\/index.php?rest_route=\/wp\/v2\/users\/1"}],"replies":[{"embeddable":true,"href":"https:\/\/turkiyemhaber.com\/index.php?rest_route=%2Fwp%2Fv2%2Fcomments&post=3857"}],"version-history":[{"count":1,"href":"https:\/\/turkiyemhaber.com\/index.php?rest_route=\/wp\/v2\/posts\/3857\/revisions"}],"predecessor-version":[{"id":3860,"href":"https:\/\/turkiyemhaber.com\/index.php?rest_route=\/wp\/v2\/posts\/3857\/revisions\/3860"}],"wp:featuredmedia":[{"embeddable":true,"href":"https:\/\/turkiyemhaber.com\/index.php?rest_route=\/wp\/v2\/media\/3858"}],"wp:attachment":[{"href":"https:\/\/turkiyemhaber.com\/index.php?rest_route=%2Fwp%2Fv2%2Fmedia&parent=3857"}],"wp:term":[{"taxonomy":"category","embeddable":true,"href":"https:\/\/turkiyemhaber.com\/index.php?rest_route=%2Fwp%2Fv2%2Fcategories&post=3857"},{"taxonomy":"post_tag","embeddable":true,"href":"https:\/\/turkiyemhaber.com\/index.php?rest_route=%2Fwp%2Fv2%2Ftags&post=3857"}],"curies":[{"name":"wp","href":"https:\/\/api.w.org\/{rel}","templated":true}]}}