{"id":3849,"date":"2026-07-11T12:18:08","date_gmt":"2026-07-11T12:18:08","guid":{"rendered":"https:\/\/turkiyemhaber.com\/?p=3849"},"modified":"2026-07-11T12:18:16","modified_gmt":"2026-07-11T12:18:16","slug":"cankaya-belediye-baskani-hakkinda-gozalti-karari-havalimaninda-dikkat-ceken-hazirlik","status":"publish","type":"post","link":"https:\/\/turkiyemhaber.com\/?p=3849","title":{"rendered":"\u00c7ankaya Belediye Ba\u015fkan\u0131 Hakk\u0131nda G\u00f6zalt\u0131 Karar\u0131: Havaliman\u0131nda Dikkat \u00c7eken Haz\u0131rl\u0131k"},"content":{"rendered":"\n<p class=\"wp-block-paragraph\">Ankara Cumhuriyet\u00c7ankaya Belediye Ba\u015fkan\u0131 G\u00fcner&#8217;in G\u00f6zalt\u0131na Al\u0131naca\u011f\u0131 Havaliman\u0131nda Dikkat \u00c7eken Haz\u0131rl\u0131k<\/p>\n\n\n\n<p class=\"wp-block-paragraph\">Ankara&#8217;da aralar\u0131nda \u00c7ankaya Belediye Ba\u015fkan\u0131 H\u00fcseyin Can G\u00fcner&#8217;in de bulundu\u011fu 36 \u015f\u00fcpheli hakk\u0131nda, &#8220;su\u00e7 \u00f6rg\u00fct\u00fc kurma&#8221;, &#8220;r\u00fc\u015fvet&#8221; ve &#8220;ihaleye fesat kar\u0131\u015ft\u0131rma&#8221; su\u00e7lamalar\u0131 kapsam\u0131nda g\u00f6zalt\u0131 karar\u0131 verildi. Yurt d\u0131\u015f\u0131nda bulundu\u011fu \u00f6\u011frenilen G\u00fcner&#8217;in g\u00f6zalt\u0131na al\u0131naca\u011f\u0131 Esenbo\u011fa Havaliman\u0131&#8217;na, e\u015fyalar\u0131n\u0131 teslim almak amac\u0131yla personel g\u00f6revlendirildi\u011fi ve iki makam arac\u0131n\u0131n g\u00f6nderildi\u011fi \u00f6\u011frenildi.<\/p>\n\n\n\n<p class=\"wp-block-paragraph\">\u00c7ankaya Belediyesi&#8217;ne y\u00f6nelik y\u00fcr\u00fct\u00fclen soru\u015fturma kapsam\u0131nda hakk\u0131nda g\u00f6zalt\u0131 karar\u0131 bulunan \u00c7ankaya Belediye Ba\u015fkan\u0131 H\u00fcseyin Can G\u00fcner&#8217;in, T\u00fcrkiye&#8217;ye d\u00f6n\u00fc\u015f\u00fcnde g\u00f6zalt\u0131na al\u0131naca\u011f\u0131 Esenbo\u011fa Havaliman\u0131&#8217;na belediye personeli ile iki makam arac\u0131n\u0131n y\u00f6nlendirildi\u011fi belirtildi.<\/p>\n\n\n\n<p class=\"wp-block-paragraph\">Ankara Cumhuriyet Ba\u015fsavc\u0131l\u0131\u011f\u0131 taraf\u0131ndan y\u00fcr\u00fct\u00fclen soru\u015fturma kapsam\u0131nda, aralar\u0131nda H\u00fcseyin Can G\u00fcner&#8217;in de yer ald\u0131\u011f\u0131 36 \u015f\u00fcpheli hakk\u0131nda g\u00f6zalt\u0131 karar\u0131 verildi. Operasyon kapsam\u0131nda \u015fu ana kadar 27 ki\u015finin g\u00f6zalt\u0131na al\u0131nd\u0131\u011f\u0131 bildirildi. \u015e\u00fcpheliler hakk\u0131nda &#8220;su\u00e7 \u00f6rg\u00fct\u00fc kurma&#8221;, &#8220;su\u00e7 \u00f6rg\u00fct\u00fcne \u00fcye olma&#8221;, &#8220;r\u00fc\u015fvet alma&#8221;, &#8220;r\u00fc\u015fvet verme&#8221; ve &#8220;ihaleye fesat kar\u0131\u015ft\u0131rma&#8221; su\u00e7lamalar\u0131n\u0131n y\u00f6neltildi\u011fi kaydedildi.<\/p>\n\n\n\n<figure class=\"wp-block-image size-full\"><img loading=\"lazy\" decoding=\"async\" width=\"735\" height=\"490\" src=\"https:\/\/turkiyemhaber.com\/wp-content\/uploads\/2026\/07\/belediye-baskaninin-gozaltina-alinacagi-havalimaninda-hazirlik-var_20041372_33-1.jpg\" alt=\"\" class=\"wp-image-3852\" srcset=\"https:\/\/turkiyemhaber.com\/wp-content\/uploads\/2026\/07\/belediye-baskaninin-gozaltina-alinacagi-havalimaninda-hazirlik-var_20041372_33-1.jpg 735w, https:\/\/turkiyemhaber.com\/wp-content\/uploads\/2026\/07\/belediye-baskaninin-gozaltina-alinacagi-havalimaninda-hazirlik-var_20041372_33-1-300x200.jpg 300w, https:\/\/turkiyemhaber.com\/wp-content\/uploads\/2026\/07\/belediye-baskaninin-gozaltina-alinacagi-havalimaninda-hazirlik-var_20041372_33-1-18x12.jpg 18w\" sizes=\"auto, (max-width: 735px) 100vw, 735px\" \/><\/figure>\n\n\n\n<h2 class=\"wp-block-heading\">\u0130ki Makam Arac\u0131 ve Personel D\u0131\u015f Hatlarda Bekliyor<\/h2>\n\n\n\n<p class=\"wp-block-paragraph\">Yurt d\u0131\u015f\u0131nda oldu\u011fu belirtilen ve g\u00f6zalt\u0131 karar\u0131n\u0131n ard\u0131ndan Ankara&#8217;ya d\u00f6nece\u011fini a\u00e7\u0131klad\u0131\u011f\u0131 ifade edilen H\u00fcseyin Can G\u00fcner i\u00e7in Esenbo\u011fa Havaliman\u0131 D\u0131\u015f Hatlar Terminali&#8217;ne iki makam arac\u0131 ile personel g\u00f6nderildi\u011fi \u00f6\u011frenildi. G\u00f6revlilerin, G\u00fcner&#8217;in ki\u015fisel e\u015fyalar\u0131n\u0131 teslim almak amac\u0131yla havaliman\u0131nda haz\u0131r bekledi\u011fi belirtildi.<\/p>\n\n\n\n<figure class=\"wp-block-image size-full\"><img loading=\"lazy\" decoding=\"async\" width=\"640\" height=\"480\" src=\"https:\/\/turkiyemhaber.com\/wp-content\/uploads\/2026\/07\/cankaya-belediye-baskani-guler-20041372-5892_1_m.webp\" alt=\"\" class=\"wp-image-3853\" srcset=\"https:\/\/turkiyemhaber.com\/wp-content\/uploads\/2026\/07\/cankaya-belediye-baskani-guler-20041372-5892_1_m.webp 640w, https:\/\/turkiyemhaber.com\/wp-content\/uploads\/2026\/07\/cankaya-belediye-baskani-guler-20041372-5892_1_m-300x225.webp 300w, https:\/\/turkiyemhaber.com\/wp-content\/uploads\/2026\/07\/cankaya-belediye-baskani-guler-20041372-5892_1_m-16x12.webp 16w, https:\/\/turkiyemhaber.com\/wp-content\/uploads\/2026\/07\/cankaya-belediye-baskani-guler-20041372-5892_1_m-320x240.webp 320w\" sizes=\"auto, (max-width: 640px) 100vw, 640px\" \/><\/figure>\n\n\n\n<p class=\"wp-block-paragraph\">Operasyon kapsam\u0131nda g\u00f6zalt\u0131na al\u0131nan \u015f\u00fcpheliler \u015funlar:<\/p>\n\n\n\n<ol class=\"wp-block-list\">\n<li>Mesut Ak\u0131nc\u0131<\/li>\n\n\n\n<li>Bora \u00d6zel<\/li>\n\n\n\n<li>Mehmet Y\u0131ld\u0131r\u0131m<\/li>\n\n\n\n<li>Ali Yal\u00e7\u0131n<\/li>\n\n\n\n<li>Song\u00fcl Ulusal<\/li>\n\n\n\n<li>Ertan Do\u011fan<\/li>\n\n\n\n<li>Seyfullah Y\u00fczy\u0131l<\/li>\n\n\n\n<li>\u015eenol Bulut<\/li>\n\n\n\n<li>Paki K\u0131lavuz<\/li>\n\n\n\n<li>Yavuz \u0130ri\u015f<\/li>\n\n\n\n<li>Tun\u00e7 Emre Ta\u015f\u00e7\u0131o\u011flu<\/li>\n\n\n\n<li>Murat Bolat<\/li>\n\n\n\n<li>Alaattin G\u00fczel<\/li>\n\n\n\n<li>Adnan \u015een<\/li>\n\n\n\n<li>Levent Yenal<\/li>\n\n\n\n<li>Koray Kurtcu<\/li>\n\n\n\n<li>Ay\u015feg\u00fcl \u00dcnal<\/li>\n\n\n\n<li>Eren Kaplan<\/li>\n\n\n\n<li>Umut K\u0131l\u0131\u00e7aslan<\/li>\n\n\n\n<li>Hakan Cemalo\u011flu<\/li>\n\n\n\n<li>Remzi Baka<\/li>\n\n\n\n<li>Hasan Alas<\/li>\n\n\n\n<li>Erol Bulut<\/li>\n\n\n\n<li>Mehmet Alas<\/li>\n\n\n\n<li>Mustafa Samet Dadand\u0131<\/li>\n\n\n\n<li>\u0130nan Sevilmi\u015f<\/li>\n\n\n\n<li>Emre Do\u011fan<\/li>\n<\/ol>\n\n\n\n<figure class=\"wp-block-image size-full\"><img loading=\"lazy\" decoding=\"async\" width=\"640\" height=\"450\" src=\"https:\/\/turkiyemhaber.com\/wp-content\/uploads\/2026\/07\/cankaya-belediye-baskani-guler-20041372-9156_1_m.webp\" alt=\"\" class=\"wp-image-3854\" srcset=\"https:\/\/turkiyemhaber.com\/wp-content\/uploads\/2026\/07\/cankaya-belediye-baskani-guler-20041372-9156_1_m.webp 640w, https:\/\/turkiyemhaber.com\/wp-content\/uploads\/2026\/07\/cankaya-belediye-baskani-guler-20041372-9156_1_m-300x211.webp 300w, https:\/\/turkiyemhaber.com\/wp-content\/uploads\/2026\/07\/cankaya-belediye-baskani-guler-20041372-9156_1_m-18x12.webp 18w, https:\/\/turkiyemhaber.com\/wp-content\/uploads\/2026\/07\/cankaya-belediye-baskani-guler-20041372-9156_1_m-150x105.webp 150w\" sizes=\"auto, (max-width: 640px) 100vw, 640px\" \/><\/figure>\n\n\n\n<h2 class=\"wp-block-heading\">G\u00f6zalt\u0131na Al\u0131nanlar Aras\u0131nda ABB&#8217;den de Bir \u0130sim Var<\/h2>\n\n\n\n<p class=\"wp-block-paragraph\">G\u00f6zalt\u0131na al\u0131nanlar aras\u0131nda \u00c7ankaya Belediye Ba\u015fkan Yard\u0131mc\u0131s\u0131 Mesut Ak\u0131nc\u0131, \u00c7ankaya Belediye Meclis \u00dcyesi Ahmet A\u011f\u0131rman ile Ankara B\u00fcy\u00fck\u015fehir Belediye Meclisi \u0130kinci Ba\u015fkan Vekili Emre Do\u011fan&#8217;\u0131n da bulundu\u011fu \u00f6\u011frenildi.<\/p>\n\n\n\n<p class=\"wp-block-paragraph\">Soru\u015fturmaya ili\u015fkin i\u015flemlerin s\u00fcrd\u00fc\u011f\u00fc ve g\u00f6zalt\u0131 karar\u0131 bulunan di\u011fer \u015f\u00fcphelilere y\u00f6nelik \u00e7al\u0131\u015fmalar\u0131n devam etti\u011fi bildirildi.<\/p>\n\n\n\n<figure class=\"wp-block-image size-full\"><img loading=\"lazy\" decoding=\"async\" width=\"640\" height=\"376\" src=\"https:\/\/turkiyemhaber.com\/wp-content\/uploads\/2026\/07\/cankaya-belediye-baskani-guler-20041372-4477_1_m.webp\" alt=\"\" class=\"wp-image-3855\" srcset=\"https:\/\/turkiyemhaber.com\/wp-content\/uploads\/2026\/07\/cankaya-belediye-baskani-guler-20041372-4477_1_m.webp 640w, https:\/\/turkiyemhaber.com\/wp-content\/uploads\/2026\/07\/cankaya-belediye-baskani-guler-20041372-4477_1_m-300x176.webp 300w, https:\/\/turkiyemhaber.com\/wp-content\/uploads\/2026\/07\/cankaya-belediye-baskani-guler-20041372-4477_1_m-18x12.webp 18w\" sizes=\"auto, (max-width: 640px) 100vw, 640px\" \/><\/figure>\n\n\n\n<p class=\"wp-block-paragraph\"><\/p>\n","protected":false},"excerpt":{"rendered":"<p>Ankara Cumhuriyet\u00c7ankaya Belediye Ba\u015fkan\u0131 G\u00fcner&#8217;in G\u00f6zalt\u0131na Al\u0131naca\u011f\u0131 Havaliman\u0131nda Dikkat \u00c7eken Haz\u0131rl\u0131k Ankara&#8217;da aralar\u0131nda \u00c7ankaya Belediye<\/p>\n","protected":false},"author":1,"featured_media":3850,"comment_status":"open","ping_status":"open","sticky":false,"template":"","format":"standard","meta":{"_rtcl_gb_attr":"","footnotes":""},"categories":[43],"tags":[],"class_list":["post-3849","post","type-post","status-publish","format-standard","has-post-thumbnail","hentry","category-son-dakika"],"_links":{"self":[{"href":"https:\/\/turkiyemhaber.com\/index.php?rest_route=\/wp\/v2\/posts\/3849","targetHints":{"allow":["GET"]}}],"collection":[{"href":"https:\/\/turkiyemhaber.com\/index.php?rest_route=\/wp\/v2\/posts"}],"about":[{"href":"https:\/\/turkiyemhaber.com\/index.php?rest_route=\/wp\/v2\/types\/post"}],"author":[{"embeddable":true,"href":"https:\/\/turkiyemhaber.com\/index.php?rest_route=\/wp\/v2\/users\/1"}],"replies":[{"embeddable":true,"href":"https:\/\/turkiyemhaber.com\/index.php?rest_route=%2Fwp%2Fv2%2Fcomments&post=3849"}],"version-history":[{"count":1,"href":"https:\/\/turkiyemhaber.com\/index.php?rest_route=\/wp\/v2\/posts\/3849\/revisions"}],"predecessor-version":[{"id":3856,"href":"https:\/\/turkiyemhaber.com\/index.php?rest_route=\/wp\/v2\/posts\/3849\/revisions\/3856"}],"wp:featuredmedia":[{"embeddable":true,"href":"https:\/\/turkiyemhaber.com\/index.php?rest_route=\/wp\/v2\/media\/3850"}],"wp:attachment":[{"href":"https:\/\/turkiyemhaber.com\/index.php?rest_route=%2Fwp%2Fv2%2Fmedia&parent=3849"}],"wp:term":[{"taxonomy":"category","embeddable":true,"href":"https:\/\/turkiyemhaber.com\/index.php?rest_route=%2Fwp%2Fv2%2Fcategories&post=3849"},{"taxonomy":"post_tag","embeddable":true,"href":"https:\/\/turkiyemhaber.com\/index.php?rest_route=%2Fwp%2Fv2%2Ftags&post=3849"}],"curies":[{"name":"wp","href":"https:\/\/api.w.org\/{rel}","templated":true}]}}