{"id":3846,"date":"2026-07-11T12:04:02","date_gmt":"2026-07-11T12:04:02","guid":{"rendered":"https:\/\/turkiyemhaber.com\/?p=3846"},"modified":"2026-07-11T12:04:10","modified_gmt":"2026-07-11T12:04:10","slug":"bakan-ciftciden-polislere-mesai-duzenlemesi-ve-lojman-mujdesi","status":"publish","type":"post","link":"https:\/\/turkiyemhaber.com\/?p=3846","title":{"rendered":"Bakan \u00c7ift\u00e7i\u2019den Polislere Mesai D\u00fczenlemesi ve Lojman M\u00fcjdesi"},"content":{"rendered":"\n<p class=\"wp-block-paragraph\">\u0130\u00e7i\u015fleri Bakan\u0131 Mustafa \u00c7ift\u00e7i, polislerin \u00e7al\u0131\u015fma ko\u015fullar\u0131na ili\u015fkin \u00f6nemli a\u00e7\u0131klamalarda bulundu. Polis te\u015fkilat\u0131n\u0131n uzun s\u00fcredir g\u00fcndeminde olan mesai saatleri d\u00fczenlemesi i\u00e7in \u00e7al\u0131\u015fma ba\u015flat\u0131ld\u0131\u011f\u0131n\u0131 belirten \u00c7ift\u00e7i, fazla mesai yapan personele \u00f6deme yap\u0131lmas\u0131n\u0131 da i\u00e7eren yeni bir sistem \u00fczerinde \u00e7al\u0131\u015f\u0131ld\u0131\u011f\u0131n\u0131 s\u00f6yledi.<\/p>\n\n\n\n<p class=\"wp-block-paragraph\">CNN T\u00fcrk ekranlar\u0131nda yay\u0131nlanan programda konu\u015fan Bakan \u00c7ift\u00e7i, \u00f6zellikle b\u00fcy\u00fck\u015fehirlerde g\u00f6rev yapan polislerin ya\u015fad\u0131\u011f\u0131 ekonomik ve sosyal sorunlara dikkat \u00e7ekerek, te\u015fkilat\u0131n ihtiya\u00e7lar\u0131na uygun yeni d\u00fczenlemelerin hayata ge\u00e7irilece\u011fini ifade etti.<\/p>\n\n\n\n<h2 class=\"wp-block-heading\">Polisler \u0130\u00e7in Yeni Mesai D\u00fczeni Geliyor<\/h2>\n\n\n\n<p class=\"wp-block-paragraph\">Mevcut \u00e7al\u0131\u015fma sisteminin g\u00fcn\u00fcm\u00fcz \u015fartlar\u0131nda yetersiz kald\u0131\u011f\u0131n\u0131 belirten \u00c7ift\u00e7i, polislerin \u00e7al\u0131\u015fma saatleriyle ilgili kapsaml\u0131 bir d\u00fczenleme haz\u0131rl\u0131\u011f\u0131nda olduklar\u0131n\u0131 a\u00e7\u0131klad\u0131.<\/p>\n\n\n\n<p class=\"wp-block-paragraph\">\u00c7ift\u00e7i, \u201cPolisimizi mesai konusunda rahatlatmak i\u00e7in \u00e7al\u0131\u015fma saatlerini yeniden d\u00fczenlemek istiyoruz. Yeni mesai d\u00fczenine ge\u00e7tikten sonra fazla \u00e7al\u0131\u015fma yapan personelimize \u00f6deme yap\u0131lmas\u0131na y\u00f6nelik \u00e7al\u0131\u015fmalar\u0131m\u0131z bulunuyor. Mevcut kanun art\u0131k te\u015fkilata dar gelmeye ba\u015flad\u0131. Bu konuda gerekli d\u00fczenlemeleri yapaca\u011f\u0131z\u201d dedi.<\/p>\n\n\n\n<h2 class=\"wp-block-heading\">\u0130stanbul\u2019da Lojman Hamlesi<\/h2>\n\n\n\n<p class=\"wp-block-paragraph\">\u00d6zellikle \u0130stanbul\u2019da g\u00f6rev yapan polislerin y\u00fcksek ya\u015fam maliyetleriyle kar\u015f\u0131 kar\u015f\u0131ya kald\u0131\u011f\u0131n\u0131 vurgulayan Bakan \u00c7ift\u00e7i, lojman yat\u0131r\u0131mlar\u0131na a\u011f\u0131rl\u0131k verilece\u011fini s\u00f6yledi.<\/p>\n\n\n\n<p class=\"wp-block-paragraph\">\u0130stanbul\u2019da yeni lojman al\u0131mlar\u0131 i\u00e7in talimat verdi\u011fini a\u00e7\u0131klayan \u00c7ift\u00e7i, \u201c\u0130stanbul\u2019da hayat \u015fartlar\u0131 di\u011fer illere g\u00f6re daha pahal\u0131. Bu nedenle lojman al\u0131m\u0131na gitme karar\u0131 ald\u0131k. Polislerimize tahsis edilmek \u00fczere yeni lojmanlar sat\u0131n alaca\u011f\u0131z. Bulduk\u00e7a almaya devam edece\u011fiz. Bu y\u0131l ara\u00e7 al\u0131m\u0131n\u0131 azalt\u0131p kaynaklar\u0131m\u0131z\u0131 lojman yat\u0131r\u0131mlar\u0131na y\u00f6nlendirece\u011fiz. \u0130lk etapta 600 lojmanla ba\u015flayaca\u011f\u0131z\u201d ifadelerini kulland\u0131.<\/p>\n\n\n\n<h2 class=\"wp-block-heading\">NATO Zirvesi De\u011ferlendirmesi<\/h2>\n\n\n\n<p class=\"wp-block-paragraph\">Bakan \u00c7ift\u00e7i, a\u00e7\u0131klamalar\u0131nda NATO Zirvesi kapsam\u0131nda al\u0131nan g\u00fcvenlik \u00f6nlemlerine de de\u011findi. Zirvenin son y\u0131llar\u0131n en b\u00fcy\u00fck organizasyonlar\u0131ndan biri oldu\u011funu belirten \u00c7ift\u00e7i, organizasyonda toplam 56 bin 288 emniyet ve jandarma personelinin g\u00f6rev yapt\u0131\u011f\u0131n\u0131 s\u00f6yledi.<\/p>\n\n\n\n<p class=\"wp-block-paragraph\">G\u00fcvenlik \u00f6nlemlerinin yakla\u015f\u0131k bir ay \u00f6nceden planland\u0131\u011f\u0131n\u0131 ifade eden \u00c7ift\u00e7i, \u201cAl\u0131nmas\u0131 gerekti\u011fi kadar tedbir ald\u0131k. B\u00f6yle \u00f6nemli bir organizasyonda herhangi bir aksakl\u0131k ya\u015fanmamas\u0131 i\u00e7in kapsaml\u0131 \u00e7al\u0131\u015fmalar y\u00fcr\u00fct\u00fcld\u00fc. E\u011fer gerekli tedbirleri almasayd\u0131k bunun hesab\u0131 sorulurdu\u201d dedi.<\/p>\n\n\n\n<p class=\"wp-block-paragraph\">Polislerin \u00e7al\u0131\u015fma ko\u015fullar\u0131n\u0131 iyile\u015ftirmeye y\u00f6nelik a\u00e7\u0131klamalar, \u00f6zellikle fazla mesai ve bar\u0131nma sorunlar\u0131 ya\u015fayan emniyet personeli taraf\u0131ndan dikkatle takip edilirken, d\u00fczenlemelerin ne zaman hayata ge\u00e7irilece\u011fi merak konusu oldu.<\/p>\n","protected":false},"excerpt":{"rendered":"<p>\u0130\u00e7i\u015fleri Bakan\u0131 Mustafa \u00c7ift\u00e7i, polislerin \u00e7al\u0131\u015fma ko\u015fullar\u0131na ili\u015fkin \u00f6nemli a\u00e7\u0131klamalarda bulundu. Polis te\u015fkilat\u0131n\u0131n uzun s\u00fcredir<\/p>\n","protected":false},"author":1,"featured_media":3847,"comment_status":"open","ping_status":"open","sticky":false,"template":"","format":"standard","meta":{"_rtcl_gb_attr":"","footnotes":""},"categories":[1],"tags":[],"class_list":["post-3846","post","type-post","status-publish","format-standard","has-post-thumbnail","hentry","category-http-turkiyemhaber-com-wp-content-uploads-2026-03-saray-59-haber-13-mart-pdf"],"_links":{"self":[{"href":"https:\/\/turkiyemhaber.com\/index.php?rest_route=\/wp\/v2\/posts\/3846","targetHints":{"allow":["GET"]}}],"collection":[{"href":"https:\/\/turkiyemhaber.com\/index.php?rest_route=\/wp\/v2\/posts"}],"about":[{"href":"https:\/\/turkiyemhaber.com\/index.php?rest_route=\/wp\/v2\/types\/post"}],"author":[{"embeddable":true,"href":"https:\/\/turkiyemhaber.com\/index.php?rest_route=\/wp\/v2\/users\/1"}],"replies":[{"embeddable":true,"href":"https:\/\/turkiyemhaber.com\/index.php?rest_route=%2Fwp%2Fv2%2Fcomments&post=3846"}],"version-history":[{"count":1,"href":"https:\/\/turkiyemhaber.com\/index.php?rest_route=\/wp\/v2\/posts\/3846\/revisions"}],"predecessor-version":[{"id":3848,"href":"https:\/\/turkiyemhaber.com\/index.php?rest_route=\/wp\/v2\/posts\/3846\/revisions\/3848"}],"wp:featuredmedia":[{"embeddable":true,"href":"https:\/\/turkiyemhaber.com\/index.php?rest_route=\/wp\/v2\/media\/3847"}],"wp:attachment":[{"href":"https:\/\/turkiyemhaber.com\/index.php?rest_route=%2Fwp%2Fv2%2Fmedia&parent=3846"}],"wp:term":[{"taxonomy":"category","embeddable":true,"href":"https:\/\/turkiyemhaber.com\/index.php?rest_route=%2Fwp%2Fv2%2Fcategories&post=3846"},{"taxonomy":"post_tag","embeddable":true,"href":"https:\/\/turkiyemhaber.com\/index.php?rest_route=%2Fwp%2Fv2%2Ftags&post=3846"}],"curies":[{"name":"wp","href":"https:\/\/api.w.org\/{rel}","templated":true}]}}