{"id":3842,"date":"2026-07-10T22:39:12","date_gmt":"2026-07-10T22:39:12","guid":{"rendered":"https:\/\/turkiyemhaber.com\/?p=3842"},"modified":"2026-07-10T22:39:17","modified_gmt":"2026-07-10T22:39:17","slug":"tekirdagda-mevlit-sonrasi-gida-zehirlenmesi-suphesi-50-kisi-hastaneye-basvurdu","status":"publish","type":"post","link":"https:\/\/turkiyemhaber.com\/?p=3842","title":{"rendered":"Tekirda\u011f&#8217;da Mevlit Sonras\u0131 G\u0131da Zehirlenmesi \u015e\u00fcphesi: 50 Ki\u015fi Hastaneye Ba\u015fvurdu"},"content":{"rendered":"\n<p class=\"wp-block-paragraph\"><strong>TEK\u0130RDA\u011e<\/strong> \u2013 Tekirda\u011f&#8217;\u0131n S\u00fcleymanpa\u015fa il\u00e7esinde d\u00fczenlenen bir mevlit program\u0131nda ikram edilen pilavdan yedikleri \u00f6ne s\u00fcr\u00fclen yakla\u015f\u0131k <strong>50 ki\u015fi<\/strong>, g\u0131da zehirlenmesi \u015f\u00fcphesiyle hastanelere ba\u015fvurdu.<\/p>\n\n\n\n<p class=\"wp-block-paragraph\">Olay, S\u00fcleymanpa\u015fa il\u00e7esine ba\u011fl\u0131 <strong>Karacak\u0131lavuz Mahallesi&#8217;nde<\/strong> meydana geldi. D\u00fczenlenen mevlit program\u0131nda vatanda\u015flara pilav ikram edildi. \u0130kram\u0131n ard\u0131ndan baz\u0131 ki\u015filerde mide bulant\u0131s\u0131, kusma ve kar\u0131n a\u011fr\u0131s\u0131 \u015fikayetleri g\u00f6r\u00fclmeye ba\u015flad\u0131.<\/p>\n\n\n\n<p class=\"wp-block-paragraph\">Rahats\u0131zlanan yakla\u015f\u0131k 50 ki\u015fi, kentteki farkl\u0131 hastanelere giderek tedavi alt\u0131na al\u0131nd\u0131. Sa\u011fl\u0131k ekiplerinin m\u00fcdahalesinin ard\u0131ndan hastalar\u0131n genel sa\u011fl\u0131k durumlar\u0131n\u0131n iyi oldu\u011fu \u00f6\u011frenildi.<\/p>\n\n\n\n<p class=\"wp-block-paragraph\">Olay\u0131n ard\u0131ndan ilgili kurumlar taraf\u0131ndan inceleme ba\u015flat\u0131l\u0131rken, g\u0131da zehirlenmesi \u015f\u00fcphesinin nedenini belirlemek amac\u0131yla vatanda\u015flara ikram edilen pilavdan numune al\u0131nd\u0131.<\/p>\n\n\n\n<p class=\"wp-block-paragraph\">Yetkililer, laboratuvar incelemelerinin ard\u0131ndan olay\u0131n kesin nedeninin netlik kazanaca\u011f\u0131n\u0131 belirtti.<\/p>\n","protected":false},"excerpt":{"rendered":"<p>TEK\u0130RDA\u011e \u2013 Tekirda\u011f&#8217;\u0131n S\u00fcleymanpa\u015fa il\u00e7esinde d\u00fczenlenen bir mevlit program\u0131nda ikram edilen pilavdan yedikleri \u00f6ne s\u00fcr\u00fclen<\/p>\n","protected":false},"author":1,"featured_media":3843,"comment_status":"open","ping_status":"open","sticky":false,"template":"","format":"standard","meta":{"_rtcl_gb_attr":"","footnotes":""},"categories":[1],"tags":[],"class_list":["post-3842","post","type-post","status-publish","format-standard","has-post-thumbnail","hentry","category-http-turkiyemhaber-com-wp-content-uploads-2026-03-saray-59-haber-13-mart-pdf"],"_links":{"self":[{"href":"https:\/\/turkiyemhaber.com\/index.php?rest_route=\/wp\/v2\/posts\/3842","targetHints":{"allow":["GET"]}}],"collection":[{"href":"https:\/\/turkiyemhaber.com\/index.php?rest_route=\/wp\/v2\/posts"}],"about":[{"href":"https:\/\/turkiyemhaber.com\/index.php?rest_route=\/wp\/v2\/types\/post"}],"author":[{"embeddable":true,"href":"https:\/\/turkiyemhaber.com\/index.php?rest_route=\/wp\/v2\/users\/1"}],"replies":[{"embeddable":true,"href":"https:\/\/turkiyemhaber.com\/index.php?rest_route=%2Fwp%2Fv2%2Fcomments&post=3842"}],"version-history":[{"count":1,"href":"https:\/\/turkiyemhaber.com\/index.php?rest_route=\/wp\/v2\/posts\/3842\/revisions"}],"predecessor-version":[{"id":3844,"href":"https:\/\/turkiyemhaber.com\/index.php?rest_route=\/wp\/v2\/posts\/3842\/revisions\/3844"}],"wp:featuredmedia":[{"embeddable":true,"href":"https:\/\/turkiyemhaber.com\/index.php?rest_route=\/wp\/v2\/media\/3843"}],"wp:attachment":[{"href":"https:\/\/turkiyemhaber.com\/index.php?rest_route=%2Fwp%2Fv2%2Fmedia&parent=3842"}],"wp:term":[{"taxonomy":"category","embeddable":true,"href":"https:\/\/turkiyemhaber.com\/index.php?rest_route=%2Fwp%2Fv2%2Fcategories&post=3842"},{"taxonomy":"post_tag","embeddable":true,"href":"https:\/\/turkiyemhaber.com\/index.php?rest_route=%2Fwp%2Fv2%2Ftags&post=3842"}],"curies":[{"name":"wp","href":"https:\/\/api.w.org\/{rel}","templated":true}]}}