{"id":3839,"date":"2026-07-10T22:31:40","date_gmt":"2026-07-10T22:31:40","guid":{"rendered":"https:\/\/turkiyemhaber.com\/?p=3839"},"modified":"2026-07-10T22:31:45","modified_gmt":"2026-07-10T22:31:45","slug":"tekirdagda-kuyumcu-krizi-yuksek-kazanc-vaadiyle-toplanan-altinlar-gundemde","status":"publish","type":"post","link":"https:\/\/turkiyemhaber.com\/?p=3839","title":{"rendered":"Tekirda\u011f&#8217;da Kuyumcu Krizi: Y\u00fcksek Kazan\u00e7 Vaadiyle Toplanan Alt\u0131nlar G\u00fcndemde"},"content":{"rendered":"\n<p class=\"wp-block-paragraph\"><strong>Tekirda\u011f&#8217;\u0131n S\u00fcleymanpa\u015fa il\u00e7esinde faaliyet g\u00f6steren bir kuyumcunun, vatanda\u015flardan y\u00fcksek kazan\u00e7 vaadiyle toplad\u0131\u011f\u0131 alt\u0131n ve paralarla ortadan kayboldu\u011fu iddias\u0131 \u00fczerine \u00e7ok say\u0131da ki\u015fi emniyet ve adliyeye ba\u015fvurdu. Olayla ilgili geni\u015f \u00e7apl\u0131 soru\u015fturma ba\u015flat\u0131ld\u0131.<\/strong><\/p>\n\n\n\n<p class=\"wp-block-paragraph\">Tekirda\u011f&#8217;da son g\u00fcnlerde kamuoyunun g\u00fcndemine oturan olayda, uzun y\u0131llard\u0131r il\u00e7ede faaliyet g\u00f6sterdi\u011fi belirtilen bir kuyumcu hakk\u0131nda \u00e7ok say\u0131da vatanda\u015f\u0131n \u015fik\u00e2yette bulundu\u011fu \u00f6\u011frenildi.<\/p>\n\n\n\n<p class=\"wp-block-paragraph\">\u0130ddiaya g\u00f6re kuyumcu, vatanda\u015flara belirli miktarda alt\u0131n veya para teslim etmeleri halinde y\u00fcksek kazan\u00e7 elde edeceklerini vaat etti. Sisteme dahil olan \u00e7ok say\u0131da ki\u015fi, son d\u00f6nemde i\u015f yerinin kapal\u0131 oldu\u011funu ve i\u015fletme sahibine ula\u015famad\u0131klar\u0131n\u0131 \u00f6ne s\u00fcrerek hukuki s\u00fcre\u00e7 ba\u015flatt\u0131.<\/p>\n\n\n\n<h2 class=\"wp-block-heading\">\u00c7ok Say\u0131da Vatanda\u015f \u015eik\u00e2yet\u00e7i Oldu<\/h2>\n\n\n\n<p class=\"wp-block-paragraph\">\u0130\u015f yerinin faaliyetlerini durdurmas\u0131n\u0131n ard\u0131ndan ma\u011fdur olduklar\u0131n\u0131 belirten vatanda\u015flar, emniyet birimlerine ve Cumhuriyet Savc\u0131l\u0131\u011f\u0131&#8217;na ba\u015fvurarak su\u00e7 duyurusunda bulundu.<\/p>\n\n\n\n<p class=\"wp-block-paragraph\">Yetkililerin ma\u011fdur oldu\u011funu iddia eden ki\u015filerin ifadelerini almaya devam etti\u011fi, soru\u015fturman\u0131n kapsam\u0131n\u0131n geni\u015fletildi\u011fi \u00f6\u011frenildi.<\/p>\n\n\n\n<p class=\"wp-block-paragraph\">Olay\u0131n ard\u0131ndan ma\u011fdur say\u0131s\u0131n\u0131n her ge\u00e7en g\u00fcn artt\u0131\u011f\u0131 belirtilirken, soru\u015fturma kapsam\u0131nda teslim edildi\u011fi iddia edilen alt\u0131n ve para miktarlar\u0131n\u0131n da incelendi\u011fi bildirildi.<\/p>\n\n\n\n<h2 class=\"wp-block-heading\">&#8220;Birikimimizi Teslim Ettik&#8221;<\/h2>\n\n\n\n<p class=\"wp-block-paragraph\">\u015eik\u00e2yette bulunan vatanda\u015flardan Dr. Hande \u00c7etinda\u011f Kahya, ev almak amac\u0131yla biriktirdikleri alt\u0131nlar\u0131 s\u00f6z konusu kuyumcuya teslim ettiklerini \u00f6ne s\u00fcrd\u00fc.<\/p>\n\n\n\n<p class=\"wp-block-paragraph\">Kahya, yapt\u0131\u011f\u0131 a\u00e7\u0131klamada, alt\u0131nlar\u0131n\u0131 bozdurmak amac\u0131yla i\u015f yerine gittiklerini, ancak \u00e7e\u015fitli gerek\u00e7elerle kendilerine \u00f6deme yap\u0131lmad\u0131\u011f\u0131n\u0131 iddia ederek, s\u00fcre\u00e7 boyunca s\u00fcrekli ertelendiklerini ve sonunda i\u015fletme sahibine ula\u015famad\u0131klar\u0131n\u0131 ifade etti.<\/p>\n\n\n\n<p class=\"wp-block-paragraph\">Elinde teslimata ili\u015fkin senet ve yaz\u0131l\u0131 belgelerin bulundu\u011funu belirten Kahya, hukuki s\u00fcre\u00e7 ba\u015flatt\u0131klar\u0131n\u0131 ve adaletin yerini bulmas\u0131n\u0131 beklediklerini s\u00f6yledi.<\/p>\n\n\n\n<h2 class=\"wp-block-heading\">Polis ve Savc\u0131l\u0131k Soru\u015fturma Ba\u015flatt\u0131<\/h2>\n\n\n\n<p class=\"wp-block-paragraph\">Olay\u0131n ard\u0131ndan emniyet birimleri ve Cumhuriyet Savc\u0131l\u0131\u011f\u0131 taraf\u0131ndan soru\u015fturma ba\u015flat\u0131ld\u0131. \u0130ddialar\u0131n do\u011frulu\u011fu, ma\u011fduriyetin boyutu ve \u015f\u00fcpheli ki\u015fi veya ki\u015filerin durumu y\u00fcr\u00fct\u00fclen soru\u015fturma kapsam\u0131nda netlik kazanacak.<\/p>\n\n\n\n<p class=\"wp-block-paragraph\">Yetkililer, soru\u015fturman\u0131n devam etti\u011fini ve elde edilecek bulgular do\u011frultusunda gerekli i\u015flemlerin yap\u0131laca\u011f\u0131n\u0131 bildirdi.<\/p>\n\n\n\n<h3 class=\"wp-block-heading\">Soru\u015fturma S\u00fcr\u00fcyor<\/h3>\n\n\n\n<p class=\"wp-block-paragraph\">Olayla ilgili iddialar hen\u00fcz yarg\u0131 karar\u0131yla kesinle\u015fmezken, soru\u015fturma sonucunda ortaya \u00e7\u0131kacak resmi bulgular\u0131n kamuoyu ile payla\u015f\u0131lmas\u0131 bekleniyor. Ma\u011fdur oldu\u011funu belirten vatanda\u015flar\u0131n ise hukuki s\u00fcre\u00e7lerini s\u00fcrd\u00fcrd\u00fc\u011f\u00fc \u00f6\u011frenildi.<\/p>\n","protected":false},"excerpt":{"rendered":"<p>Tekirda\u011f&#8217;\u0131n S\u00fcleymanpa\u015fa il\u00e7esinde faaliyet g\u00f6steren bir kuyumcunun, vatanda\u015flardan y\u00fcksek kazan\u00e7 vaadiyle toplad\u0131\u011f\u0131 alt\u0131n ve paralarla<\/p>\n","protected":false},"author":1,"featured_media":3840,"comment_status":"open","ping_status":"open","sticky":false,"template":"","format":"standard","meta":{"_rtcl_gb_attr":"","footnotes":""},"categories":[1],"tags":[],"class_list":["post-3839","post","type-post","status-publish","format-standard","has-post-thumbnail","hentry","category-http-turkiyemhaber-com-wp-content-uploads-2026-03-saray-59-haber-13-mart-pdf"],"_links":{"self":[{"href":"https:\/\/turkiyemhaber.com\/index.php?rest_route=\/wp\/v2\/posts\/3839","targetHints":{"allow":["GET"]}}],"collection":[{"href":"https:\/\/turkiyemhaber.com\/index.php?rest_route=\/wp\/v2\/posts"}],"about":[{"href":"https:\/\/turkiyemhaber.com\/index.php?rest_route=\/wp\/v2\/types\/post"}],"author":[{"embeddable":true,"href":"https:\/\/turkiyemhaber.com\/index.php?rest_route=\/wp\/v2\/users\/1"}],"replies":[{"embeddable":true,"href":"https:\/\/turkiyemhaber.com\/index.php?rest_route=%2Fwp%2Fv2%2Fcomments&post=3839"}],"version-history":[{"count":1,"href":"https:\/\/turkiyemhaber.com\/index.php?rest_route=\/wp\/v2\/posts\/3839\/revisions"}],"predecessor-version":[{"id":3841,"href":"https:\/\/turkiyemhaber.com\/index.php?rest_route=\/wp\/v2\/posts\/3839\/revisions\/3841"}],"wp:featuredmedia":[{"embeddable":true,"href":"https:\/\/turkiyemhaber.com\/index.php?rest_route=\/wp\/v2\/media\/3840"}],"wp:attachment":[{"href":"https:\/\/turkiyemhaber.com\/index.php?rest_route=%2Fwp%2Fv2%2Fmedia&parent=3839"}],"wp:term":[{"taxonomy":"category","embeddable":true,"href":"https:\/\/turkiyemhaber.com\/index.php?rest_route=%2Fwp%2Fv2%2Fcategories&post=3839"},{"taxonomy":"post_tag","embeddable":true,"href":"https:\/\/turkiyemhaber.com\/index.php?rest_route=%2Fwp%2Fv2%2Ftags&post=3839"}],"curies":[{"name":"wp","href":"https:\/\/api.w.org\/{rel}","templated":true}]}}