{"id":3836,"date":"2026-07-10T22:21:24","date_gmt":"2026-07-10T22:21:24","guid":{"rendered":"https:\/\/turkiyemhaber.com\/?p=3836"},"modified":"2026-07-10T22:21:29","modified_gmt":"2026-07-10T22:21:29","slug":"tutuklu-portekizli-modelden-dikkat-ceken-ifadeler-imamoglu-haluk-levent-ve-emir-sarigul-hakkinda-iddialar","status":"publish","type":"post","link":"https:\/\/turkiyemhaber.com\/?p=3836","title":{"rendered":"Tutuklu Portekizli modelden dikkat \u00e7eken ifadeler: \u0130mamo\u011flu, Haluk Levent ve Emir Sar\u0131g\u00fcl hakk\u0131nda iddialar"},"content":{"rendered":"\n<p class=\"wp-block-paragraph\">\u0130stanbul Cumhuriyet Ba\u015fsavc\u0131l\u0131\u011f\u0131&#8217;n\u0131n y\u00fcr\u00fctt\u00fc\u011f\u00fc uyu\u015fturucu ve fuhu\u015f soru\u015fturmas\u0131 kapsam\u0131nda tutuklanan Portekizli model <strong>Tessy Ramos Correia<\/strong>, savc\u0131l\u0131k ifadesinde Ekrem \u0130mamo\u011flu, Haluk Levent, Emir Sar\u0131g\u00fcl ve Hasan Vatan hakk\u0131nda \u00e7e\u015fitli iddialarda bulundu.<\/p>\n\n\n\n<p class=\"wp-block-paragraph\">Uyu\u015fturucu madde kulland\u0131\u011f\u0131n\u0131 kabul eden Correia, pi\u015fman oldu\u011funu belirterek telefonunun \u015fifresini kendi r\u0131zas\u0131yla kolluk g\u00f6revlilerine verdi\u011fini, telefonunda yap\u0131lacak incelemelerle ger\u00e7eklerin ortaya \u00e7\u0131kaca\u011f\u0131n\u0131 d\u00fc\u015f\u00fcnd\u00fc\u011f\u00fcn\u00fc s\u00f6yledi.<\/p>\n\n\n\n<h3 class=\"wp-block-heading\">Antalya&#8217;daki tekne organizasyonu iddias\u0131<\/h3>\n\n\n\n<p class=\"wp-block-paragraph\">Correia, 2021 y\u0131l\u0131n\u0131n yaz aylar\u0131nda Antalya&#8217;dan hareket eden iki teknede yakla\u015f\u0131k 25-30 ki\u015finin kat\u0131ld\u0131\u011f\u0131 bir organizasyon d\u00fczenlendi\u011fini \u00f6ne s\u00fcrd\u00fc. Erkeklerin bir teknede, \u00e7o\u011funlu\u011fu yabanc\u0131 uyruklu kad\u0131nlar\u0131n ise di\u011fer teknede bulundu\u011funu iddia eden Correia, bu organizasyonda Ekrem \u0130mamo\u011flu ile cinsel birliktelik ya\u015fad\u0131\u011f\u0131n\u0131 ileri s\u00fcrd\u00fc.<\/p>\n\n\n\n<p class=\"wp-block-paragraph\">\u0130fadesinde, \u0130mamo\u011flu&#8217;nun uyu\u015fturucu kullanmad\u0131\u011f\u0131n\u0131 \u00f6ne s\u00fcren Correia, erkeklerin bulundu\u011fu teknede uyu\u015fturucu madde bulundu\u011funu ve kendisinin burada uyu\u015fturucu kulland\u0131\u011f\u0131n\u0131 s\u00f6yledi. Ayr\u0131ca teknede grup ili\u015fki ya\u015fand\u0131\u011f\u0131n\u0131 da iddia etti.<\/p>\n\n\n\n<p class=\"wp-block-paragraph\">Savc\u0131l\u0131k tutana\u011f\u0131nda, s\u00f6z konusu organizasyona ili\u015fkin baz\u0131 yaz\u0131\u015fma ve videolar\u0131n Correia&#8217;n\u0131n telefonunda tespit edilerek dosyaya eklendi\u011fi belirtildi.<\/p>\n\n\n\n<h3 class=\"wp-block-heading\">Haluk Levent hakk\u0131ndaki iddialar<\/h3>\n\n\n\n<p class=\"wp-block-paragraph\">Correia, Haluk Levent ile 2021 y\u0131l\u0131n\u0131n Aral\u0131k ay\u0131nda tan\u0131\u015ft\u0131\u011f\u0131n\u0131 ve \u00fc\u00e7 kez para kar\u015f\u0131l\u0131\u011f\u0131nda cinsel birliktelik ya\u015fad\u0131\u011f\u0131n\u0131 iddia etti.<\/p>\n\n\n\n<p class=\"wp-block-paragraph\">Levent&#8217;in yan\u0131nda esrar kulland\u0131\u011f\u0131n\u0131, kendisinin de uyu\u015fturucu kulland\u0131\u011f\u0131n\u0131 \u00f6ne s\u00fcren Correia, iki bulu\u015fmada bin dolar \u00f6deme ald\u0131\u011f\u0131n\u0131, son \u00f6demenin ise nas\u0131l yap\u0131ld\u0131\u011f\u0131n\u0131 hat\u0131rlamad\u0131\u011f\u0131n\u0131 s\u00f6yledi.<\/p>\n\n\n\n<p class=\"wp-block-paragraph\">Savc\u0131l\u0131k tutana\u011f\u0131nda, ilgili yaz\u0131\u015fmalar\u0131n da telefonunda tespit edilerek soru\u015fturma dosyas\u0131na eklendi\u011fi ifade edildi.<\/p>\n\n\n\n<figure class=\"wp-block-image size-large\"><img loading=\"lazy\" decoding=\"async\" width=\"1024\" height=\"683\" src=\"https:\/\/turkiyemhaber.com\/wp-content\/uploads\/2026\/07\/uyusturucu-ve-fuhustan-tutuklu-portekizli-manken-20039966_2692_amp-1-1024x683.jpg\" alt=\"\" class=\"wp-image-3837\" srcset=\"https:\/\/turkiyemhaber.com\/wp-content\/uploads\/2026\/07\/uyusturucu-ve-fuhustan-tutuklu-portekizli-manken-20039966_2692_amp-1-1024x683.jpg 1024w, https:\/\/turkiyemhaber.com\/wp-content\/uploads\/2026\/07\/uyusturucu-ve-fuhustan-tutuklu-portekizli-manken-20039966_2692_amp-1-300x200.jpg 300w, https:\/\/turkiyemhaber.com\/wp-content\/uploads\/2026\/07\/uyusturucu-ve-fuhustan-tutuklu-portekizli-manken-20039966_2692_amp-1-768x512.jpg 768w, https:\/\/turkiyemhaber.com\/wp-content\/uploads\/2026\/07\/uyusturucu-ve-fuhustan-tutuklu-portekizli-manken-20039966_2692_amp-1-18x12.jpg 18w, https:\/\/turkiyemhaber.com\/wp-content\/uploads\/2026\/07\/uyusturucu-ve-fuhustan-tutuklu-portekizli-manken-20039966_2692_amp-1.jpg 1200w\" sizes=\"auto, (max-width: 1024px) 100vw, 1024px\" \/><\/figure>\n\n\n\n<h3 class=\"wp-block-heading\">Emir Sar\u0131g\u00fcl hakk\u0131nda kokain iddias\u0131<\/h3>\n\n\n\n<p class=\"wp-block-paragraph\">Correia, Emir Sar\u0131g\u00fcl ile de \u00fc\u00e7 kez para kar\u015f\u0131l\u0131\u011f\u0131nda birlikte oldu\u011funu iddia etti.<\/p>\n\n\n\n<p class=\"wp-block-paragraph\">27 Kas\u0131m 2021 tarihinde Sar\u0131g\u00fcl ile cinsel birliktelik amac\u0131yla yaz\u0131\u015ft\u0131klar\u0131n\u0131 \u00f6ne s\u00fcren Correia, bu yaz\u0131\u015fmalar\u0131n telefonunda bulundu\u011funu s\u00f6yledi.<\/p>\n\n\n\n<p class=\"wp-block-paragraph\">Ayr\u0131ca Emir Sar\u0131g\u00fcl&#8217;\u00fcn yan\u0131nda kokain kulland\u0131\u011f\u0131na tan\u0131kl\u0131k etti\u011fini iddia eden Correia&#8217;n\u0131n telefonunda bulundu\u011fu belirtilen yaz\u0131\u015fmalar\u0131n da dosyaya eklendi\u011fi kaydedildi.<\/p>\n\n\n\n<figure class=\"wp-block-image size-full\"><img loading=\"lazy\" decoding=\"async\" width=\"640\" height=\"430\" src=\"http:\/\/turkiyemhaber.com\/wp-content\/uploads\/2026\/07\/uyusturucu-ve-fuhustan-tutuklu-20039879-4302_1_m.webp\" alt=\"\" class=\"wp-image-3831\" srcset=\"https:\/\/turkiyemhaber.com\/wp-content\/uploads\/2026\/07\/uyusturucu-ve-fuhustan-tutuklu-20039879-4302_1_m.webp 640w, https:\/\/turkiyemhaber.com\/wp-content\/uploads\/2026\/07\/uyusturucu-ve-fuhustan-tutuklu-20039879-4302_1_m-300x202.webp 300w, https:\/\/turkiyemhaber.com\/wp-content\/uploads\/2026\/07\/uyusturucu-ve-fuhustan-tutuklu-20039879-4302_1_m-18x12.webp 18w\" sizes=\"auto, (max-width: 640px) 100vw, 640px\" \/><\/figure>\n\n\n\n<h3 class=\"wp-block-heading\">Hasan Vatan hakk\u0131nda da iddialarda bulundu<\/h3>\n\n\n\n<p class=\"wp-block-paragraph\">Correia, Vatan Bilgisayar&#8217;\u0131n sahibi Hasan Vatan ile de \u00fc\u00e7 veya d\u00f6rt kez cinsel birliktelik ya\u015fad\u0131\u011f\u0131n\u0131, evinde birden fazla kad\u0131n\u0131n kat\u0131ld\u0131\u011f\u0131 partiler d\u00fczenlendi\u011fini iddia etti.<\/p>\n\n\n\n<p class=\"wp-block-paragraph\">Hasan Vatan&#8217;\u0131n uyu\u015fturucu kullanmad\u0131\u011f\u0131n\u0131 s\u00f6yleyen Correia&#8217;n\u0131n, telefonundaki baz\u0131 foto\u011fraflar\u0131n da soru\u015fturma dosyas\u0131na eklendi\u011fi belirtildi.<\/p>\n\n\n\n<h3 class=\"wp-block-heading\">&#8220;Telefonum incelendi\u011finde ger\u00e7ekler ortaya \u00e7\u0131kacak&#8221;<\/h3>\n\n\n\n<p class=\"wp-block-paragraph\">Correia, g\u00f6zalt\u0131na al\u0131nd\u0131\u011f\u0131nda telefon \u015fifresini kendi r\u0131zas\u0131yla verdi\u011fini belirterek, cihaz\u0131ndaki yaz\u0131\u015fma, foto\u011fraf ve videolar\u0131n anlat\u0131mlar\u0131n\u0131 destekleyece\u011fini \u00f6ne s\u00fcrd\u00fc.<\/p>\n\n\n\n<p class=\"wp-block-paragraph\">Yakla\u015f\u0131k bir ayd\u0131r tutuklu bulunan Correia&#8217;n\u0131n terc\u00fcman ve iki avukat\u0131 e\u015fli\u011finde verdi\u011fi ifadede, \u00e7ok say\u0131da ki\u015fiyle para kar\u015f\u0131l\u0131\u011f\u0131nda birlikte oldu\u011funu, yaz\u0131\u015fmalar\u0131 telefonunda saklad\u0131\u011f\u0131n\u0131 ve uyu\u015fturucu kullan\u0131m\u0131ndan dolay\u0131 pi\u015fmanl\u0131k duydu\u011funu s\u00f6yledi\u011fi aktar\u0131ld\u0131.<\/p>\n\n\n\n<figure class=\"wp-block-image size-full\"><img loading=\"lazy\" decoding=\"async\" width=\"640\" height=\"337\" src=\"http:\/\/turkiyemhaber.com\/wp-content\/uploads\/2026\/07\/uyusturucu-ve-fuhustan-tutuklu-20039879-3459_1_m.webp\" alt=\"\" class=\"wp-image-3829\" srcset=\"https:\/\/turkiyemhaber.com\/wp-content\/uploads\/2026\/07\/uyusturucu-ve-fuhustan-tutuklu-20039879-3459_1_m.webp 640w, https:\/\/turkiyemhaber.com\/wp-content\/uploads\/2026\/07\/uyusturucu-ve-fuhustan-tutuklu-20039879-3459_1_m-300x158.webp 300w, https:\/\/turkiyemhaber.com\/wp-content\/uploads\/2026\/07\/uyusturucu-ve-fuhustan-tutuklu-20039879-3459_1_m-18x9.webp 18w\" sizes=\"auto, (max-width: 640px) 100vw, 640px\" \/><\/figure>\n\n\n\n<h3 class=\"wp-block-heading\">Adli T\u0131p raporu dosyaya girdi<\/h3>\n\n\n\n<p class=\"wp-block-paragraph\">Adli T\u0131p Kurumu incelemesinde Correia&#8217;n\u0131n kan\u0131nda <strong>3 ng\/ml kokain, 156 ng\/ml benzoilekgonin ve 14 ng\/ml metilekgonin<\/strong>, idrar \u00f6rne\u011finde kokain ve metabolitleri, sa\u00e7 \u00f6rne\u011finde ise THC ile kokain ve metabolitlerinin tespit edildi\u011fi belirtildi.<\/p>\n","protected":false},"excerpt":{"rendered":"<p>\u0130stanbul Cumhuriyet Ba\u015fsavc\u0131l\u0131\u011f\u0131&#8217;n\u0131n y\u00fcr\u00fctt\u00fc\u011f\u00fc uyu\u015fturucu ve fuhu\u015f soru\u015fturmas\u0131 kapsam\u0131nda tutuklanan Portekizli model Tessy Ramos Correia,<\/p>\n","protected":false},"author":1,"featured_media":3828,"comment_status":"open","ping_status":"open","sticky":false,"template":"","format":"standard","meta":{"_rtcl_gb_attr":"","footnotes":""},"categories":[1],"tags":[],"class_list":["post-3836","post","type-post","status-publish","format-standard","has-post-thumbnail","hentry","category-http-turkiyemhaber-com-wp-content-uploads-2026-03-saray-59-haber-13-mart-pdf"],"_links":{"self":[{"href":"https:\/\/turkiyemhaber.com\/index.php?rest_route=\/wp\/v2\/posts\/3836","targetHints":{"allow":["GET"]}}],"collection":[{"href":"https:\/\/turkiyemhaber.com\/index.php?rest_route=\/wp\/v2\/posts"}],"about":[{"href":"https:\/\/turkiyemhaber.com\/index.php?rest_route=\/wp\/v2\/types\/post"}],"author":[{"embeddable":true,"href":"https:\/\/turkiyemhaber.com\/index.php?rest_route=\/wp\/v2\/users\/1"}],"replies":[{"embeddable":true,"href":"https:\/\/turkiyemhaber.com\/index.php?rest_route=%2Fwp%2Fv2%2Fcomments&post=3836"}],"version-history":[{"count":1,"href":"https:\/\/turkiyemhaber.com\/index.php?rest_route=\/wp\/v2\/posts\/3836\/revisions"}],"predecessor-version":[{"id":3838,"href":"https:\/\/turkiyemhaber.com\/index.php?rest_route=\/wp\/v2\/posts\/3836\/revisions\/3838"}],"wp:featuredmedia":[{"embeddable":true,"href":"https:\/\/turkiyemhaber.com\/index.php?rest_route=\/wp\/v2\/media\/3828"}],"wp:attachment":[{"href":"https:\/\/turkiyemhaber.com\/index.php?rest_route=%2Fwp%2Fv2%2Fmedia&parent=3836"}],"wp:term":[{"taxonomy":"category","embeddable":true,"href":"https:\/\/turkiyemhaber.com\/index.php?rest_route=%2Fwp%2Fv2%2Fcategories&post=3836"},{"taxonomy":"post_tag","embeddable":true,"href":"https:\/\/turkiyemhaber.com\/index.php?rest_route=%2Fwp%2Fv2%2Ftags&post=3836"}],"curies":[{"name":"wp","href":"https:\/\/api.w.org\/{rel}","templated":true}]}}