{"id":3827,"date":"2026-07-10T22:14:15","date_gmt":"2026-07-10T22:14:15","guid":{"rendered":"https:\/\/turkiyemhaber.com\/?p=3827"},"modified":"2026-07-10T22:14:21","modified_gmt":"2026-07-10T22:14:21","slug":"tutuklu-modelin-ifadesinde-dikkat-ceken-iddialar-sorusturmada-yeni-gelisme","status":"publish","type":"post","link":"https:\/\/turkiyemhaber.com\/?p=3827","title":{"rendered":"Tutuklu Modelin \u0130fadesinde Dikkat \u00c7eken \u0130ddialar: Soru\u015fturmada Yeni Geli\u015fme"},"content":{"rendered":"\n<p class=\"wp-block-paragraph\"><strong>\u0130STANBUL<\/strong> \u2013 \u0130stanbul Cumhuriyet Ba\u015fsavc\u0131l\u0131\u011f\u0131 taraf\u0131ndan y\u00fcr\u00fct\u00fclen uyu\u015fturucu ve fuhu\u015f soru\u015fturmas\u0131 kapsam\u0131nda tutuklanan Portekizli model <strong>Tessy Ramos Correia<\/strong>, savc\u0131l\u0131k ifadesinde kamuoyunda tan\u0131nan baz\u0131 isimler hakk\u0131nda \u00e7e\u015fitli iddialarda bulundu.<\/p>\n\n\n\n<p class=\"wp-block-paragraph\">Savc\u0131l\u0131k ifadesinde uyu\u015fturucu madde kulland\u0131\u011f\u0131n\u0131 kabul eden Correia, telefonunun \u015fifresini kendi r\u0131zas\u0131yla kolluk kuvvetlerine verdi\u011fini belirterek, cihaz\u0131nda bulunan yaz\u0131\u015fma, foto\u011fraf ve videolar\u0131n soru\u015fturmaya \u0131\u015f\u0131k tutaca\u011f\u0131n\u0131 \u00f6ne s\u00fcrd\u00fc.<\/p>\n\n\n\n<p class=\"wp-block-paragraph\">Correia&#8217;n\u0131n ifadesinde \u0130stanbul B\u00fcy\u00fck\u015fehir Belediye Ba\u015fkan\u0131 <strong>Ekrem \u0130mamo\u011flu<\/strong>, sanat\u00e7\u0131 <strong>Haluk Levent<\/strong>, i\u015f insan\u0131 <strong>Hasan Vatan<\/strong> ve <strong>Emir Sar\u0131g\u00fcl<\/strong> hakk\u0131nda \u00e7e\u015fitli iddialar yer ald\u0131.<\/p>\n\n\n\n<figure class=\"wp-block-image size-full\"><img loading=\"lazy\" decoding=\"async\" width=\"640\" height=\"337\" src=\"https:\/\/turkiyemhaber.com\/wp-content\/uploads\/2026\/07\/uyusturucu-ve-fuhustan-tutuklu-20039879-3459_1_m.webp\" alt=\"\" class=\"wp-image-3829\" srcset=\"https:\/\/turkiyemhaber.com\/wp-content\/uploads\/2026\/07\/uyusturucu-ve-fuhustan-tutuklu-20039879-3459_1_m.webp 640w, https:\/\/turkiyemhaber.com\/wp-content\/uploads\/2026\/07\/uyusturucu-ve-fuhustan-tutuklu-20039879-3459_1_m-300x158.webp 300w, https:\/\/turkiyemhaber.com\/wp-content\/uploads\/2026\/07\/uyusturucu-ve-fuhustan-tutuklu-20039879-3459_1_m-18x9.webp 18w\" sizes=\"auto, (max-width: 640px) 100vw, 640px\" \/><\/figure>\n\n\n\n<h2 class=\"wp-block-heading\">Antalya&#8217;daki tekne organizasyonu iddias\u0131<\/h2>\n\n\n\n<p class=\"wp-block-paragraph\">Correia, 2021 y\u0131l\u0131nda Antalya&#8217;da d\u00fczenlendi\u011fini \u00f6ne s\u00fcrd\u00fc\u011f\u00fc bir tekne organizasyonunda Ekrem \u0130mamo\u011flu ile ayn\u0131 ortamda bulundu\u011funu ve \u00e7e\u015fitli iddialarda bulundu. \u0130fade tutana\u011f\u0131nda, s\u00f6z konusu organizasyona ili\u015fkin baz\u0131 dijital materyallerin incelemeye al\u0131nd\u0131\u011f\u0131 belirtildi.<\/p>\n\n\n\n<figure class=\"wp-block-image size-large\"><img loading=\"lazy\" decoding=\"async\" width=\"1024\" height=\"683\" src=\"https:\/\/turkiyemhaber.com\/wp-content\/uploads\/2026\/07\/uyusturucu-ve-fuhustan-tutuklu-portekizli-manken-20039966_2692_amp-1024x683.jpg\" alt=\"\" class=\"wp-image-3830\" srcset=\"https:\/\/turkiyemhaber.com\/wp-content\/uploads\/2026\/07\/uyusturucu-ve-fuhustan-tutuklu-portekizli-manken-20039966_2692_amp-1024x683.jpg 1024w, https:\/\/turkiyemhaber.com\/wp-content\/uploads\/2026\/07\/uyusturucu-ve-fuhustan-tutuklu-portekizli-manken-20039966_2692_amp-300x200.jpg 300w, https:\/\/turkiyemhaber.com\/wp-content\/uploads\/2026\/07\/uyusturucu-ve-fuhustan-tutuklu-portekizli-manken-20039966_2692_amp-768x512.jpg 768w, https:\/\/turkiyemhaber.com\/wp-content\/uploads\/2026\/07\/uyusturucu-ve-fuhustan-tutuklu-portekizli-manken-20039966_2692_amp-18x12.jpg 18w, https:\/\/turkiyemhaber.com\/wp-content\/uploads\/2026\/07\/uyusturucu-ve-fuhustan-tutuklu-portekizli-manken-20039966_2692_amp.jpg 1200w\" sizes=\"auto, (max-width: 1024px) 100vw, 1024px\" \/><\/figure>\n\n\n\n<h2 class=\"wp-block-heading\">Haluk Levent ve Emir Sar\u0131g\u00fcl hakk\u0131nda iddialar<\/h2>\n\n\n\n<p class=\"wp-block-paragraph\">Savc\u0131l\u0131k ifadesinde Correia, Haluk Levent ve Emir Sar\u0131g\u00fcl ile ilgili de para kar\u015f\u0131l\u0131\u011f\u0131 ili\u015fki ya\u015fad\u0131\u011f\u0131 ve uyu\u015fturucu kullan\u0131m\u0131na ili\u015fkin \u00e7e\u015fitli iddialarda bulundu. \u0130fade tutanaklar\u0131na g\u00f6re, \u015f\u00fcphelinin telefonunda bulundu\u011fu belirtilen baz\u0131 yaz\u0131\u015fmalar\u0131n da soru\u015fturma dosyas\u0131na al\u0131nd\u0131\u011f\u0131 kaydedildi.<\/p>\n\n\n\n<figure class=\"wp-block-image size-full\"><img loading=\"lazy\" decoding=\"async\" width=\"640\" height=\"430\" src=\"https:\/\/turkiyemhaber.com\/wp-content\/uploads\/2026\/07\/uyusturucu-ve-fuhustan-tutuklu-20039879-4302_1_m.webp\" alt=\"\" class=\"wp-image-3831\" srcset=\"https:\/\/turkiyemhaber.com\/wp-content\/uploads\/2026\/07\/uyusturucu-ve-fuhustan-tutuklu-20039879-4302_1_m.webp 640w, https:\/\/turkiyemhaber.com\/wp-content\/uploads\/2026\/07\/uyusturucu-ve-fuhustan-tutuklu-20039879-4302_1_m-300x202.webp 300w, https:\/\/turkiyemhaber.com\/wp-content\/uploads\/2026\/07\/uyusturucu-ve-fuhustan-tutuklu-20039879-4302_1_m-18x12.webp 18w\" sizes=\"auto, (max-width: 640px) 100vw, 640px\" \/><\/figure>\n\n\n\n<h2 class=\"wp-block-heading\">Hasan Vatan hakk\u0131nda beyanlar<\/h2>\n\n\n\n<p class=\"wp-block-paragraph\">Correia ayr\u0131ca Hasan Vatan hakk\u0131nda da \u00e7e\u015fitli iddialarda bulunurken, kendisinin uyu\u015fturucu madde kullanmad\u0131\u011f\u0131n\u0131 \u00f6ne s\u00fcrd\u00fc. \u0130fadeye konu olan baz\u0131 foto\u011fraf ve dijital verilerin de incelemeye al\u0131nd\u0131\u011f\u0131 belirtildi.<\/p>\n\n\n\n<h2 class=\"wp-block-heading\">Adli T\u0131p raporu<\/h2>\n\n\n\n<p class=\"wp-block-paragraph\">Adli T\u0131p Kurumu taraf\u0131ndan haz\u0131rlanan raporda Correia&#8217;n\u0131n kan, idrar ve sa\u00e7 \u00f6rneklerinde kokain ile baz\u0131 uyu\u015fturucu maddelere ait bulgular tespit edildi\u011fi ifade edildi.<\/p>\n\n\n\n<h2 class=\"wp-block-heading\">Soru\u015fturma s\u00fcr\u00fcyor<\/h2>\n\n\n\n<p class=\"wp-block-paragraph\">Soru\u015fturma kapsam\u0131nda ad\u0131 ge\u00e7en ki\u015filer hakk\u0131nda Correia&#8217;n\u0131n beyanlar\u0131 d\u0131\u015f\u0131nda iddialar\u0131n do\u011frulu\u011funa ili\u015fkin resmi bir yarg\u0131 karar\u0131 bulunmuyor. Savc\u0131l\u0131k taraf\u0131ndan dijital materyaller, ileti\u015fim kay\u0131tlar\u0131, konum verileri ve di\u011fer deliller \u00fczerinde incelemelerin s\u00fcrd\u00fc\u011f\u00fc \u00f6\u011frenildi.<\/p>\n\n\n\n<p class=\"wp-block-paragraph\"><strong>Soru\u015fturma devam ederken, dosyada yer alan iddialar\u0131n do\u011frulu\u011fu yap\u0131lacak adli inceleme ve yarg\u0131 s\u00fcreci sonunda netlik kazanacak.<\/strong><\/p>\n","protected":false},"excerpt":{"rendered":"<p>\u0130STANBUL \u2013 \u0130stanbul Cumhuriyet Ba\u015fsavc\u0131l\u0131\u011f\u0131 taraf\u0131ndan y\u00fcr\u00fct\u00fclen uyu\u015fturucu ve fuhu\u015f soru\u015fturmas\u0131 kapsam\u0131nda tutuklanan Portekizli model<\/p>\n","protected":false},"author":1,"featured_media":3828,"comment_status":"open","ping_status":"open","sticky":false,"template":"","format":"standard","meta":{"_rtcl_gb_attr":"","footnotes":""},"categories":[1],"tags":[],"class_list":["post-3827","post","type-post","status-publish","format-standard","has-post-thumbnail","hentry","category-http-turkiyemhaber-com-wp-content-uploads-2026-03-saray-59-haber-13-mart-pdf"],"_links":{"self":[{"href":"https:\/\/turkiyemhaber.com\/index.php?rest_route=\/wp\/v2\/posts\/3827","targetHints":{"allow":["GET"]}}],"collection":[{"href":"https:\/\/turkiyemhaber.com\/index.php?rest_route=\/wp\/v2\/posts"}],"about":[{"href":"https:\/\/turkiyemhaber.com\/index.php?rest_route=\/wp\/v2\/types\/post"}],"author":[{"embeddable":true,"href":"https:\/\/turkiyemhaber.com\/index.php?rest_route=\/wp\/v2\/users\/1"}],"replies":[{"embeddable":true,"href":"https:\/\/turkiyemhaber.com\/index.php?rest_route=%2Fwp%2Fv2%2Fcomments&post=3827"}],"version-history":[{"count":1,"href":"https:\/\/turkiyemhaber.com\/index.php?rest_route=\/wp\/v2\/posts\/3827\/revisions"}],"predecessor-version":[{"id":3832,"href":"https:\/\/turkiyemhaber.com\/index.php?rest_route=\/wp\/v2\/posts\/3827\/revisions\/3832"}],"wp:featuredmedia":[{"embeddable":true,"href":"https:\/\/turkiyemhaber.com\/index.php?rest_route=\/wp\/v2\/media\/3828"}],"wp:attachment":[{"href":"https:\/\/turkiyemhaber.com\/index.php?rest_route=%2Fwp%2Fv2%2Fmedia&parent=3827"}],"wp:term":[{"taxonomy":"category","embeddable":true,"href":"https:\/\/turkiyemhaber.com\/index.php?rest_route=%2Fwp%2Fv2%2Fcategories&post=3827"},{"taxonomy":"post_tag","embeddable":true,"href":"https:\/\/turkiyemhaber.com\/index.php?rest_route=%2Fwp%2Fv2%2Ftags&post=3827"}],"curies":[{"name":"wp","href":"https:\/\/api.w.org\/{rel}","templated":true}]}}