{"id":3824,"date":"2026-07-10T19:39:28","date_gmt":"2026-07-10T19:39:28","guid":{"rendered":"https:\/\/turkiyemhaber.com\/?p=3824"},"modified":"2026-07-10T19:39:33","modified_gmt":"2026-07-10T19:39:33","slug":"vali-soyturk-ile-tekirdagin-gelecegi-ve-medyanin-rolu-degerlendirildi","status":"publish","type":"post","link":"https:\/\/turkiyemhaber.com\/?p=3824","title":{"rendered":"Vali Soyt\u00fcrk ile Tekirda\u011f&#8217;\u0131n Gelece\u011fi ve Medyan\u0131n Rol\u00fc De\u011ferlendirildi"},"content":{"rendered":"\n<p class=\"wp-block-paragraph\"><strong>EL\u0130KHAN \u015eirketler Gurubu ve MNR Medya Y\u00f6netim Kurulu Ba\u015fkan\u0131 Alp Aslan Erin, Tekirda\u011f Valisi Say\u0131n Recep Soyt\u00fcrk&#8217;\u00fc makam\u0131nda ziyaret ederek kentin gelece\u011fi, yerel kalk\u0131nma ve medyan\u0131n toplumsal sorumlulu\u011fu \u00fczerine g\u00f6r\u00fc\u015f al\u0131\u015fveri\u015finde bulundu.<\/strong><\/p>\n\n\n\n<p class=\"wp-block-paragraph\">Ger\u00e7ekle\u015fen g\u00f6r\u00fc\u015fmede Tekirda\u011f&#8217;\u0131n ekonomik, sosyal, k\u00fclt\u00fcrel ve turizm potansiyeli de\u011ferlendirilirken, yerel ve ulusal medyan\u0131n \u015fehirlerin geli\u015fimindeki \u00f6nemi de ele al\u0131nd\u0131. \u00d6zellikle dijital yay\u0131nc\u0131l\u0131\u011f\u0131n h\u0131zla geli\u015fti\u011fi g\u00fcn\u00fcm\u00fczde, do\u011fru ve tarafs\u0131z habercili\u011fin kamuoyunun bilgilendirilmesindeki rol\u00fcne dikkat \u00e7ekildi.<\/p>\n\n\n\n<p class=\"wp-block-paragraph\">Ziyarette, Tekirda\u011f&#8217;\u0131n sahip oldu\u011fu de\u011ferlerin daha geni\u015f kitlelere ula\u015ft\u0131r\u0131lmas\u0131, \u015fehrin tan\u0131t\u0131m\u0131na katk\u0131 sa\u011flayacak projeler ve medya kurulu\u015flar\u0131n\u0131n bu s\u00fcre\u00e7te \u00fcstlenebilece\u011fi sorumluluklar \u00fczerine fikir al\u0131\u015fveri\u015finde bulunuldu. Ayr\u0131ca yerel bas\u0131n\u0131n g\u00fc\u00e7lendirilmesi ve Tekirda\u011f&#8217;\u0131n ulusal \u00f6l\u00e7ekte daha g\u00f6r\u00fcn\u00fcr hale gelmesine y\u00f6nelik de\u011ferlendirmeler yap\u0131ld\u0131.<\/p>\n\n\n\n<p class=\"wp-block-paragraph\">EL\u0130KHAN \u015eirketler Gurubu ve MNR Medya Y\u00f6netim Kurulu Ba\u015fkan\u0131 Alp Aslan Erin, kamu yarar\u0131n\u0131 \u00f6nceleyen yay\u0131n anlay\u0131\u015f\u0131yla Tekirda\u011f&#8217;\u0131n sesi olmaya devam edeceklerini belirterek, kentin geli\u015fimine katk\u0131 sa\u011flayacak her t\u00fcrl\u00fc \u00e7al\u0131\u015fman\u0131n destek\u00e7isi olduklar\u0131n\u0131 ifade etti.<\/p>\n\n\n\n<p class=\"wp-block-paragraph\">Vali Recep Soyt\u00fcrk ise Tekirda\u011f&#8217;\u0131n geli\u015fiminde kamu kurumlar\u0131, sivil toplum kurulu\u015flar\u0131 ve bas\u0131n kurulu\u015flar\u0131 aras\u0131ndaki i\u015f birli\u011finin \u00f6nemine vurgu yaparak, toplumun do\u011fru bilgilendirilmesi noktas\u0131nda bas\u0131n\u0131n \u00fcstlendi\u011fi g\u00f6revin de\u011ferli oldu\u011funu belirtti.<\/p>\n\n\n\n<p class=\"wp-block-paragraph\">Samimi bir ortamda ger\u00e7ekle\u015fen g\u00f6r\u00fc\u015fmenin sonunda Alp Aslan Erin, nazik kabulleri, i\u00e7ten misafirperverli\u011fi ve Tekirda\u011f&#8217;a y\u00f6nelik vizyoner \u00e7al\u0131\u015fmalar\u0131 dolay\u0131s\u0131yla Vali Recep Soyt\u00fcrk&#8217;e te\u015fekk\u00fcrlerini iletti.<\/p>\n\n\n\n<p class=\"wp-block-paragraph\">Ziyaret, g\u00fcn\u00fcn an\u0131s\u0131na \u00e7ekilen hat\u0131ra foto\u011fraf\u0131 ile sona erdi.<\/p>\n","protected":false},"excerpt":{"rendered":"<p>EL\u0130KHAN \u015eirketler Gurubu ve MNR Medya Y\u00f6netim Kurulu Ba\u015fkan\u0131 Alp Aslan Erin, Tekirda\u011f Valisi Say\u0131n<\/p>\n","protected":false},"author":1,"featured_media":3825,"comment_status":"open","ping_status":"open","sticky":false,"template":"","format":"standard","meta":{"_rtcl_gb_attr":"","footnotes":""},"categories":[1],"tags":[],"class_list":["post-3824","post","type-post","status-publish","format-standard","has-post-thumbnail","hentry","category-http-turkiyemhaber-com-wp-content-uploads-2026-03-saray-59-haber-13-mart-pdf"],"_links":{"self":[{"href":"https:\/\/turkiyemhaber.com\/index.php?rest_route=\/wp\/v2\/posts\/3824","targetHints":{"allow":["GET"]}}],"collection":[{"href":"https:\/\/turkiyemhaber.com\/index.php?rest_route=\/wp\/v2\/posts"}],"about":[{"href":"https:\/\/turkiyemhaber.com\/index.php?rest_route=\/wp\/v2\/types\/post"}],"author":[{"embeddable":true,"href":"https:\/\/turkiyemhaber.com\/index.php?rest_route=\/wp\/v2\/users\/1"}],"replies":[{"embeddable":true,"href":"https:\/\/turkiyemhaber.com\/index.php?rest_route=%2Fwp%2Fv2%2Fcomments&post=3824"}],"version-history":[{"count":1,"href":"https:\/\/turkiyemhaber.com\/index.php?rest_route=\/wp\/v2\/posts\/3824\/revisions"}],"predecessor-version":[{"id":3826,"href":"https:\/\/turkiyemhaber.com\/index.php?rest_route=\/wp\/v2\/posts\/3824\/revisions\/3826"}],"wp:featuredmedia":[{"embeddable":true,"href":"https:\/\/turkiyemhaber.com\/index.php?rest_route=\/wp\/v2\/media\/3825"}],"wp:attachment":[{"href":"https:\/\/turkiyemhaber.com\/index.php?rest_route=%2Fwp%2Fv2%2Fmedia&parent=3824"}],"wp:term":[{"taxonomy":"category","embeddable":true,"href":"https:\/\/turkiyemhaber.com\/index.php?rest_route=%2Fwp%2Fv2%2Fcategories&post=3824"},{"taxonomy":"post_tag","embeddable":true,"href":"https:\/\/turkiyemhaber.com\/index.php?rest_route=%2Fwp%2Fv2%2Ftags&post=3824"}],"curies":[{"name":"wp","href":"https:\/\/api.w.org\/{rel}","templated":true}]}}