{"id":3821,"date":"2026-07-09T17:14:12","date_gmt":"2026-07-09T17:14:12","guid":{"rendered":"https:\/\/turkiyemhaber.com\/?p=3821"},"modified":"2026-07-09T17:14:18","modified_gmt":"2026-07-09T17:14:18","slug":"ekrem-imamoglu-hakkinda-kamu-gorevlisini-tehdit-suclamasiyla-resen-sorusturma-baslatildi","status":"publish","type":"post","link":"https:\/\/turkiyemhaber.com\/?p=3821","title":{"rendered":"Ekrem \u0130mamo\u011flu Hakk\u0131nda &#8220;Kamu G\u00f6revlisini Tehdit&#8221; Su\u00e7lamas\u0131yla Resen Soru\u015fturma Ba\u015flat\u0131ld\u0131"},"content":{"rendered":"\n<p class=\"wp-block-paragraph\">\u0130stanbul B\u00fcy\u00fck\u015fehir Belediyesi&#8217;ne y\u00f6nelik yolsuzluk iddias\u0131yla a\u00e7\u0131lan davan\u0131n duru\u015fmas\u0131nda ya\u015fanan geli\u015fmelerin ard\u0131ndan, \u0130stanbul B\u00fcy\u00fck\u015fehir Belediye Ba\u015fkan\u0131 Ekrem \u0130mamo\u011flu hakk\u0131nda &#8220;kamu g\u00f6revlisini tehdit&#8221; su\u00e7lamas\u0131yla resen soru\u015fturma ba\u015flat\u0131ld\u0131.<\/p>\n\n\n\n<p class=\"wp-block-paragraph\">Bak\u0131rk\u00f6y Cumhuriyet Ba\u015fsavc\u0131l\u0131\u011f\u0131 taraf\u0131ndan yap\u0131lan a\u00e7\u0131klamada, \u0130mamo\u011flu&#8217;nun 8 Temmuz 2026 tarihinde g\u00f6r\u00fclen duru\u015fmada mahkeme heyeti \u00f6n\u00fcnde sarf etti\u011fi ifadeler nedeniyle soru\u015fturma ba\u015flat\u0131ld\u0131\u011f\u0131 bildirildi.<\/p>\n\n\n\n<h2 class=\"wp-block-heading\">Ba\u015fsavc\u0131l\u0131ktan Resmi A\u00e7\u0131klama<\/h2>\n\n\n\n<p class=\"wp-block-paragraph\">Bak\u0131rk\u00f6y Cumhuriyet Ba\u015fsavc\u0131l\u0131\u011f\u0131&#8217;n\u0131n a\u00e7\u0131klamas\u0131nda \u015fu ifadelere yer verildi:<\/p>\n\n\n\n<p class=\"wp-block-paragraph\"><em>&#8220;\u0130stanbul 33. A\u011f\u0131r Ceza Mahkemesi&#8217;nin 2026\/208 Esas say\u0131l\u0131 dosyas\u0131nda san\u0131k Ekrem \u0130mamo\u011flu hakk\u0131nda, 08\/07\/2026 tarihli duru\u015fmada mahkeme heyeti \u00f6n\u00fcnde sarf etti\u011fi &#8216;Ben savunma yapmam, ben yarg\u0131layaca\u011f\u0131m, yarg\u0131layaca\u011f\u0131m merak etmeyin, ben iddianameyi yapanlar\u0131 yarg\u0131layaca\u011f\u0131m&#8230;&#8217; \u015feklindeki s\u00f6zleri nedeniyle &#8216;kamu g\u00f6revlisini tehdit&#8217; su\u00e7undan Bak\u0131rk\u00f6y Cumhuriyet Ba\u015fsavc\u0131l\u0131\u011f\u0131&#8217;nca resen soru\u015fturma ba\u015flat\u0131lm\u0131\u015ft\u0131r.&#8221;<\/em><\/p>\n\n\n\n<h2 class=\"wp-block-heading\">Duru\u015fmada Gerginlik Ya\u015fand\u0131<\/h2>\n\n\n\n<p class=\"wp-block-paragraph\">\u0130stanbul B\u00fcy\u00fck\u015fehir Belediyesi&#8217;ne y\u00f6nelik yolsuzluk iddias\u0131yla a\u00e7\u0131lan davan\u0131n 64. duru\u015fmas\u0131nda savunma yapmak \u00fczere s\u00f6z alan Ekrem \u0130mamo\u011flu, savunma s\u00fcresinin k\u0131s\u0131tland\u0131\u011f\u0131n\u0131 \u00f6ne s\u00fcrerek mahkeme ba\u015fkan\u0131yla tart\u0131\u015fma ya\u015fad\u0131.<\/p>\n\n\n\n<p class=\"wp-block-paragraph\">\u0130mamo\u011flu, davan\u0131n planlanandan daha k\u0131sa s\u00fcrede sonu\u00e7land\u0131r\u0131lmak istendi\u011fini iddia ederek, kendisine yeterli savunma s\u00fcresi tan\u0131nmad\u0131\u011f\u0131n\u0131 savundu. Bu durumu &#8220;a\u011f\u0131r hak ihlali&#8221; olarak nitelendiren \u0130mamo\u011flu, yarg\u0131lama s\u00fcrecine ili\u015fkin ele\u015ftirilerde bulundu.<\/p>\n\n\n\n<h2 class=\"wp-block-heading\">Mahkeme Ba\u015fkan\u0131 Uyard\u0131<\/h2>\n\n\n\n<p class=\"wp-block-paragraph\">Mahkeme Ba\u015fkan\u0131 ise belirlenen yarg\u0131lama takviminde herhangi bir de\u011fi\u015fiklik yap\u0131lmayaca\u011f\u0131n\u0131 belirterek, \u0130mamo\u011flu&#8217;na savunmas\u0131n\u0131 yapmas\u0131 ya da susma hakk\u0131n\u0131 kullanmas\u0131 gerekti\u011fini ifade etti.<\/p>\n\n\n\n<p class=\"wp-block-paragraph\">Tart\u0131\u015fman\u0131n b\u00fcy\u00fcmesi \u00fczerine mahkeme heyeti, duru\u015fma d\u00fczeninin bozuldu\u011fu gerek\u00e7esiyle \u0130mamo\u011flu&#8217;nun salondan \u00e7\u0131kar\u0131lmas\u0131na karar verdi. Bu s\u0131rada duru\u015fma salonunda k\u0131sa s\u00fcreli gerginlik ya\u015fan\u0131rken, SEGB\u0130S ses ve g\u00f6r\u00fcnt\u00fc kay\u0131t sistemi de durduruldu.<\/p>\n\n\n\n<h2 class=\"wp-block-heading\">S\u00f6zleri Soru\u015fturmaya Konu Oldu<\/h2>\n\n\n\n<p class=\"wp-block-paragraph\">Duru\u015fma salonundan \u00e7\u0131kar\u0131ld\u0131\u011f\u0131 s\u0131rada mahkeme heyetine y\u00f6nelik konu\u015fmaya devam eden Ekrem \u0130mamo\u011flu&#8217;nun, &#8220;Ben savunma yapmaya de\u011fil, yarg\u0131lamaya geldim. Ben yarg\u0131layaca\u011f\u0131m, merak etmeyin, ben iddianameyi yapanlar\u0131 yarg\u0131layaca\u011f\u0131m.&#8221; \u015feklindeki ifadeleri, Bak\u0131rk\u00f6y Cumhuriyet Ba\u015fsavc\u0131l\u0131\u011f\u0131 taraf\u0131ndan &#8220;kamu g\u00f6revlisini tehdit&#8221; su\u00e7lamas\u0131 kapsam\u0131nda de\u011ferlendirilerek resen soru\u015fturma konusu yap\u0131ld\u0131.<\/p>\n\n\n\n<p class=\"wp-block-paragraph\">Soru\u015fturman\u0131n, s\u00f6z konusu ifadelerin hukuki de\u011ferlendirilmesi kapsam\u0131nda y\u00fcr\u00fct\u00fclece\u011fi \u00f6\u011frenildi.<\/p>\n","protected":false},"excerpt":{"rendered":"<p>\u0130stanbul B\u00fcy\u00fck\u015fehir Belediyesi&#8217;ne y\u00f6nelik yolsuzluk iddias\u0131yla a\u00e7\u0131lan davan\u0131n duru\u015fmas\u0131nda ya\u015fanan geli\u015fmelerin ard\u0131ndan, \u0130stanbul B\u00fcy\u00fck\u015fehir Belediye<\/p>\n","protected":false},"author":1,"featured_media":3822,"comment_status":"open","ping_status":"open","sticky":false,"template":"","format":"standard","meta":{"_rtcl_gb_attr":"","footnotes":""},"categories":[1],"tags":[],"class_list":["post-3821","post","type-post","status-publish","format-standard","has-post-thumbnail","hentry","category-http-turkiyemhaber-com-wp-content-uploads-2026-03-saray-59-haber-13-mart-pdf"],"_links":{"self":[{"href":"https:\/\/turkiyemhaber.com\/index.php?rest_route=\/wp\/v2\/posts\/3821","targetHints":{"allow":["GET"]}}],"collection":[{"href":"https:\/\/turkiyemhaber.com\/index.php?rest_route=\/wp\/v2\/posts"}],"about":[{"href":"https:\/\/turkiyemhaber.com\/index.php?rest_route=\/wp\/v2\/types\/post"}],"author":[{"embeddable":true,"href":"https:\/\/turkiyemhaber.com\/index.php?rest_route=\/wp\/v2\/users\/1"}],"replies":[{"embeddable":true,"href":"https:\/\/turkiyemhaber.com\/index.php?rest_route=%2Fwp%2Fv2%2Fcomments&post=3821"}],"version-history":[{"count":1,"href":"https:\/\/turkiyemhaber.com\/index.php?rest_route=\/wp\/v2\/posts\/3821\/revisions"}],"predecessor-version":[{"id":3823,"href":"https:\/\/turkiyemhaber.com\/index.php?rest_route=\/wp\/v2\/posts\/3821\/revisions\/3823"}],"wp:featuredmedia":[{"embeddable":true,"href":"https:\/\/turkiyemhaber.com\/index.php?rest_route=\/wp\/v2\/media\/3822"}],"wp:attachment":[{"href":"https:\/\/turkiyemhaber.com\/index.php?rest_route=%2Fwp%2Fv2%2Fmedia&parent=3821"}],"wp:term":[{"taxonomy":"category","embeddable":true,"href":"https:\/\/turkiyemhaber.com\/index.php?rest_route=%2Fwp%2Fv2%2Fcategories&post=3821"},{"taxonomy":"post_tag","embeddable":true,"href":"https:\/\/turkiyemhaber.com\/index.php?rest_route=%2Fwp%2Fv2%2Ftags&post=3821"}],"curies":[{"name":"wp","href":"https:\/\/api.w.org\/{rel}","templated":true}]}}