{"id":3818,"date":"2026-07-09T17:10:21","date_gmt":"2026-07-09T17:10:21","guid":{"rendered":"https:\/\/turkiyemhaber.com\/?p=3818"},"modified":"2026-07-09T17:10:27","modified_gmt":"2026-07-09T17:10:27","slug":"besiktasta-denizde-kadin-cesedi-bulundu","status":"publish","type":"post","link":"https:\/\/turkiyemhaber.com\/?p=3818","title":{"rendered":"Be\u015fikta\u015f&#8217;ta Denizde Kad\u0131n Cesedi Bulundu"},"content":{"rendered":"\n<p class=\"wp-block-paragraph\">\u0130stanbul&#8217;un Be\u015fikta\u015f il\u00e7esinde denizde hareketsiz halde bulunan bir kad\u0131n\u0131n hayat\u0131n\u0131 kaybetti\u011fi belirlendi. Kimli\u011fi hen\u00fcz tespit edilemeyen kad\u0131n\u0131n cenazesi, otopsi ve kimlik belirleme i\u015flemleri i\u00e7in Adli T\u0131p Kurumu&#8217;na kald\u0131r\u0131ld\u0131.<\/p>\n\n\n\n<h2 class=\"wp-block-heading\">\u0130skele A\u00e7\u0131klar\u0131nda Hareketsiz Halde Fark Edildi<\/h2>\n\n\n\n<p class=\"wp-block-paragraph\">Olay, Be\u015fikta\u015f \u0130skelesi a\u00e7\u0131klar\u0131nda meydana geldi. Edinilen bilgilere g\u00f6re, denizde hareketsiz duran bir ki\u015fiyi fark eden iskele \u00e7al\u0131\u015fanlar\u0131 durumu fark ederek kad\u0131n\u0131 \u00f6zel bir tekneyle sudan \u00e7\u0131kard\u0131.<\/p>\n\n\n\n<p class=\"wp-block-paragraph\">\u0130hbar \u00fczerine b\u00f6lgeye Sahil G\u00fcvenlik Komutanl\u0131\u011f\u0131, polis ve sa\u011fl\u0131k ekipleri sevk edildi. Tekne, sahil g\u00fcvenlik ekiplerinin refakatinde Be\u015fikta\u015f \u0130skelesi&#8217;ne yana\u015ft\u0131r\u0131ld\u0131.<\/p>\n\n\n\n<h2 class=\"wp-block-heading\">Sa\u011fl\u0131k Ekipleri Hayat\u0131n\u0131 Kaybetti\u011fini Belirledi<\/h2>\n\n\n\n<p class=\"wp-block-paragraph\">\u0130skelede sa\u011fl\u0131k ekipleri taraf\u0131ndan yap\u0131lan ilk incelemede, sudan \u00e7\u0131kar\u0131lan kad\u0131n\u0131n ya\u015fam\u0131n\u0131 yitirdi\u011fi tespit edildi.<\/p>\n\n\n\n<p class=\"wp-block-paragraph\">Olay yeri inceleme ekiplerinin \u00e7al\u0131\u015fmalar\u0131n\u0131n ard\u0131ndan cenaze, kesin \u00f6l\u00fcm nedeninin belirlenmesi ve kimli\u011finin tespit edilmesi amac\u0131yla Adli T\u0131p Kurumu morguna g\u00f6nderildi.<\/p>\n\n\n\n<h2 class=\"wp-block-heading\">Olayla \u0130lgili Soru\u015fturma Ba\u015flat\u0131ld\u0131<\/h2>\n\n\n\n<p class=\"wp-block-paragraph\">Polis ekipleri, kad\u0131n\u0131n denize nas\u0131l d\u00fc\u015ft\u00fc\u011f\u00fc ve \u00f6l\u00fcm nedeninin belirlenmesi i\u00e7in geni\u015f \u00e7apl\u0131 inceleme ba\u015flatt\u0131. Olayla ilgili soru\u015fturman\u0131n s\u00fcrd\u00fc\u011f\u00fc bildirildi.<\/p>\n","protected":false},"excerpt":{"rendered":"<p>\u0130stanbul&#8217;un Be\u015fikta\u015f il\u00e7esinde denizde hareketsiz halde bulunan bir kad\u0131n\u0131n hayat\u0131n\u0131 kaybetti\u011fi belirlendi. Kimli\u011fi hen\u00fcz tespit<\/p>\n","protected":false},"author":1,"featured_media":3819,"comment_status":"open","ping_status":"open","sticky":false,"template":"","format":"standard","meta":{"_rtcl_gb_attr":"","footnotes":""},"categories":[1],"tags":[],"class_list":["post-3818","post","type-post","status-publish","format-standard","has-post-thumbnail","hentry","category-http-turkiyemhaber-com-wp-content-uploads-2026-03-saray-59-haber-13-mart-pdf"],"_links":{"self":[{"href":"https:\/\/turkiyemhaber.com\/index.php?rest_route=\/wp\/v2\/posts\/3818","targetHints":{"allow":["GET"]}}],"collection":[{"href":"https:\/\/turkiyemhaber.com\/index.php?rest_route=\/wp\/v2\/posts"}],"about":[{"href":"https:\/\/turkiyemhaber.com\/index.php?rest_route=\/wp\/v2\/types\/post"}],"author":[{"embeddable":true,"href":"https:\/\/turkiyemhaber.com\/index.php?rest_route=\/wp\/v2\/users\/1"}],"replies":[{"embeddable":true,"href":"https:\/\/turkiyemhaber.com\/index.php?rest_route=%2Fwp%2Fv2%2Fcomments&post=3818"}],"version-history":[{"count":1,"href":"https:\/\/turkiyemhaber.com\/index.php?rest_route=\/wp\/v2\/posts\/3818\/revisions"}],"predecessor-version":[{"id":3820,"href":"https:\/\/turkiyemhaber.com\/index.php?rest_route=\/wp\/v2\/posts\/3818\/revisions\/3820"}],"wp:featuredmedia":[{"embeddable":true,"href":"https:\/\/turkiyemhaber.com\/index.php?rest_route=\/wp\/v2\/media\/3819"}],"wp:attachment":[{"href":"https:\/\/turkiyemhaber.com\/index.php?rest_route=%2Fwp%2Fv2%2Fmedia&parent=3818"}],"wp:term":[{"taxonomy":"category","embeddable":true,"href":"https:\/\/turkiyemhaber.com\/index.php?rest_route=%2Fwp%2Fv2%2Fcategories&post=3818"},{"taxonomy":"post_tag","embeddable":true,"href":"https:\/\/turkiyemhaber.com\/index.php?rest_route=%2Fwp%2Fv2%2Ftags&post=3818"}],"curies":[{"name":"wp","href":"https:\/\/api.w.org\/{rel}","templated":true}]}}