{"id":3815,"date":"2026-07-09T17:08:31","date_gmt":"2026-07-09T17:08:31","guid":{"rendered":"https:\/\/turkiyemhaber.com\/?p=3815"},"modified":"2026-07-09T17:08:36","modified_gmt":"2026-07-09T17:08:36","slug":"yuz-milyonlarca-liralik-vurgun-gocmen-kacakciligini-uluslararasi-ticaret-gibi-gosterdiler","status":"publish","type":"post","link":"https:\/\/turkiyemhaber.com\/?p=3815","title":{"rendered":"Y\u00fcz Milyonlarca Liral\u0131k Vurgun! G\u00f6\u00e7men Ka\u00e7ak\u00e7\u0131l\u0131\u011f\u0131n\u0131 Uluslararas\u0131 Ticaret Gibi G\u00f6sterdiler"},"content":{"rendered":"\n<p class=\"wp-block-paragraph\">G\u00f6\u00e7men ka\u00e7ak\u00e7\u0131l\u0131\u011f\u0131na y\u00f6nelik y\u00fcr\u00fct\u00fclen kapsaml\u0131 soru\u015fturma kapsam\u0131nda, yasa d\u0131\u015f\u0131 faaliyetlerini uluslararas\u0131 ticaret g\u00f6r\u00fcnt\u00fcs\u00fc alt\u0131nda s\u00fcrd\u00fcren organize su\u00e7 a\u011f\u0131 de\u015fifre edildi. G\u00fcvenlik g\u00fc\u00e7lerinin ger\u00e7ekle\u015ftirdi\u011fi operasyonlarda, y\u00fcz milyonlarca liral\u0131k haks\u0131z kazan\u00e7 elde etti\u011fi de\u011ferlendirilen \u015f\u00fcpheliler hakk\u0131nda adli i\u015flem ba\u015flat\u0131ld\u0131.<\/p>\n\n\n\n<p class=\"wp-block-paragraph\">Soru\u015fturma kapsam\u0131nda yap\u0131lan incelemelerde, \u015f\u00fcphelilerin g\u00f6\u00e7men ka\u00e7ak\u00e7\u0131l\u0131\u011f\u0131n\u0131 yasal ticaret faaliyetleri gibi g\u00f6stererek hem denetimlerden ka\u00e7maya hem de elde ettikleri gelirleri sistem i\u00e7erisine sokmaya \u00e7al\u0131\u015ft\u0131klar\u0131 belirlendi.<\/p>\n\n\n\n<p class=\"wp-block-paragraph\">Yetkililerin tespitlerine g\u00f6re, su\u00e7 \u00f6rg\u00fct\u00fc g\u00f6\u00e7men sevkiyat\u0131n\u0131 profesyonel bir organizasyonla y\u00fcr\u00fct\u00fcrken, para transferleri ve ticari i\u015flemleri de uluslararas\u0131 ticaret g\u00f6r\u00fcn\u00fcm\u00fc alt\u0131nda ger\u00e7ekle\u015ftirdi. Mali incelemelerde, \u00f6rg\u00fct\u00fcn hesaplar\u0131nda y\u00fcz milyonlarca liray\u0131 bulan para hareketlili\u011fi tespit edildi.<\/p>\n\n\n\n<p class=\"wp-block-paragraph\">Operasyon kapsam\u0131nda \u00e7ok say\u0131da adrese e\u015f zamanl\u0131 bask\u0131n d\u00fczenlenirken, dijital materyaller, \u00e7e\u015fitli belgeler ve su\u00e7tan elde edildi\u011fi de\u011ferlendirilen mal varl\u0131\u011f\u0131na ili\u015fkin evraklara el konuldu. Ele ge\u00e7irilen delillerin incelenmesiyle birlikte \u00f6rg\u00fct\u00fcn yurt i\u00e7i ve yurt d\u0131\u015f\u0131ndaki ba\u011flant\u0131lar\u0131n\u0131n ortaya \u00e7\u0131kar\u0131lmas\u0131 i\u00e7in \u00e7al\u0131\u015fmalar\u0131n s\u00fcrd\u00fc\u011f\u00fc bildirildi.<\/p>\n\n\n\n<p class=\"wp-block-paragraph\">G\u00f6zalt\u0131na al\u0131nan \u015f\u00fcphelilerin emniyetteki i\u015flemleri devam ederken, soru\u015fturman\u0131n g\u00f6\u00e7men ka\u00e7ak\u00e7\u0131l\u0131\u011f\u0131 ve su\u00e7tan elde edilen mal varl\u0131\u011f\u0131 de\u011ferlerinin aklanmas\u0131 su\u00e7lar\u0131 kapsam\u0131nda \u00e7ok y\u00f6nl\u00fc olarak s\u00fcrd\u00fcr\u00fcld\u00fc\u011f\u00fc \u00f6\u011frenildi.<\/p>\n\n\n\n<p class=\"wp-block-paragraph\">Yetkililer, d\u00fczensiz g\u00f6\u00e7 ve g\u00f6\u00e7men ka\u00e7ak\u00e7\u0131l\u0131\u011f\u0131yla m\u00fccadele kapsam\u0131nda benzer operasyonlar\u0131n kararl\u0131l\u0131kla devam edece\u011fini belirterek, su\u00e7 \u00f6rg\u00fctlerine y\u00f6nelik \u00e7al\u0131\u015fmalar\u0131n aral\u0131ks\u0131z s\u00fcrd\u00fcr\u00fclece\u011fini ifade etti.<\/p>\n","protected":false},"excerpt":{"rendered":"<p>G\u00f6\u00e7men ka\u00e7ak\u00e7\u0131l\u0131\u011f\u0131na y\u00f6nelik y\u00fcr\u00fct\u00fclen kapsaml\u0131 soru\u015fturma kapsam\u0131nda, yasa d\u0131\u015f\u0131 faaliyetlerini uluslararas\u0131 ticaret g\u00f6r\u00fcnt\u00fcs\u00fc alt\u0131nda s\u00fcrd\u00fcren<\/p>\n","protected":false},"author":1,"featured_media":3816,"comment_status":"open","ping_status":"open","sticky":false,"template":"","format":"standard","meta":{"_rtcl_gb_attr":"","footnotes":""},"categories":[1],"tags":[],"class_list":["post-3815","post","type-post","status-publish","format-standard","has-post-thumbnail","hentry","category-http-turkiyemhaber-com-wp-content-uploads-2026-03-saray-59-haber-13-mart-pdf"],"_links":{"self":[{"href":"https:\/\/turkiyemhaber.com\/index.php?rest_route=\/wp\/v2\/posts\/3815","targetHints":{"allow":["GET"]}}],"collection":[{"href":"https:\/\/turkiyemhaber.com\/index.php?rest_route=\/wp\/v2\/posts"}],"about":[{"href":"https:\/\/turkiyemhaber.com\/index.php?rest_route=\/wp\/v2\/types\/post"}],"author":[{"embeddable":true,"href":"https:\/\/turkiyemhaber.com\/index.php?rest_route=\/wp\/v2\/users\/1"}],"replies":[{"embeddable":true,"href":"https:\/\/turkiyemhaber.com\/index.php?rest_route=%2Fwp%2Fv2%2Fcomments&post=3815"}],"version-history":[{"count":1,"href":"https:\/\/turkiyemhaber.com\/index.php?rest_route=\/wp\/v2\/posts\/3815\/revisions"}],"predecessor-version":[{"id":3817,"href":"https:\/\/turkiyemhaber.com\/index.php?rest_route=\/wp\/v2\/posts\/3815\/revisions\/3817"}],"wp:featuredmedia":[{"embeddable":true,"href":"https:\/\/turkiyemhaber.com\/index.php?rest_route=\/wp\/v2\/media\/3816"}],"wp:attachment":[{"href":"https:\/\/turkiyemhaber.com\/index.php?rest_route=%2Fwp%2Fv2%2Fmedia&parent=3815"}],"wp:term":[{"taxonomy":"category","embeddable":true,"href":"https:\/\/turkiyemhaber.com\/index.php?rest_route=%2Fwp%2Fv2%2Fcategories&post=3815"},{"taxonomy":"post_tag","embeddable":true,"href":"https:\/\/turkiyemhaber.com\/index.php?rest_route=%2Fwp%2Fv2%2Ftags&post=3815"}],"curies":[{"name":"wp","href":"https:\/\/api.w.org\/{rel}","templated":true}]}}