{"id":3804,"date":"2026-07-07T08:28:56","date_gmt":"2026-07-07T08:28:56","guid":{"rendered":"https:\/\/turkiyemhaber.com\/?p=3804"},"modified":"2026-07-07T08:29:00","modified_gmt":"2026-07-07T08:29:00","slug":"saadet-partisinden-nato-zirvesi-oncesi-dikkat-ceken-protesto","status":"publish","type":"post","link":"https:\/\/turkiyemhaber.com\/?p=3804","title":{"rendered":"Saadet Partisi&#8217;nden NATO Zirvesi \u00d6ncesi Dikkat \u00c7eken Protesto"},"content":{"rendered":"\n<p class=\"wp-block-paragraph\"><strong>SAKARYA \u2013<\/strong> Ankara&#8217;da 7-8 Temmuz tarihlerinde d\u00fczenlenecek NATO Zirvesi \u00f6ncesinde Saadet Partisi Sakarya \u0130l Ba\u015fkanl\u0131\u011f\u0131, parti binas\u0131na &#8220;NATO&#8217;ya Hay\u0131r&#8221; yaz\u0131l\u0131 pankart asarak dikkat \u00e7eken bir protestoya imza att\u0131. \u0130l Ba\u015fkan\u0131 Ali Ahmet \u00c7elik, yapt\u0131\u011f\u0131 a\u00e7\u0131klamada NATO&#8217;nun ge\u00e7mi\u015ften bug\u00fcne izledi\u011fi politikalar\u0131 ele\u015ftirirken, T\u00fcrkiye&#8217;nin g\u00fcvenlik ve d\u0131\u015f politika anlay\u0131\u015f\u0131n\u0131n yeniden de\u011ferlendirilmesi gerekti\u011fini s\u00f6yledi.<\/p>\n\n\n\n<p class=\"wp-block-paragraph\">Parti binas\u0131 \u00f6n\u00fcnde a\u00e7\u0131klamalarda bulunan \u00c7elik, T\u00fcrkiye&#8217;nin NATO&#8217;nun en b\u00fcy\u00fck askeri g\u00fc\u00e7lerinden birine sahip olmas\u0131na ra\u011fmen vatanda\u015flar\u0131n ciddi ekonomik s\u0131k\u0131nt\u0131larla m\u00fccadele etti\u011fini belirtti. Kamu kaynaklar\u0131n\u0131n \u00f6ncelikle milletin refah\u0131 i\u00e7in kullan\u0131lmas\u0131 gerekti\u011fini ifade eden \u00c7elik, NATO zirvesi i\u00e7in yap\u0131lan harcamalar\u0131n kamuoyunda sorguland\u0131\u011f\u0131n\u0131 dile getirdi.<\/p>\n\n\n\n<p class=\"wp-block-paragraph\">\u00c7elik, &#8220;T\u00fcrkiye bir yandan NATO&#8217;nun ikinci b\u00fcy\u00fck ordusuna sahipken, di\u011fer yandan emekliler ge\u00e7im s\u0131k\u0131nt\u0131s\u0131 ya\u015f\u0131yor, gen\u00e7ler i\u015f bulam\u0131yor, \u00e7ift\u00e7iler \u00fcretimden \u00e7ekiliyor. Milyarlarca liral\u0131k kamu kayna\u011f\u0131n\u0131n NATO zirvesi i\u00e7in harcanmas\u0131 do\u011fal olarak sorgulanmaktad\u0131r.&#8221; dedi.<\/p>\n\n\n\n<figure class=\"wp-block-image size-large\"><img loading=\"lazy\" decoding=\"async\" width=\"1024\" height=\"575\" src=\"https:\/\/turkiyemhaber.com\/wp-content\/uploads\/2026\/07\/attachment-120878-1-7889fb3f3c12e198d52ddb7af43c065a-1783338247-1024x575.jpg\" alt=\"\" class=\"wp-image-3806\" srcset=\"https:\/\/turkiyemhaber.com\/wp-content\/uploads\/2026\/07\/attachment-120878-1-7889fb3f3c12e198d52ddb7af43c065a-1783338247-1024x575.jpg 1024w, https:\/\/turkiyemhaber.com\/wp-content\/uploads\/2026\/07\/attachment-120878-1-7889fb3f3c12e198d52ddb7af43c065a-1783338247-300x168.jpg 300w, https:\/\/turkiyemhaber.com\/wp-content\/uploads\/2026\/07\/attachment-120878-1-7889fb3f3c12e198d52ddb7af43c065a-1783338247-768x431.jpg 768w, https:\/\/turkiyemhaber.com\/wp-content\/uploads\/2026\/07\/attachment-120878-1-7889fb3f3c12e198d52ddb7af43c065a-1783338247-1536x862.jpg 1536w, https:\/\/turkiyemhaber.com\/wp-content\/uploads\/2026\/07\/attachment-120878-1-7889fb3f3c12e198d52ddb7af43c065a-1783338247-18x10.jpg 18w, https:\/\/turkiyemhaber.com\/wp-content\/uploads\/2026\/07\/attachment-120878-1-7889fb3f3c12e198d52ddb7af43c065a-1783338247.jpg 1920w\" sizes=\"auto, (max-width: 1024px) 100vw, 1024px\" \/><\/figure>\n\n\n\n<h2 class=\"wp-block-heading\"><strong>Gazze ve Ge\u00e7mi\u015f Operasyonlara Ele\u015ftiri<\/strong><\/h2>\n\n\n\n<p class=\"wp-block-paragraph\">NATO&#8217;nun Bosna, Afganistan ve Libya&#8217;daki politikalar\u0131n\u0131 da ele\u015ftiren \u00c7elik, ittifak\u0131n Gazze&#8217;de ya\u015fanan geli\u015fmeler kar\u015f\u0131s\u0131ndaki tutumunu yetersiz bulduklar\u0131n\u0131 ifade etti. Uluslararas\u0131 kurulu\u015flar\u0131n insan haklar\u0131 ve bar\u0131\u015f konusunda daha etkin sorumluluk \u00fcstlenmesi gerekti\u011fini savunan \u00c7elik, T\u00fcrkiye&#8217;nin d\u0131\u015f politika ve g\u00fcvenlik stratejisinin milli menfaatler do\u011frultusunda \u015fekillendirilmesi gerekti\u011fini s\u00f6yledi.<\/p>\n\n\n\n<p class=\"wp-block-paragraph\">Saadet Partisi&#8217;nin &#8220;NATO&#8217;ya Hay\u0131r&#8221; pankart\u0131, NATO Zirvesi \u00f6ncesinde kamuoyunda dikkat \u00e7eken siyasi mesajlardan biri olarak de\u011ferlendirildi.<\/p>\n","protected":false},"excerpt":{"rendered":"<p>SAKARYA \u2013 Ankara&#8217;da 7-8 Temmuz tarihlerinde d\u00fczenlenecek NATO Zirvesi \u00f6ncesinde Saadet Partisi Sakarya \u0130l Ba\u015fkanl\u0131\u011f\u0131,<\/p>\n","protected":false},"author":1,"featured_media":3805,"comment_status":"open","ping_status":"open","sticky":false,"template":"","format":"standard","meta":{"_rtcl_gb_attr":"","footnotes":""},"categories":[1],"tags":[],"class_list":["post-3804","post","type-post","status-publish","format-standard","has-post-thumbnail","hentry","category-http-turkiyemhaber-com-wp-content-uploads-2026-03-saray-59-haber-13-mart-pdf"],"_links":{"self":[{"href":"https:\/\/turkiyemhaber.com\/index.php?rest_route=\/wp\/v2\/posts\/3804","targetHints":{"allow":["GET"]}}],"collection":[{"href":"https:\/\/turkiyemhaber.com\/index.php?rest_route=\/wp\/v2\/posts"}],"about":[{"href":"https:\/\/turkiyemhaber.com\/index.php?rest_route=\/wp\/v2\/types\/post"}],"author":[{"embeddable":true,"href":"https:\/\/turkiyemhaber.com\/index.php?rest_route=\/wp\/v2\/users\/1"}],"replies":[{"embeddable":true,"href":"https:\/\/turkiyemhaber.com\/index.php?rest_route=%2Fwp%2Fv2%2Fcomments&post=3804"}],"version-history":[{"count":1,"href":"https:\/\/turkiyemhaber.com\/index.php?rest_route=\/wp\/v2\/posts\/3804\/revisions"}],"predecessor-version":[{"id":3807,"href":"https:\/\/turkiyemhaber.com\/index.php?rest_route=\/wp\/v2\/posts\/3804\/revisions\/3807"}],"wp:featuredmedia":[{"embeddable":true,"href":"https:\/\/turkiyemhaber.com\/index.php?rest_route=\/wp\/v2\/media\/3805"}],"wp:attachment":[{"href":"https:\/\/turkiyemhaber.com\/index.php?rest_route=%2Fwp%2Fv2%2Fmedia&parent=3804"}],"wp:term":[{"taxonomy":"category","embeddable":true,"href":"https:\/\/turkiyemhaber.com\/index.php?rest_route=%2Fwp%2Fv2%2Fcategories&post=3804"},{"taxonomy":"post_tag","embeddable":true,"href":"https:\/\/turkiyemhaber.com\/index.php?rest_route=%2Fwp%2Fv2%2Ftags&post=3804"}],"curies":[{"name":"wp","href":"https:\/\/api.w.org\/{rel}","templated":true}]}}