{"id":3800,"date":"2026-07-07T08:12:03","date_gmt":"2026-07-07T08:12:03","guid":{"rendered":"https:\/\/turkiyemhaber.com\/?p=3800"},"modified":"2026-07-07T09:31:45","modified_gmt":"2026-07-07T09:31:45","slug":"chp-istanbul-il-baskanliginda-nezaket-ziyareti","status":"publish","type":"post","link":"https:\/\/turkiyemhaber.com\/?p=3800","title":{"rendered":"CHP \u0130stanbul \u0130l Ba\u015fkanl\u0131\u011f\u0131&#8217;nda Nezaket Ziyareti"},"content":{"rendered":"\n<p class=\"wp-block-paragraph\">Cumhuriyet Halk Partisi \u0130stanbul \u0130l Ba\u015fkan\u0131 G\u00fcrsel Tekin ve \u00d6zel Kalem M\u00fcd\u00fcr\u00fc Umut Ba\u015f\u00e7\u0131, Cumhuriyet Halk Partisi \u0130stanbul \u0130l Kad\u0131n Kollar\u0131 Ba\u015fkan\u0131 Dr. Sevgi D\u00fczg\u00fcn&#8217;\u00fc \u0130stanbul \u0130l Ba\u015fkanl\u0131\u011f\u0131 makam\u0131nda ziyaret etti.<\/p>\n\n\n\n<p class=\"wp-block-paragraph\">Samimi bir atmosferde ger\u00e7ekle\u015fen ziyarette, parti \u00e7al\u0131\u015fmalar\u0131, \u00f6rg\u00fctlenme faaliyetleri ve kad\u0131nlar\u0131n siyasetteki etkin rol\u00fc \u00fczerine g\u00f6r\u00fc\u015f al\u0131\u015fveri\u015finde bulunuldu. \u0130l Kad\u0131n Kollar\u0131 Ba\u015fkanl\u0131\u011f\u0131 g\u00f6revine ba\u015flayan Dr. Sevgi D\u00fczg\u00fcn&#8217;e yeni g\u00f6revinde ba\u015far\u0131 dileklerini ileten heyet, kad\u0131nlar\u0131n parti \u00e7al\u0131\u015fmalar\u0131ndaki katk\u0131s\u0131n\u0131n her ge\u00e7en g\u00fcn daha da g\u00fc\u00e7lenerek devam edece\u011fine olan inan\u00e7lar\u0131n\u0131 ifade etti.<\/p>\n\n\n\n<figure class=\"wp-block-image size-large\"><img loading=\"lazy\" decoding=\"async\" width=\"1024\" height=\"800\" src=\"https:\/\/turkiyemhaber.com\/wp-content\/uploads\/2026\/07\/WhatsApp-Image-2026-07-06-at-18.39.09-2-1024x800.jpeg\" alt=\"\" class=\"wp-image-3802\" srcset=\"https:\/\/turkiyemhaber.com\/wp-content\/uploads\/2026\/07\/WhatsApp-Image-2026-07-06-at-18.39.09-2-1024x800.jpeg 1024w, https:\/\/turkiyemhaber.com\/wp-content\/uploads\/2026\/07\/WhatsApp-Image-2026-07-06-at-18.39.09-2-300x234.jpeg 300w, https:\/\/turkiyemhaber.com\/wp-content\/uploads\/2026\/07\/WhatsApp-Image-2026-07-06-at-18.39.09-2-768x600.jpeg 768w, https:\/\/turkiyemhaber.com\/wp-content\/uploads\/2026\/07\/WhatsApp-Image-2026-07-06-at-18.39.09-2-1536x1201.jpeg 1536w, https:\/\/turkiyemhaber.com\/wp-content\/uploads\/2026\/07\/WhatsApp-Image-2026-07-06-at-18.39.09-2-15x12.jpeg 15w, https:\/\/turkiyemhaber.com\/wp-content\/uploads\/2026\/07\/WhatsApp-Image-2026-07-06-at-18.39.09-2.jpeg 1589w\" sizes=\"auto, (max-width: 1024px) 100vw, 1024px\" \/><\/figure>\n\n\n\n<p class=\"wp-block-paragraph\">Ziyarette birlik, dayan\u0131\u015fma ve ortak m\u00fccadele vurgusu yap\u0131l\u0131rken, Cumhuriyet Halk Partisi&#8217;nin halk\u0131n sorunlar\u0131na \u00e7\u00f6z\u00fcm \u00fcretme noktas\u0131ndaki kararl\u0131l\u0131\u011f\u0131n\u0131n \u00f6rg\u00fct\u00fcn t\u00fcm kademelerinde ayn\u0131 anlay\u0131\u015fla s\u00fcrd\u00fcr\u00fclece\u011fi belirtildi.<\/p>\n\n\n\n<p class=\"wp-block-paragraph\">Ziyaret sonunda, yeni d\u00f6nemin parti \u00f6rg\u00fct\u00fc ve \u0130stanbul i\u00e7in hay\u0131rl\u0131 olmas\u0131 temennisinde bulunularak, ortak hedeflere ancak g\u00fc\u00e7l\u00fc bir dayan\u0131\u015fma ruhuyla ula\u015f\u0131labilece\u011fi mesaj\u0131 verildi.<\/p>\n\n\n\n<p class=\"wp-block-paragraph\"><strong>&#8220;Birlikte g\u00fc\u00e7l\u00fcy\u00fcz, birlikte ba\u015faraca\u011f\u0131z.&#8221;<\/strong><\/p>\n","protected":false},"excerpt":{"rendered":"<p>Cumhuriyet Halk Partisi \u0130stanbul \u0130l Ba\u015fkan\u0131 G\u00fcrsel Tekin ve \u00d6zel Kalem M\u00fcd\u00fcr\u00fc Umut Ba\u015f\u00e7\u0131, Cumhuriyet<\/p>\n","protected":false},"author":1,"featured_media":3801,"comment_status":"open","ping_status":"open","sticky":false,"template":"","format":"standard","meta":{"_rtcl_gb_attr":"","footnotes":""},"categories":[44],"tags":[],"class_list":["post-3800","post","type-post","status-publish","format-standard","has-post-thumbnail","hentry","category-politika"],"_links":{"self":[{"href":"https:\/\/turkiyemhaber.com\/index.php?rest_route=\/wp\/v2\/posts\/3800","targetHints":{"allow":["GET"]}}],"collection":[{"href":"https:\/\/turkiyemhaber.com\/index.php?rest_route=\/wp\/v2\/posts"}],"about":[{"href":"https:\/\/turkiyemhaber.com\/index.php?rest_route=\/wp\/v2\/types\/post"}],"author":[{"embeddable":true,"href":"https:\/\/turkiyemhaber.com\/index.php?rest_route=\/wp\/v2\/users\/1"}],"replies":[{"embeddable":true,"href":"https:\/\/turkiyemhaber.com\/index.php?rest_route=%2Fwp%2Fv2%2Fcomments&post=3800"}],"version-history":[{"count":2,"href":"https:\/\/turkiyemhaber.com\/index.php?rest_route=\/wp\/v2\/posts\/3800\/revisions"}],"predecessor-version":[{"id":3809,"href":"https:\/\/turkiyemhaber.com\/index.php?rest_route=\/wp\/v2\/posts\/3800\/revisions\/3809"}],"wp:featuredmedia":[{"embeddable":true,"href":"https:\/\/turkiyemhaber.com\/index.php?rest_route=\/wp\/v2\/media\/3801"}],"wp:attachment":[{"href":"https:\/\/turkiyemhaber.com\/index.php?rest_route=%2Fwp%2Fv2%2Fmedia&parent=3800"}],"wp:term":[{"taxonomy":"category","embeddable":true,"href":"https:\/\/turkiyemhaber.com\/index.php?rest_route=%2Fwp%2Fv2%2Fcategories&post=3800"},{"taxonomy":"post_tag","embeddable":true,"href":"https:\/\/turkiyemhaber.com\/index.php?rest_route=%2Fwp%2Fv2%2Ftags&post=3800"}],"curies":[{"name":"wp","href":"https:\/\/api.w.org\/{rel}","templated":true}]}}