{"id":3794,"date":"2026-07-07T08:02:30","date_gmt":"2026-07-07T08:02:30","guid":{"rendered":"https:\/\/turkiyemhaber.com\/?p=3794"},"modified":"2026-07-07T08:02:59","modified_gmt":"2026-07-07T08:02:59","slug":"ak-parti-afyonkarahisarda-pes-pese-iki-istifa","status":"publish","type":"post","link":"https:\/\/turkiyemhaber.com\/?p=3794","title":{"rendered":"AK Parti Afyonkarahisar&#8217;da Pe\u015f Pe\u015fe \u0130ki \u0130stifa"},"content":{"rendered":"\n<p class=\"wp-block-paragraph\"><strong>AFYONKARAH\u0130SAR \u2013<\/strong> AK Parti Afyonkarahisar te\u015fkilat\u0131nda pe\u015f pe\u015fe gelen iki istifa kent siyasetinde g\u00fcndem oldu. AK Parti Afyonkarahisar \u0130l Ba\u015fkan\u0131 Turgay \u015eahin g\u00f6revinden ayr\u0131ld\u0131\u011f\u0131n\u0131 a\u00e7\u0131klarken, Afyonkarahisar merkeze ba\u011fl\u0131 Gebeceler Belde Belediye Ba\u015fkan\u0131 \u0130sa Atay da partisinden istifa etti.<\/p>\n\n\n\n<p class=\"wp-block-paragraph\">\u0130l Ba\u015fkan\u0131 Turgay \u015eahin, yapt\u0131\u011f\u0131 yaz\u0131l\u0131 a\u00e7\u0131klamayla g\u00f6revinden ayr\u0131ld\u0131\u011f\u0131n\u0131 duyurdu. \u0130stifa karar\u0131n\u0131n AK Parti Genel Merkezi ile yap\u0131lan isti\u015fareler sonucunda al\u0131nd\u0131\u011f\u0131n\u0131 belirten \u015eahin, yakla\u015f\u0131k iki y\u0131ld\u0131r s\u00fcrd\u00fcrd\u00fc\u011f\u00fc il ba\u015fkanl\u0131\u011f\u0131 g\u00f6revini b\u00fcy\u00fck bir onur ve sorumlulukla y\u00fcr\u00fctt\u00fc\u011f\u00fcn\u00fc ifade etti.<\/p>\n\n\n\n<p class=\"wp-block-paragraph\">\u015eahin a\u00e7\u0131klamas\u0131nda, Cumhurba\u015fkan\u0131 ve AK Parti Genel Ba\u015fkan\u0131 Recep Tayyip Erdo\u011fan&#8217;\u0131n kendisine duydu\u011fu g\u00fcvene te\u015fekk\u00fcr ederek, &#8220;\u0130ki y\u0131l \u00f6nce il ba\u015fkanl\u0131\u011f\u0131 g\u00f6revini taraf\u0131ma tevdi eden Say\u0131n Cumhurba\u015fkan\u0131m\u0131z\u0131n ildeki siyasi temsilcisi olma onurunu gururla ta\u015f\u0131d\u0131m. AK Parti Genel Merkezimiz ile yapt\u0131\u011f\u0131m\u0131z isti\u015fare neticesinde Afyonkarahisar \u0130l Ba\u015fkanl\u0131\u011f\u0131 g\u00f6revini b\u0131rakma karar\u0131 ald\u0131m.&#8221; ifadelerini kulland\u0131.<\/p>\n\n\n\n<p class=\"wp-block-paragraph\">G\u00f6rev s\u00fcresi boyunca birlikte \u00e7al\u0131\u015ft\u0131\u011f\u0131 te\u015fkilat mensuplar\u0131, milletvekilleri ve parti y\u00f6neticilerine te\u015fekk\u00fcr eden \u015eahin, siyasete AK Parti \u00e7at\u0131s\u0131 alt\u0131nda hizmet etmeye devam edece\u011fini belirterek, &#8220;Makamlar ge\u00e7icidir, davalar bakidir. AK Parti sevdam her zaman kalbimdedir. Farkl\u0131 mecralarda davam\u0131za hizmet etmeyi s\u00fcrd\u00fcrece\u011fim.&#8221; dedi.<\/p>\n\n\n\n<figure class=\"wp-block-image size-full\"><img loading=\"lazy\" decoding=\"async\" width=\"640\" height=\"641\" src=\"https:\/\/turkiyemhaber.com\/wp-content\/uploads\/2026\/07\/ak-parti-afyonkarahisarda-iki-20025225-8844_1_m.webp\" alt=\"\" class=\"wp-image-3797\" srcset=\"https:\/\/turkiyemhaber.com\/wp-content\/uploads\/2026\/07\/ak-parti-afyonkarahisarda-iki-20025225-8844_1_m.webp 640w, https:\/\/turkiyemhaber.com\/wp-content\/uploads\/2026\/07\/ak-parti-afyonkarahisarda-iki-20025225-8844_1_m-300x300.webp 300w, https:\/\/turkiyemhaber.com\/wp-content\/uploads\/2026\/07\/ak-parti-afyonkarahisarda-iki-20025225-8844_1_m-150x150.webp 150w, https:\/\/turkiyemhaber.com\/wp-content\/uploads\/2026\/07\/ak-parti-afyonkarahisarda-iki-20025225-8844_1_m-12x12.webp 12w\" sizes=\"auto, (max-width: 640px) 100vw, 640px\" \/><\/figure>\n\n\n\n<h2 class=\"wp-block-heading\"><strong>Bir \u0130stifa da Gebeceler Belediye Ba\u015fkan\u0131&#8217;ndan<\/strong><\/h2>\n\n\n\n<p class=\"wp-block-paragraph\">Afyonkarahisar&#8217;da ya\u015fanan siyasi hareketlilik bununla da s\u0131n\u0131rl\u0131 kalmad\u0131. Merkez il\u00e7eye ba\u011fl\u0131 Gebeceler Belde Belediye Ba\u015fkan\u0131 \u0130sa Atay da AK Parti&#8217;den istifa etti\u011fini a\u00e7\u0131klad\u0131.<\/p>\n\n\n\n<p class=\"wp-block-paragraph\">Atay&#8217;\u0131n istifas\u0131na ili\u015fkin resmi gerek\u00e7e hen\u00fcz kamuoyuyla payla\u015f\u0131lmazken, karar\u0131n ard\u0131ndan siyasi kulislerde \u00e7e\u015fitli de\u011ferlendirmeler yap\u0131lmaya ba\u015fland\u0131.<\/p>\n\n\n\n<h2 class=\"wp-block-heading\"><strong>G\u00f6zler Genel Merkezde<\/strong><\/h2>\n\n\n\n<p class=\"wp-block-paragraph\">Pe\u015f pe\u015fe gelen iki istifan\u0131n ard\u0131ndan g\u00f6zler AK Parti Genel Merkezi&#8217;nin ataca\u011f\u0131 ad\u0131mlara \u00e7evrildi. Genel Merkez&#8217;in \u00f6n\u00fcm\u00fczdeki g\u00fcnlerde Afyonkarahisar \u0130l Ba\u015fkanl\u0131\u011f\u0131 i\u00e7in yeni bir g\u00f6revlendirme yapmas\u0131 beklenirken, Gebeceler Belediye Ba\u015fkan\u0131 \u0130sa Atay&#8217;\u0131n siyasi yol haritas\u0131na ili\u015fkin de ilerleyen g\u00fcnlerde a\u00e7\u0131klama yapmas\u0131 bekleniyor.<\/p>\n\n\n\n<p class=\"wp-block-paragraph\">Ayn\u0131 g\u00fcn i\u00e7erisinde ger\u00e7ekle\u015fen iki istifa, Afyonkarahisar siyasetinde dikkat \u00e7eken geli\u015fmeler aras\u0131nda yer ald\u0131.<\/p>\n","protected":false},"excerpt":{"rendered":"<p>AFYONKARAH\u0130SAR \u2013 AK Parti Afyonkarahisar te\u015fkilat\u0131nda pe\u015f pe\u015fe gelen iki istifa kent siyasetinde g\u00fcndem oldu.<\/p>\n","protected":false},"author":1,"featured_media":3795,"comment_status":"open","ping_status":"open","sticky":false,"template":"","format":"standard","meta":{"_rtcl_gb_attr":"","footnotes":""},"categories":[44],"tags":[],"class_list":["post-3794","post","type-post","status-publish","format-standard","has-post-thumbnail","hentry","category-politika"],"_links":{"self":[{"href":"https:\/\/turkiyemhaber.com\/index.php?rest_route=\/wp\/v2\/posts\/3794","targetHints":{"allow":["GET"]}}],"collection":[{"href":"https:\/\/turkiyemhaber.com\/index.php?rest_route=\/wp\/v2\/posts"}],"about":[{"href":"https:\/\/turkiyemhaber.com\/index.php?rest_route=\/wp\/v2\/types\/post"}],"author":[{"embeddable":true,"href":"https:\/\/turkiyemhaber.com\/index.php?rest_route=\/wp\/v2\/users\/1"}],"replies":[{"embeddable":true,"href":"https:\/\/turkiyemhaber.com\/index.php?rest_route=%2Fwp%2Fv2%2Fcomments&post=3794"}],"version-history":[{"count":2,"href":"https:\/\/turkiyemhaber.com\/index.php?rest_route=\/wp\/v2\/posts\/3794\/revisions"}],"predecessor-version":[{"id":3799,"href":"https:\/\/turkiyemhaber.com\/index.php?rest_route=\/wp\/v2\/posts\/3794\/revisions\/3799"}],"wp:featuredmedia":[{"embeddable":true,"href":"https:\/\/turkiyemhaber.com\/index.php?rest_route=\/wp\/v2\/media\/3795"}],"wp:attachment":[{"href":"https:\/\/turkiyemhaber.com\/index.php?rest_route=%2Fwp%2Fv2%2Fmedia&parent=3794"}],"wp:term":[{"taxonomy":"category","embeddable":true,"href":"https:\/\/turkiyemhaber.com\/index.php?rest_route=%2Fwp%2Fv2%2Fcategories&post=3794"},{"taxonomy":"post_tag","embeddable":true,"href":"https:\/\/turkiyemhaber.com\/index.php?rest_route=%2Fwp%2Fv2%2Ftags&post=3794"}],"curies":[{"name":"wp","href":"https:\/\/api.w.org\/{rel}","templated":true}]}}