{"id":3789,"date":"2026-07-04T21:47:25","date_gmt":"2026-07-04T21:47:25","guid":{"rendered":"https:\/\/turkiyemhaber.com\/?p=3789"},"modified":"2026-07-04T21:47:29","modified_gmt":"2026-07-04T21:47:29","slug":"firtina-alarmi-10-ilde-denize-girmek-yasaklandi-tekirdagda-plajlar-kapatildi","status":"publish","type":"post","link":"https:\/\/turkiyemhaber.com\/?p=3789","title":{"rendered":"F\u0131rt\u0131na Alarm\u0131: 10 \u0130lde Denize Girmek Yasakland\u0131, Tekirda\u011f&#8217;da Plajlar Kapat\u0131ld\u0131"},"content":{"rendered":"\n<p class=\"wp-block-paragraph\"><strong>ANKARA \/ TEK\u0130RDA\u011e<\/strong> \u2013 Meteoroloji Genel M\u00fcd\u00fcrl\u00fc\u011f\u00fc&#8217;n\u00fcn kuvvetli r\u00fczgar ve f\u0131rt\u0131na uyar\u0131lar\u0131n\u0131n ard\u0131ndan Marmara ve Karadeniz k\u0131y\u0131lar\u0131ndaki bir\u00e7ok ilde denize girilmesi ge\u00e7ici s\u00fcreyle yasakland\u0131. Y\u00fcksek dalga, rip ak\u0131nt\u0131s\u0131 ve bo\u011fulma riskine kar\u015f\u0131 al\u0131nan karar kapsam\u0131nda <strong>10 ilde<\/strong> sahillerde g\u00fcvenlik \u00f6nlemleri art\u0131r\u0131ld\u0131.<\/p>\n\n\n\n<p class=\"wp-block-paragraph\">Yetkililer, vatanda\u015flar\u0131n can g\u00fcvenli\u011fi i\u00e7in yasaklara mutlaka uymalar\u0131 gerekti\u011fini belirterek, deniz \u015fartlar\u0131 normale d\u00f6nene kadar plajlarda kolluk kuvvetlerinin denetimlerini s\u00fcrd\u00fcrece\u011fini a\u00e7\u0131klad\u0131.<\/p>\n\n\n\n<h2 class=\"wp-block-heading\"><strong>Tekirda\u011f&#8217;da 2 G\u00fcn Yasak<\/strong><\/h2>\n\n\n\n<p class=\"wp-block-paragraph\">Tekirda\u011f&#8217;\u0131n Karadeniz&#8217;e k\u0131y\u0131s\u0131 bulunan <strong>Saray il\u00e7esinde<\/strong>, olumsuz hava ve deniz ko\u015fullar\u0131 nedeniyle <strong>t\u00fcm plajlarda iki g\u00fcn s\u00fcreyle denize girmek yasakland\u0131.<\/strong><\/p>\n\n\n\n<p class=\"wp-block-paragraph\">Yetkililer, \u00f6zellikle y\u00fcksek dalga ve rip ak\u0131nt\u0131s\u0131 nedeniyle vatanda\u015flar\u0131n denize girmemeleri konusunda uyar\u0131da bulundu.<\/p>\n\n\n\n<h2 class=\"wp-block-heading\"><strong>\u0130stanbul&#8217;da 3 \u0130l\u00e7ede Yasak<\/strong><\/h2>\n\n\n\n<p class=\"wp-block-paragraph\">\u0130stanbul&#8217;da Karadeniz&#8217;e k\u0131y\u0131s\u0131 bulunan <strong>Beykoz, Sar\u0131yer ve Arnavutk\u00f6y<\/strong> il\u00e7elerinde de kaymakaml\u0131klar taraf\u0131ndan cumartesi ve pazar g\u00fcnleri denize girilmesi yasakland\u0131.<\/p>\n\n\n\n<p class=\"wp-block-paragraph\">Karar\u0131n, kuvvetli r\u00fczgar ve can g\u00fcvenli\u011fi riski nedeniyle al\u0131nd\u0131\u011f\u0131 bildirildi.<\/p>\n\n\n\n<h2 class=\"wp-block-heading\"><strong>Kocaeli ve K\u0131rklareli&#8217;nde Tedbir<\/strong><\/h2>\n\n\n\n<p class=\"wp-block-paragraph\">Kocaeli&#8217;nin <strong>Kand\u0131ra il\u00e7esinde<\/strong> olumsuz hava \u015fartlar\u0131 nedeniyle t\u00fcm plajlarda iki g\u00fcn boyunca denize girilmesine izin verilmeyecek.<\/p>\n\n\n\n<p class=\"wp-block-paragraph\">K\u0131rklareli&#8217;nin <strong>Demirk\u00f6y il\u00e7esinde<\/strong> ise sahillere k\u0131rm\u0131z\u0131 bayrak \u00e7ekilerek denize giri\u015fler durduruldu.<\/p>\n\n\n\n<h2 class=\"wp-block-heading\"><strong>Do\u011fu Karadeniz&#8217;de Tam Kapanma<\/strong><\/h2>\n\n\n\n<p class=\"wp-block-paragraph\">Meteoroloji&#8217;nin de\u011ferlendirmelerine g\u00f6re f\u0131rt\u0131na etkisini do\u011fuya kayd\u0131racak.<\/p>\n\n\n\n<p class=\"wp-block-paragraph\">Bu nedenle <strong>Ordu, Giresun, Trabzon, Rize ve Artvin<\/strong> valilikleri, <strong>5 Temmuz Pazar g\u00fcn\u00fc<\/strong> il s\u0131n\u0131rlar\u0131ndaki t\u00fcm plaj, koy ve sahillerde denize girilmesini yasaklad\u0131.<\/p>\n\n\n\n<p class=\"wp-block-paragraph\"><strong>Samsun&#8217;da<\/strong> ise yasak karar\u0131 bug\u00fcnden itibaren uygulanmaya ba\u015fland\u0131.<\/p>\n\n\n\n<h2 class=\"wp-block-heading\"><strong>Yetkililerden Hayati Uyar\u0131<\/strong><\/h2>\n\n\n\n<p class=\"wp-block-paragraph\">Yetkililer, \u00f6zellikle Karadeniz k\u0131y\u0131lar\u0131nda s\u0131k g\u00f6r\u00fclen <strong>rip ak\u0131nt\u0131lar\u0131n\u0131n<\/strong> y\u00fcz\u00fcc\u00fcler i\u00e7in b\u00fcy\u00fck tehlike olu\u015fturdu\u011funu belirterek, vatanda\u015flardan uyar\u0131lar\u0131 dikkate almalar\u0131n\u0131 istedi.<\/p>\n\n\n\n<p class=\"wp-block-paragraph\">Can kay\u0131plar\u0131n\u0131n \u00f6n\u00fcne ge\u00e7ebilmek amac\u0131yla al\u0131nan yasak kararlar\u0131n\u0131n, hava ve deniz \u015fartlar\u0131n\u0131n normale d\u00f6nmesinin ard\u0131ndan yeniden de\u011ferlendirilece\u011fi bildirildi. \u00d6zellikle hafta sonu sahil b\u00f6lgelerine gitmeyi planlayan vatanda\u015flar\u0131n, bulunduklar\u0131 il ve il\u00e7elerdeki resmi uyar\u0131lar\u0131 takip etmeleri istendi.<\/p>\n","protected":false},"excerpt":{"rendered":"<p>ANKARA \/ TEK\u0130RDA\u011e \u2013 Meteoroloji Genel M\u00fcd\u00fcrl\u00fc\u011f\u00fc&#8217;n\u00fcn kuvvetli r\u00fczgar ve f\u0131rt\u0131na uyar\u0131lar\u0131n\u0131n ard\u0131ndan Marmara ve<\/p>\n","protected":false},"author":1,"featured_media":3790,"comment_status":"open","ping_status":"open","sticky":false,"template":"","format":"standard","meta":{"_rtcl_gb_attr":"","footnotes":""},"categories":[1],"tags":[],"class_list":["post-3789","post","type-post","status-publish","format-standard","has-post-thumbnail","hentry","category-http-turkiyemhaber-com-wp-content-uploads-2026-03-saray-59-haber-13-mart-pdf"],"_links":{"self":[{"href":"https:\/\/turkiyemhaber.com\/index.php?rest_route=\/wp\/v2\/posts\/3789","targetHints":{"allow":["GET"]}}],"collection":[{"href":"https:\/\/turkiyemhaber.com\/index.php?rest_route=\/wp\/v2\/posts"}],"about":[{"href":"https:\/\/turkiyemhaber.com\/index.php?rest_route=\/wp\/v2\/types\/post"}],"author":[{"embeddable":true,"href":"https:\/\/turkiyemhaber.com\/index.php?rest_route=\/wp\/v2\/users\/1"}],"replies":[{"embeddable":true,"href":"https:\/\/turkiyemhaber.com\/index.php?rest_route=%2Fwp%2Fv2%2Fcomments&post=3789"}],"version-history":[{"count":1,"href":"https:\/\/turkiyemhaber.com\/index.php?rest_route=\/wp\/v2\/posts\/3789\/revisions"}],"predecessor-version":[{"id":3791,"href":"https:\/\/turkiyemhaber.com\/index.php?rest_route=\/wp\/v2\/posts\/3789\/revisions\/3791"}],"wp:featuredmedia":[{"embeddable":true,"href":"https:\/\/turkiyemhaber.com\/index.php?rest_route=\/wp\/v2\/media\/3790"}],"wp:attachment":[{"href":"https:\/\/turkiyemhaber.com\/index.php?rest_route=%2Fwp%2Fv2%2Fmedia&parent=3789"}],"wp:term":[{"taxonomy":"category","embeddable":true,"href":"https:\/\/turkiyemhaber.com\/index.php?rest_route=%2Fwp%2Fv2%2Fcategories&post=3789"},{"taxonomy":"post_tag","embeddable":true,"href":"https:\/\/turkiyemhaber.com\/index.php?rest_route=%2Fwp%2Fv2%2Ftags&post=3789"}],"curies":[{"name":"wp","href":"https:\/\/api.w.org\/{rel}","templated":true}]}}