{"id":3785,"date":"2026-07-04T21:08:50","date_gmt":"2026-07-04T21:08:50","guid":{"rendered":"https:\/\/turkiyemhaber.com\/?p=3785"},"modified":"2026-07-04T21:08:54","modified_gmt":"2026-07-04T21:08:54","slug":"saadet-partisi-muhalefette-uye-artisinda-ilk-siraya-yukseldi","status":"publish","type":"post","link":"https:\/\/turkiyemhaber.com\/?p=3785","title":{"rendered":"Saadet Partisi Muhalefette \u00dcye Art\u0131\u015f\u0131nda \u0130lk S\u0131raya Y\u00fckseldi"},"content":{"rendered":"\n<p class=\"wp-block-paragraph\"><strong>ANKARA<\/strong> \u2013 Yarg\u0131tay&#8217;\u0131n g\u00fcncel siyasi parti \u00fcye verilerine g\u00f6re <strong>Saadet Partisi<\/strong>, son bir y\u0131lda kaydetti\u011fi <strong>127 bin 882 yeni \u00fcyeyle<\/strong> muhalefet partileri aras\u0131nda en fazla \u00fcye art\u0131\u015f\u0131 sa\u011flayan siyasi parti oldu.<\/p>\n\n\n\n<p class=\"wp-block-paragraph\">Genel Ba\u015fkan <strong>Mahmut Ar\u0131kan<\/strong> liderli\u011finde te\u015fkilatlanma \u00e7al\u0131\u015fmalar\u0131n\u0131 h\u0131zland\u0131ran Saadet Partisi, T\u00fcrkiye genelinde saha faaliyetlerini art\u0131rarak \u00fcye say\u0131s\u0131ndaki y\u00fckseli\u015fini s\u00fcrd\u00fcr\u00fcyor.<\/p>\n\n\n\n<h2 class=\"wp-block-heading\"><strong>Sahada Yo\u011fun \u00c7al\u0131\u015fma Dikkat \u00c7ekiyor<\/strong><\/h2>\n\n\n\n<p class=\"wp-block-paragraph\">Parti yetkilileri, elde edilen \u00fcye art\u0131\u015f\u0131nda te\u015fkilatlar\u0131n T\u00fcrkiye genelinde y\u00fcr\u00fctt\u00fc\u011f\u00fc yo\u011fun saha \u00e7al\u0131\u015fmalar\u0131n\u0131n \u00f6nemli rol oynad\u0131\u011f\u0131n\u0131 belirtiyor.<\/p>\n\n\n\n<p class=\"wp-block-paragraph\">\u0130l ve il\u00e7e te\u015fkilatlar\u0131 ile milletvekilleri; vatanda\u015flar\u0131n ya\u015fad\u0131\u011f\u0131 ekonomik s\u0131k\u0131nt\u0131lar, y\u00fcksek enflasyon, hayat pahal\u0131l\u0131\u011f\u0131, esnaf\u0131n sorunlar\u0131 ve sosyal konular ba\u015fta olmak \u00fczere bir\u00e7ok alanda vatanda\u015flarla birebir g\u00f6r\u00fc\u015fmeler ger\u00e7ekle\u015ftirerek \u00e7\u00f6z\u00fcm \u00f6nerilerini payla\u015f\u0131yor.<\/p>\n\n\n\n<h2 class=\"wp-block-heading\"><strong>Gen\u00e7 Kadrolarla Yeni D\u00f6nem<\/strong><\/h2>\n\n\n\n<p class=\"wp-block-paragraph\">Saadet Partisi&#8217;nin Genel Ba\u015fkan\u0131 <strong>Mahmut Ar\u0131kan<\/strong> d\u00f6neminde \u00f6zellikle gen\u00e7 se\u00e7menlere y\u00f6nelik \u00e7al\u0131\u015fmalar\u0131n h\u0131z kazand\u0131\u011f\u0131 ifade ediliyor.<\/p>\n\n\n\n<p class=\"wp-block-paragraph\">Parti, Milli G\u00f6r\u00fc\u015f \u00e7izgisine ilgi duyan yeni se\u00e7menlere ula\u015fmay\u0131 hedefleyen kampanyalarla gen\u00e7 ve dinamik kadrolar\u0131n \u00f6n plana \u00e7\u0131kar\u0131ld\u0131\u011f\u0131 bir te\u015fkilatlanma s\u00fcreci y\u00fcr\u00fct\u00fcyor.<\/p>\n\n\n\n<h2 class=\"wp-block-heading\"><strong>Meclis&#8217;teki Etkinlik Artt\u0131<\/strong><\/h2>\n\n\n\n<p class=\"wp-block-paragraph\">Saadet Partisi&#8217;nin <strong>Gelecek Partisi<\/strong> ile ger\u00e7ekle\u015ftirdi\u011fi i\u015f birli\u011fi sonucu olu\u015fturulan grup sayesinde, parti uzun y\u0131llar\u0131n ard\u0131ndan yeniden T\u00fcrkiye B\u00fcy\u00fck Millet Meclisi&#8217;nde grup kurma ba\u015far\u0131s\u0131 g\u00f6sterdi.<\/p>\n\n\n\n<p class=\"wp-block-paragraph\">Bu geli\u015fmenin, Saadet Partisi&#8217;nin Meclis&#8217;teki g\u00f6r\u00fcn\u00fcrl\u00fc\u011f\u00fcn\u00fc art\u0131r\u0131rken muhalefet i\u00e7indeki etkinli\u011fine de \u00f6nemli katk\u0131 sa\u011flad\u0131\u011f\u0131 de\u011ferlendiriliyor.<\/p>\n\n\n\n<p class=\"wp-block-paragraph\">Yetkililer, \u00f6n\u00fcm\u00fczdeki s\u00fcre\u00e7te de te\u015fkilatlanma \u00e7al\u0131\u015fmalar\u0131n\u0131n ayn\u0131 kararl\u0131l\u0131kla s\u00fcrd\u00fcr\u00fclece\u011fini ve vatanda\u015flarla do\u011frudan temas kurmaya devam edeceklerini ifade etti.<\/p>\n","protected":false},"excerpt":{"rendered":"<p>ANKARA \u2013 Yarg\u0131tay&#8217;\u0131n g\u00fcncel siyasi parti \u00fcye verilerine g\u00f6re Saadet Partisi, son bir y\u0131lda kaydetti\u011fi<\/p>\n","protected":false},"author":1,"featured_media":3786,"comment_status":"open","ping_status":"open","sticky":false,"template":"","format":"standard","meta":{"_rtcl_gb_attr":"","footnotes":""},"categories":[44],"tags":[],"class_list":["post-3785","post","type-post","status-publish","format-standard","has-post-thumbnail","hentry","category-politika"],"_links":{"self":[{"href":"https:\/\/turkiyemhaber.com\/index.php?rest_route=\/wp\/v2\/posts\/3785","targetHints":{"allow":["GET"]}}],"collection":[{"href":"https:\/\/turkiyemhaber.com\/index.php?rest_route=\/wp\/v2\/posts"}],"about":[{"href":"https:\/\/turkiyemhaber.com\/index.php?rest_route=\/wp\/v2\/types\/post"}],"author":[{"embeddable":true,"href":"https:\/\/turkiyemhaber.com\/index.php?rest_route=\/wp\/v2\/users\/1"}],"replies":[{"embeddable":true,"href":"https:\/\/turkiyemhaber.com\/index.php?rest_route=%2Fwp%2Fv2%2Fcomments&post=3785"}],"version-history":[{"count":1,"href":"https:\/\/turkiyemhaber.com\/index.php?rest_route=\/wp\/v2\/posts\/3785\/revisions"}],"predecessor-version":[{"id":3787,"href":"https:\/\/turkiyemhaber.com\/index.php?rest_route=\/wp\/v2\/posts\/3785\/revisions\/3787"}],"wp:featuredmedia":[{"embeddable":true,"href":"https:\/\/turkiyemhaber.com\/index.php?rest_route=\/wp\/v2\/media\/3786"}],"wp:attachment":[{"href":"https:\/\/turkiyemhaber.com\/index.php?rest_route=%2Fwp%2Fv2%2Fmedia&parent=3785"}],"wp:term":[{"taxonomy":"category","embeddable":true,"href":"https:\/\/turkiyemhaber.com\/index.php?rest_route=%2Fwp%2Fv2%2Fcategories&post=3785"},{"taxonomy":"post_tag","embeddable":true,"href":"https:\/\/turkiyemhaber.com\/index.php?rest_route=%2Fwp%2Fv2%2Ftags&post=3785"}],"curies":[{"name":"wp","href":"https:\/\/api.w.org\/{rel}","templated":true}]}}