{"id":3782,"date":"2026-07-04T21:00:50","date_gmt":"2026-07-04T21:00:50","guid":{"rendered":"https:\/\/turkiyemhaber.com\/?p=3782"},"modified":"2026-07-04T21:00:55","modified_gmt":"2026-07-04T21:00:55","slug":"bakan-simsek-imzaladi-memur-maas-katsayilari-guncellendi-bedelli-askerlik-ve-kidem-tazminati-tavani-artti","status":"publish","type":"post","link":"https:\/\/turkiyemhaber.com\/?p=3782","title":{"rendered":"Bakan \u015eim\u015fek \u0130mzalad\u0131: Memur Maa\u015f Katsay\u0131lar\u0131 G\u00fcncellendi, Bedelli Askerlik ve K\u0131dem Tazminat\u0131 Tavan\u0131 Artt\u0131"},"content":{"rendered":"\n<p class=\"wp-block-paragraph\"><strong>ANKARA<\/strong> \u2013 Hazine ve Maliye Bakan\u0131 <strong>Mehmet \u015eim\u015fek<\/strong>&#8216;in imzas\u0131yla yay\u0131mlanan <strong>Mali ve Sosyal Haklara \u0130li\u015fkin Genelge<\/strong> ile 2026 y\u0131l\u0131n\u0131n ikinci yar\u0131s\u0131nda uygulanacak mali haklar yeniden belirlendi. Yeni d\u00fczenlemeyle memur maa\u015f katsay\u0131lar\u0131 g\u00fcncellenirken, bedelli askerlik \u00fccreti, k\u0131dem tazminat\u0131 tavan\u0131 ve s\u00f6zle\u015fmeli personel \u00fccretleri de art\u0131r\u0131ld\u0131.<\/p>\n\n\n\n<p class=\"wp-block-paragraph\"><strong>1 Temmuz-31 Aral\u0131k 2026<\/strong> d\u00f6nemini kapsayan d\u00fczenleme y\u00fcr\u00fcrl\u00fc\u011fe girerken, milyonlarca memur, kamu \u00e7al\u0131\u015fan\u0131, emekli ve bedelli askerlik yapacak vatanda\u015f\u0131 ilgilendiren yeni rakamlar netle\u015fti.<\/p>\n\n\n\n<h2 class=\"wp-block-heading\"><strong>Yeni Memur Maa\u015f Katsay\u0131lar\u0131 Belli Oldu<\/strong><\/h2>\n\n\n\n<p class=\"wp-block-paragraph\">657 say\u0131l\u0131 Devlet Memurlar\u0131 Kanunu kapsam\u0131nda uygulanacak yeni katsay\u0131lar \u015fu \u015fekilde a\u00e7\u0131kland\u0131:<\/p>\n\n\n\n<ul class=\"wp-block-list\">\n<li><strong>Ayl\u0131k katsay\u0131:<\/strong> 1,575512<\/li>\n\n\n\n<li><strong>Taban ayl\u0131k katsay\u0131s\u0131:<\/strong> 25,794915<\/li>\n\n\n\n<li><strong>Yan \u00f6deme katsay\u0131s\u0131:<\/strong> 0,499649<\/li>\n<\/ul>\n\n\n\n<p class=\"wp-block-paragraph\">Bu katsay\u0131lar memur maa\u015flar\u0131n\u0131n yan\u0131 s\u0131ra \u00e7ok say\u0131da sosyal ve mali \u00f6demenin hesaplanmas\u0131nda da esas al\u0131nacak.<\/p>\n\n\n\n<h2 class=\"wp-block-heading\"><strong>Bedelli Askerlik \u00dccreti 472 Bin Liray\u0131 A\u015ft\u0131<\/strong><\/h2>\n\n\n\n<p class=\"wp-block-paragraph\">Yeni memur maa\u015f katsay\u0131s\u0131yla birlikte bedelli askerlik \u00fccreti de yeniden hesapland\u0131.<\/p>\n\n\n\n<p class=\"wp-block-paragraph\">Buna g\u00f6re;<\/p>\n\n\n\n<ul class=\"wp-block-list\">\n<li><strong>Bedelli askerlik \u00fccreti:<\/strong> <strong>472 bin 653 lira 60 kuru\u015f<\/strong><\/li>\n\n\n\n<li><strong>Yoklama ka\u00e7a\u011f\u0131 ve bakayalar i\u00e7in ek \u00f6deme:<\/strong> <strong>5 bin 514 lira 30 kuru\u015f<\/strong> olarak belirlendi.<\/li>\n<\/ul>\n\n\n\n<h2 class=\"wp-block-heading\"><strong>S\u00f6zle\u015fmeli Personelin \u00dccretleri Y\u00fczde 13,52 Artt\u0131<\/strong><\/h2>\n\n\n\n<p class=\"wp-block-paragraph\">Genelge kapsam\u0131nda s\u00f6zle\u015fmeli personelin \u00fccretlerine de <strong>y\u00fczde 13,52 oran\u0131nda zam<\/strong> yap\u0131ld\u0131.<\/p>\n\n\n\n<p class=\"wp-block-paragraph\">Yeni tavan \u00fccretler \u015f\u00f6yle oldu:<\/p>\n\n\n\n<ul class=\"wp-block-list\">\n<li><strong>399 say\u0131l\u0131 KHK kapsam\u0131ndaki s\u00f6zle\u015fmeli personel tavan \u00fccreti:<\/strong> <strong>86 bin 231 TL 60 kuru\u015f<\/strong><\/li>\n\n\n\n<li><strong>7\/15754 say\u0131l\u0131 Bakanlar Kurulu Karar\u0131 kapsam\u0131ndaki personel tavan \u00fccreti:<\/strong> <strong>76 bin 873 TL 55 kuru\u015f<\/strong><\/li>\n\n\n\n<li><strong>2002\/3729 say\u0131l\u0131 Karar kapsam\u0131ndaki personel ortalama \u00fccret \u00fcst s\u0131n\u0131r\u0131:<\/strong> <strong>156 bin 920 TL 53 kuru\u015f<\/strong><\/li>\n<\/ul>\n\n\n\n<p class=\"wp-block-paragraph\">Ayn\u0131 art\u0131\u015f oran\u0131, kamu iktisadi te\u015febb\u00fcsleri (K\u0130T) ile \u00f6zelle\u015ftirme kapsam\u0131ndaki kurulu\u015flarda g\u00f6rev yapan s\u00f6zle\u015fmeli personelin \u00fccretlerine de yans\u0131t\u0131ld\u0131.<\/p>\n\n\n\n<h2 class=\"wp-block-heading\"><strong>K\u0131dem Tazminat\u0131 Tavan\u0131 G\u00fcncellendi<\/strong><\/h2>\n\n\n\n<p class=\"wp-block-paragraph\">\u00c7al\u0131\u015fanlar\u0131n yak\u0131ndan takip etti\u011fi k\u0131dem tazminat\u0131 tavan\u0131 da yeni genelgeyle art\u0131r\u0131ld\u0131.<\/p>\n\n\n\n<p class=\"wp-block-paragraph\">Buna g\u00f6re <strong>1 Temmuz 2026<\/strong> tarihinden itibaren uygulanacak <strong>k\u0131dem tazminat\u0131 tavan\u0131 73 bin 729 lira 87 kuru\u015f<\/strong> oldu.<\/p>\n\n\n\n<p class=\"wp-block-paragraph\">\u00d6te yandan, birinci derecenin birinci kademesindeki bir \u015fube m\u00fcd\u00fcr\u00fcn\u00fcn zam ve tazminatlar dahil net maa\u015f\u0131 <strong>102 bin 85 lira 23 kuru\u015f<\/strong> olarak hesapland\u0131.<\/p>\n\n\n\n<h2 class=\"wp-block-heading\"><strong>Maa\u015f Farklar\u0131 Hesaplara Yat\u0131r\u0131lacak<\/strong><\/h2>\n\n\n\n<p class=\"wp-block-paragraph\">Genelgede ayr\u0131ca, yeni katsay\u0131lar\u0131n y\u00fcr\u00fcrl\u00fc\u011fe girmesiyle olu\u015fan <strong>1 Temmuz-14 Temmuz 2026<\/strong> d\u00f6nemine ait maa\u015f ve \u00fccret farklar\u0131n\u0131n hesaplanarak hak sahiplerine ayr\u0131ca \u00f6denece\u011fi bildirildi.<\/p>\n\n\n\n<p class=\"wp-block-paragraph\">Yeni d\u00fczenlemeyle birlikte kamu \u00e7al\u0131\u015fanlar\u0131, s\u00f6zle\u015fmeli personel, emekliler ve bedelli askerlik yapacak y\u00fck\u00fcml\u00fcler i\u00e7in 2026 y\u0131l\u0131n\u0131n ikinci yar\u0131s\u0131nda uygulanacak mali haklar resmen y\u00fcr\u00fcrl\u00fc\u011fe girmi\u015f oldu.<\/p>\n","protected":false},"excerpt":{"rendered":"<p>ANKARA \u2013 Hazine ve Maliye Bakan\u0131 Mehmet \u015eim\u015fek&#8216;in imzas\u0131yla yay\u0131mlanan Mali ve Sosyal Haklara \u0130li\u015fkin<\/p>\n","protected":false},"author":1,"featured_media":3783,"comment_status":"open","ping_status":"open","sticky":false,"template":"","format":"standard","meta":{"_rtcl_gb_attr":"","footnotes":""},"categories":[14],"tags":[],"class_list":["post-3782","post","type-post","status-publish","format-standard","has-post-thumbnail","hentry","category-ekonomi"],"_links":{"self":[{"href":"https:\/\/turkiyemhaber.com\/index.php?rest_route=\/wp\/v2\/posts\/3782","targetHints":{"allow":["GET"]}}],"collection":[{"href":"https:\/\/turkiyemhaber.com\/index.php?rest_route=\/wp\/v2\/posts"}],"about":[{"href":"https:\/\/turkiyemhaber.com\/index.php?rest_route=\/wp\/v2\/types\/post"}],"author":[{"embeddable":true,"href":"https:\/\/turkiyemhaber.com\/index.php?rest_route=\/wp\/v2\/users\/1"}],"replies":[{"embeddable":true,"href":"https:\/\/turkiyemhaber.com\/index.php?rest_route=%2Fwp%2Fv2%2Fcomments&post=3782"}],"version-history":[{"count":1,"href":"https:\/\/turkiyemhaber.com\/index.php?rest_route=\/wp\/v2\/posts\/3782\/revisions"}],"predecessor-version":[{"id":3784,"href":"https:\/\/turkiyemhaber.com\/index.php?rest_route=\/wp\/v2\/posts\/3782\/revisions\/3784"}],"wp:featuredmedia":[{"embeddable":true,"href":"https:\/\/turkiyemhaber.com\/index.php?rest_route=\/wp\/v2\/media\/3783"}],"wp:attachment":[{"href":"https:\/\/turkiyemhaber.com\/index.php?rest_route=%2Fwp%2Fv2%2Fmedia&parent=3782"}],"wp:term":[{"taxonomy":"category","embeddable":true,"href":"https:\/\/turkiyemhaber.com\/index.php?rest_route=%2Fwp%2Fv2%2Fcategories&post=3782"},{"taxonomy":"post_tag","embeddable":true,"href":"https:\/\/turkiyemhaber.com\/index.php?rest_route=%2Fwp%2Fv2%2Ftags&post=3782"}],"curies":[{"name":"wp","href":"https:\/\/api.w.org\/{rel}","templated":true}]}}