{"id":3779,"date":"2026-07-04T20:57:54","date_gmt":"2026-07-04T20:57:54","guid":{"rendered":"https:\/\/turkiyemhaber.com\/?p=3779"},"modified":"2026-07-04T20:57:58","modified_gmt":"2026-07-04T20:57:58","slug":"danistaydan-milyonlarca-surucuyu-ilgilendiren-emsal-karar-ceza-kesinlesmeden-odeme-emri-gonderilemez","status":"publish","type":"post","link":"https:\/\/turkiyemhaber.com\/?p=3779","title":{"rendered":"Dan\u0131\u015ftay&#8217;dan Milyonlarca S\u00fcr\u00fcc\u00fcy\u00fc \u0130lgilendiren Emsal Karar: Ceza Kesinle\u015fmeden \u00d6deme Emri G\u00f6nderilemez"},"content":{"rendered":"\n<p class=\"wp-block-paragraph\">T\u00fcrkiye&#8217;de milyonlarca ara\u00e7 sahibini yak\u0131ndan ilgilendiren \u00f6nemli bir karara imza atan <strong>Dan\u0131\u015ftay<\/strong>, trafik idari para cezalar\u0131n\u0131n tahsil s\u00fcrecine ili\u015fkin emsal niteli\u011finde bir h\u00fck\u00fcm verdi. Karara g\u00f6re, <strong>trafik cezas\u0131na kar\u015f\u0131 yarg\u0131 yoluna ba\u015fvurulmu\u015fsa ve dava s\u00fcreci devam ediyorsa, ceza kesinle\u015fmeden idare taraf\u0131ndan \u00f6deme emri d\u00fczenlenemeyecek.<\/strong><\/p>\n\n\n\n<h2 class=\"wp-block-heading\"><strong>H\u0131z Cezas\u0131na \u0130tiraz Etti, \u00d6deme Emri G\u00f6nderildi<\/strong><\/h2>\n\n\n\n<p class=\"wp-block-paragraph\">Olay, \u0130zmir&#8217;de h\u0131z s\u0131n\u0131r\u0131n\u0131 a\u015ft\u0131\u011f\u0131 gerek\u00e7esiyle s\u00fcr\u00fcc\u00fc <strong>Ahmet Dokucu<\/strong> ad\u0131na <strong>1.506 lira<\/strong> idari para cezas\u0131 kesilmesiyle ba\u015flad\u0131.<\/p>\n\n\n\n<p class=\"wp-block-paragraph\">S\u00fcr\u00fcc\u00fc, cezan\u0131n haks\u0131z oldu\u011funu belirterek <strong>Menemen Sulh Ceza Hakimli\u011fi&#8217;ne<\/strong> itiraz etti. Ancak itiraz s\u00fcreci devam ederken, cezan\u0131n tahsili amac\u0131yla dosya Vergi Dairesi&#8217;ne g\u00f6nderildi ve hakk\u0131nda \u00f6deme emri d\u00fczenlendi.<\/p>\n\n\n\n<p class=\"wp-block-paragraph\">Daha sonra sulh ceza hakimli\u011fi itiraz\u0131 reddetti. S\u00fcr\u00fcc\u00fc ise, ceza kesinle\u015fmeden \u00f6deme emri d\u00fczenlenmesinin hukuka ayk\u0131r\u0131 oldu\u011fu gerek\u00e7esiyle <strong>\u0130zmir 2. \u0130dare Mahkemesi&#8217;nde<\/strong> dava a\u00e7t\u0131. Mahkeme davay\u0131 reddetti.<\/p>\n\n\n\n<h2 class=\"wp-block-heading\"><strong>Dan\u0131\u015ftay: Ceza Kesinle\u015fmeden Tahsilat Yap\u0131lamaz<\/strong><\/h2>\n\n\n\n<p class=\"wp-block-paragraph\">Karar\u0131n ard\u0131ndan dosya, <strong>Dan\u0131\u015ftay Ba\u015fsavc\u0131l\u0131\u011f\u0131&#8217;n\u0131n kanun yarar\u0131na temyiz ba\u015fvurusu<\/strong> \u00fczerine Dan\u0131\u015ftay 8. Dairesi taraf\u0131ndan incelendi.<\/p>\n\n\n\n<p class=\"wp-block-paragraph\">Dan\u0131\u015ftay, <strong>5326 say\u0131l\u0131 Kabahatler Kanunu<\/strong> ile <strong>6183 say\u0131l\u0131 Amme Alacaklar\u0131n\u0131n Tahsil Usul\u00fc Hakk\u0131nda Kanun<\/strong> h\u00fck\u00fcmlerini birlikte de\u011ferlendirerek \u00f6nemli bir sonuca ula\u015ft\u0131.<\/p>\n\n\n\n<p class=\"wp-block-paragraph\">Kararda, trafik cezas\u0131na kar\u015f\u0131 sulh ceza hakimli\u011fine ba\u015fvurulmas\u0131 halinde idari para cezas\u0131n\u0131n ancak <strong>yarg\u0131 s\u00fcreci tamamland\u0131ktan sonra kesinle\u015fece\u011fi<\/strong> vurguland\u0131.<\/p>\n\n\n\n<h2 class=\"wp-block-heading\"><strong>\u0130dare Kesinle\u015fmeyi Kontrol Etmek Zorunda<\/strong><\/h2>\n\n\n\n<p class=\"wp-block-paragraph\">Dan\u0131\u015ftay karar\u0131nda, tahsil i\u015flemlerini y\u00fcr\u00fcten idarenin kamu alaca\u011f\u0131n\u0131n kesinle\u015fip kesinle\u015fmedi\u011fini <strong>kendili\u011finden (resen)<\/strong> ara\u015ft\u0131rmak zorunda oldu\u011funa dikkat \u00e7ekildi.<\/p>\n\n\n\n<p class=\"wp-block-paragraph\">Yarg\u0131 s\u00fcreci devam ederken ceza kesinle\u015fmeden \u00f6deme emri d\u00fczenlenmesinin hukuka ayk\u0131r\u0131 oldu\u011fu belirtilen kararda, idarenin bu a\u015famada tahsilat i\u015flemine ba\u015flayamayaca\u011f\u0131 ifade edildi.<\/p>\n\n\n\n<h2 class=\"wp-block-heading\"><strong>Emsal Niteli\u011finde Karar<\/strong><\/h2>\n\n\n\n<p class=\"wp-block-paragraph\">Dan\u0131\u015ftay 8. Dairesi, Dan\u0131\u015ftay Ba\u015fsavc\u0131l\u0131\u011f\u0131&#8217;n\u0131n ba\u015fvurusunu kabul ederek \u0130zmir 2. \u0130dare Mahkemesi&#8217;nin ret karar\u0131n\u0131 <strong>kanun yarar\u0131na bozdu<\/strong>. Her ne kadar bozma karar\u0131 somut davan\u0131n sonucunu de\u011fi\u015ftirmese de, bundan sonraki benzer uyu\u015fmazl\u0131klarda <strong>emsal<\/strong> olarak de\u011ferlendirilecek.<\/p>\n\n\n\n<p class=\"wp-block-paragraph\">Karar\u0131n bir \u00f6rne\u011fi de uygulamada birlik sa\u011flanmas\u0131 amac\u0131yla ilgili bakanl\u0131klara g\u00f6nderildi.<\/p>\n\n\n\n<h3 class=\"wp-block-heading\"><strong>Karar Ne Anlama Geliyor?<\/strong><\/h3>\n\n\n\n<p class=\"wp-block-paragraph\">Dan\u0131\u015ftay&#8217;\u0131n karar\u0131, trafik cezas\u0131na itiraz eden s\u00fcr\u00fcc\u00fcler a\u00e7\u0131s\u0131ndan \u00f6nemli bir hukuki g\u00fcvence olu\u015fturuyor. Buna g\u00f6re;<\/p>\n\n\n\n<ul class=\"wp-block-list\">\n<li>Trafik cezas\u0131na s\u00fcresi i\u00e7inde itiraz edilmesi halinde,<\/li>\n\n\n\n<li>Yarg\u0131lama devam ederken ceza kesinle\u015fmi\u015f say\u0131lmayacak,<\/li>\n\n\n\n<li>Ceza kesinle\u015fmeden vergi dairesi taraf\u0131ndan \u00f6deme emri d\u00fczenlenemeyecek,<\/li>\n\n\n\n<li>\u0130dare, tahsilat i\u015flemine ba\u015flamadan \u00f6nce cezan\u0131n kesinle\u015fip kesinle\u015fmedi\u011fini kontrol etmek zorunda olacak.<\/li>\n<\/ul>\n\n\n\n<p class=\"wp-block-paragraph\">Uzmanlar, karar\u0131n yaln\u0131zca trafik cezeleriyle s\u0131n\u0131rl\u0131 kalmay\u0131p benzer nitelikteki idari para cezalar\u0131na ili\u015fkin uyu\u015fmazl\u0131klarda da emsal olu\u015fturabilece\u011fini de\u011ferlendiriyor.<\/p>\n","protected":false},"excerpt":{"rendered":"<p>T\u00fcrkiye&#8217;de milyonlarca ara\u00e7 sahibini yak\u0131ndan ilgilendiren \u00f6nemli bir karara imza atan Dan\u0131\u015ftay, trafik idari para<\/p>\n","protected":false},"author":1,"featured_media":3780,"comment_status":"open","ping_status":"open","sticky":false,"template":"","format":"standard","meta":{"_rtcl_gb_attr":"","footnotes":""},"categories":[1],"tags":[],"class_list":["post-3779","post","type-post","status-publish","format-standard","has-post-thumbnail","hentry","category-http-turkiyemhaber-com-wp-content-uploads-2026-03-saray-59-haber-13-mart-pdf"],"_links":{"self":[{"href":"https:\/\/turkiyemhaber.com\/index.php?rest_route=\/wp\/v2\/posts\/3779","targetHints":{"allow":["GET"]}}],"collection":[{"href":"https:\/\/turkiyemhaber.com\/index.php?rest_route=\/wp\/v2\/posts"}],"about":[{"href":"https:\/\/turkiyemhaber.com\/index.php?rest_route=\/wp\/v2\/types\/post"}],"author":[{"embeddable":true,"href":"https:\/\/turkiyemhaber.com\/index.php?rest_route=\/wp\/v2\/users\/1"}],"replies":[{"embeddable":true,"href":"https:\/\/turkiyemhaber.com\/index.php?rest_route=%2Fwp%2Fv2%2Fcomments&post=3779"}],"version-history":[{"count":1,"href":"https:\/\/turkiyemhaber.com\/index.php?rest_route=\/wp\/v2\/posts\/3779\/revisions"}],"predecessor-version":[{"id":3781,"href":"https:\/\/turkiyemhaber.com\/index.php?rest_route=\/wp\/v2\/posts\/3779\/revisions\/3781"}],"wp:featuredmedia":[{"embeddable":true,"href":"https:\/\/turkiyemhaber.com\/index.php?rest_route=\/wp\/v2\/media\/3780"}],"wp:attachment":[{"href":"https:\/\/turkiyemhaber.com\/index.php?rest_route=%2Fwp%2Fv2%2Fmedia&parent=3779"}],"wp:term":[{"taxonomy":"category","embeddable":true,"href":"https:\/\/turkiyemhaber.com\/index.php?rest_route=%2Fwp%2Fv2%2Fcategories&post=3779"},{"taxonomy":"post_tag","embeddable":true,"href":"https:\/\/turkiyemhaber.com\/index.php?rest_route=%2Fwp%2Fv2%2Ftags&post=3779"}],"curies":[{"name":"wp","href":"https:\/\/api.w.org\/{rel}","templated":true}]}}