{"id":3772,"date":"2026-07-02T18:26:44","date_gmt":"2026-07-02T18:26:44","guid":{"rendered":"https:\/\/turkiyemhaber.com\/?p=3772"},"modified":"2026-07-02T18:26:48","modified_gmt":"2026-07-02T18:26:48","slug":"chpde-tartisma-yaratan-atama-iddiasi-tepkilerin-ardindan-geri-adim-atildigi-one-suruldu","status":"publish","type":"post","link":"https:\/\/turkiyemhaber.com\/?p=3772","title":{"rendered":"CHP&#8217;de tart\u0131\u015fma yaratan atama iddias\u0131! Tepkilerin ard\u0131ndan geri ad\u0131m at\u0131ld\u0131\u011f\u0131 \u00f6ne s\u00fcr\u00fcld\u00fc"},"content":{"rendered":"\n<p class=\"wp-block-paragraph\">Kemal K\u0131l\u0131\u00e7daro\u011flu liderli\u011finde olu\u015fturuldu\u011fu belirtilen Cumhuriyet Halk Partisi Ankara \u0130l Y\u00f6netim Kurulu listesinde yer ald\u0131\u011f\u0131 \u00f6ne s\u00fcr\u00fclen Gizem Altunsoy&#8217;un ismi, sosyal medyada ge\u00e7mi\u015f payla\u015f\u0131mlar\u0131 nedeniyle tart\u0131\u015fma konusu oldu. Gelen tepkilerin ard\u0131ndan ataman\u0131n iptal edildi\u011fi iddia edildi.<\/p>\n\n\n\n<p class=\"wp-block-paragraph\">\u0130ddialara g\u00f6re, sal\u0131 g\u00fcn\u00fc ger\u00e7ekle\u015ftirilen Merkez Y\u00f6netim Kurulu (MYK) toplant\u0131s\u0131nda CHP Ankara \u0130l Y\u00f6netimi i\u00e7in 35 ki\u015filik liste belirlendi. Listede yer ald\u0131\u011f\u0131 belirtilen 24 ya\u015f\u0131ndaki Gizem Altunsoy&#8217;un ge\u00e7mi\u015fte sosyal medya platformu X&#8217;te yapt\u0131\u011f\u0131 payla\u015f\u0131mlar k\u0131sa s\u00fcrede kamuoyunun g\u00fcndemine ta\u015f\u0131nd\u0131.<\/p>\n\n\n\n<figure class=\"wp-block-image size-full\"><img loading=\"lazy\" decoding=\"async\" width=\"640\" height=\"609\" src=\"https:\/\/turkiyemhaber.com\/wp-content\/uploads\/2026\/07\/tartisma-yaratan-atama-kilicda-20011512-1730_1_m.webp\" alt=\"\" class=\"wp-image-3774\" srcset=\"https:\/\/turkiyemhaber.com\/wp-content\/uploads\/2026\/07\/tartisma-yaratan-atama-kilicda-20011512-1730_1_m.webp 640w, https:\/\/turkiyemhaber.com\/wp-content\/uploads\/2026\/07\/tartisma-yaratan-atama-kilicda-20011512-1730_1_m-300x285.webp 300w, https:\/\/turkiyemhaber.com\/wp-content\/uploads\/2026\/07\/tartisma-yaratan-atama-kilicda-20011512-1730_1_m-13x12.webp 13w\" sizes=\"auto, (max-width: 640px) 100vw, 640px\" \/><\/figure>\n\n\n\n<h3 class=\"wp-block-heading\">Sosyal medya payla\u015f\u0131mlar\u0131 tart\u0131\u015fma yaratt\u0131<\/h3>\n\n\n\n<p class=\"wp-block-paragraph\">Sosyal medyada &#8220;Gizem Lara&#8221; kullan\u0131c\u0131 ad\u0131yla payla\u015f\u0131mlar yapt\u0131\u011f\u0131 belirtilen Altunsoy&#8217;un, baz\u0131 CHP&#8217;li isimlere y\u00f6nelik iddialar\u0131n yay\u0131lmas\u0131na katk\u0131 sundu\u011fu \u00f6ne s\u00fcr\u00fcld\u00fc. \u00d6zellikle G\u00fcl\u015fah Durbay ve \u00d6zg\u00fcr \u00d6zel hakk\u0131nda sosyal medyada dola\u015f\u0131ma giren baz\u0131 i\u00e7eriklerle ilgili iddialar kamuoyunda tart\u0131\u015fma yaratt\u0131.<\/p>\n\n\n\n<p class=\"wp-block-paragraph\">Bu geli\u015fmelerin ard\u0131ndan sosyal medya kullan\u0131c\u0131lar\u0131, Altunsoy&#8217;un il y\u00f6netiminde g\u00f6rev almas\u0131na tepki g\u00f6steren \u00e7ok say\u0131da payla\u015f\u0131m yapt\u0131.<\/p>\n\n\n\n<figure class=\"wp-block-image size-full\"><img loading=\"lazy\" decoding=\"async\" width=\"640\" height=\"916\" src=\"https:\/\/turkiyemhaber.com\/wp-content\/uploads\/2026\/07\/tartisma-yaratan-atama-kilicda-20011512-1026_1_m.webp\" alt=\"\" class=\"wp-image-3775\" srcset=\"https:\/\/turkiyemhaber.com\/wp-content\/uploads\/2026\/07\/tartisma-yaratan-atama-kilicda-20011512-1026_1_m.webp 640w, https:\/\/turkiyemhaber.com\/wp-content\/uploads\/2026\/07\/tartisma-yaratan-atama-kilicda-20011512-1026_1_m-210x300.webp 210w, https:\/\/turkiyemhaber.com\/wp-content\/uploads\/2026\/07\/tartisma-yaratan-atama-kilicda-20011512-1026_1_m-8x12.webp 8w\" sizes=\"auto, (max-width: 640px) 100vw, 640px\" \/><\/figure>\n\n\n\n<h3 class=\"wp-block-heading\">Ataman\u0131n iptal edildi\u011fi iddias\u0131<\/h3>\n\n\n\n<p class=\"wp-block-paragraph\">Kamuoyunda olu\u015fan tepkilerin ard\u0131ndan, 30 Haziran tarihli MYK toplant\u0131s\u0131nda kabul edildi\u011fi belirtilen listede de\u011fi\u015fikli\u011fe gidildi\u011fi \u00f6ne s\u00fcr\u00fcld\u00fc.<\/p>\n\n\n\n<p class=\"wp-block-paragraph\">\u0130ddialara g\u00f6re, Kemal K\u0131l\u0131\u00e7daro\u011flu&#8217;nun talimat\u0131yla Gizem Altunsoy&#8217;un CHP Ankara \u0130l Y\u00f6netim Kurulu&#8217;na atanmas\u0131ndan vazge\u00e7ildi. Ayr\u0131ca Altunsoy&#8217;un parti b\u00fcnyesinde herhangi bir g\u00f6reve getirilmemesi y\u00f6n\u00fcnde karar al\u0131nd\u0131\u011f\u0131 da iddialar aras\u0131nda yer ald\u0131.<\/p>\n\n\n\n<p class=\"wp-block-paragraph\">S\u00f6z konusu iddialarla ilgili CHP&#8217;den veya ad\u0131 ge\u00e7en isimlerden haberin yay\u0131mland\u0131\u011f\u0131 ana kadar resmi bir a\u00e7\u0131klama yap\u0131lmad\u0131. Bu nedenle, ataman\u0131n iptal edildi\u011fine ili\u015fkin bilgiler <strong>iddia<\/strong> niteli\u011fi ta\u015f\u0131maktad\u0131r.<\/p>\n","protected":false},"excerpt":{"rendered":"<p>Kemal K\u0131l\u0131\u00e7daro\u011flu liderli\u011finde olu\u015fturuldu\u011fu belirtilen Cumhuriyet Halk Partisi Ankara \u0130l Y\u00f6netim Kurulu listesinde yer ald\u0131\u011f\u0131<\/p>\n","protected":false},"author":1,"featured_media":3773,"comment_status":"open","ping_status":"open","sticky":false,"template":"","format":"standard","meta":{"_rtcl_gb_attr":"","footnotes":""},"categories":[44],"tags":[],"class_list":["post-3772","post","type-post","status-publish","format-standard","has-post-thumbnail","hentry","category-politika"],"_links":{"self":[{"href":"https:\/\/turkiyemhaber.com\/index.php?rest_route=\/wp\/v2\/posts\/3772","targetHints":{"allow":["GET"]}}],"collection":[{"href":"https:\/\/turkiyemhaber.com\/index.php?rest_route=\/wp\/v2\/posts"}],"about":[{"href":"https:\/\/turkiyemhaber.com\/index.php?rest_route=\/wp\/v2\/types\/post"}],"author":[{"embeddable":true,"href":"https:\/\/turkiyemhaber.com\/index.php?rest_route=\/wp\/v2\/users\/1"}],"replies":[{"embeddable":true,"href":"https:\/\/turkiyemhaber.com\/index.php?rest_route=%2Fwp%2Fv2%2Fcomments&post=3772"}],"version-history":[{"count":1,"href":"https:\/\/turkiyemhaber.com\/index.php?rest_route=\/wp\/v2\/posts\/3772\/revisions"}],"predecessor-version":[{"id":3776,"href":"https:\/\/turkiyemhaber.com\/index.php?rest_route=\/wp\/v2\/posts\/3772\/revisions\/3776"}],"wp:featuredmedia":[{"embeddable":true,"href":"https:\/\/turkiyemhaber.com\/index.php?rest_route=\/wp\/v2\/media\/3773"}],"wp:attachment":[{"href":"https:\/\/turkiyemhaber.com\/index.php?rest_route=%2Fwp%2Fv2%2Fmedia&parent=3772"}],"wp:term":[{"taxonomy":"category","embeddable":true,"href":"https:\/\/turkiyemhaber.com\/index.php?rest_route=%2Fwp%2Fv2%2Fcategories&post=3772"},{"taxonomy":"post_tag","embeddable":true,"href":"https:\/\/turkiyemhaber.com\/index.php?rest_route=%2Fwp%2Fv2%2Ftags&post=3772"}],"curies":[{"name":"wp","href":"https:\/\/api.w.org\/{rel}","templated":true}]}}