{"id":3769,"date":"2026-07-02T18:23:39","date_gmt":"2026-07-02T18:23:39","guid":{"rendered":"https:\/\/turkiyemhaber.com\/?p=3769"},"modified":"2026-07-02T18:23:43","modified_gmt":"2026-07-02T18:23:43","slug":"zorunlu-trafik-sigortasinda-temmuz-tarifesi-aciklandi-primler-artti-en-yuksek-tutar-394-bin-lirayi-asti","status":"publish","type":"post","link":"https:\/\/turkiyemhaber.com\/?p=3769","title":{"rendered":"Zorunlu trafik sigortas\u0131nda Temmuz tarifesi a\u00e7\u0131kland\u0131! Primler artt\u0131, en y\u00fcksek tutar 394 bin liray\u0131 a\u015ft\u0131"},"content":{"rendered":"\n<p class=\"wp-block-paragraph\">Temmuz 2026 d\u00f6neminde uygulanacak zorunlu trafik sigortas\u0131 azami prim tarifesi a\u00e7\u0131kland\u0131. Yeni d\u00fczenlemeyle birlikte primlere y\u00fczde 4 oran\u0131nda art\u0131\u015f yap\u0131l\u0131rken, yakla\u015f\u0131k 34 milyon ara\u00e7 sahibini ilgilendiren yeni fiyatlar y\u00fcr\u00fcrl\u00fc\u011fe girdi.<\/p>\n\n\n\n<p class=\"wp-block-paragraph\">Sigorta Bilgi ve G\u00f6zetim Merkezi taraf\u0131ndan yay\u0131mlanan yeni tarifeye g\u00f6re, \u0130stanbul&#8217;da d\u00f6rd\u00fcnc\u00fc basamakta bulunan bir otomobil i\u00e7in zorunlu trafik sigortas\u0131 primi <strong>18 bin 789 lira<\/strong> oldu.<\/p>\n\n\n\n<h3 class=\"wp-block-heading\">\u0130stanbul, Ankara ve \u0130zmir&#8217;de yeni primler<\/h3>\n\n\n\n<p class=\"wp-block-paragraph\">Risk basamaklar\u0131na g\u00f6re primler de de\u011fi\u015fiklik g\u00f6steriyor.<\/p>\n\n\n\n<p class=\"wp-block-paragraph\"><strong>\u0130stanbul&#8217;da:<\/strong><\/p>\n\n\n\n<ul class=\"wp-block-list\">\n<li>0. basamak (en y\u00fcksek risk): <strong>56 bin 367 TL<\/strong><ol start=\"4\"><li>basamak: <strong>18 bin 789 TL<\/strong><\/li><\/ol>\n<ol start=\"8\" class=\"wp-block-list\">\n<li>basamak (en d\u00fc\u015f\u00fck risk): <strong>9 bin 395 TL<\/strong><\/li>\n<\/ol>\n<\/li>\n<\/ul>\n\n\n\n<p class=\"wp-block-paragraph\"><strong>Ankara&#8217;da:<\/strong><\/p>\n\n\n\n<ul class=\"wp-block-list\">\n<li>0. basamak: <strong>54 bin 772 TL<\/strong>\n<ol start=\"8\" class=\"wp-block-list\">\n<li>basamak: <strong>9 bin 129 TL<\/strong><\/li>\n<\/ol>\n<\/li>\n<\/ul>\n\n\n\n<p class=\"wp-block-paragraph\"><strong>\u0130zmir&#8217;de:<\/strong><\/p>\n\n\n\n<ul class=\"wp-block-list\">\n<li>0. basamak: <strong>53 bin 177 TL<\/strong>\n<ol start=\"8\" class=\"wp-block-list\">\n<li>basamak: <strong>8 bin 863 TL<\/strong><\/li>\n<\/ol>\n<\/li>\n<\/ul>\n\n\n\n<h3 class=\"wp-block-heading\">Ticari ara\u00e7larda primler dikkat \u00e7ekti<\/h3>\n\n\n\n<p class=\"wp-block-paragraph\">Yeni tarifede ticari ara\u00e7lar i\u00e7in belirlenen primler de y\u00fcksek seviyelere ula\u015ft\u0131.<\/p>\n\n\n\n<p class=\"wp-block-paragraph\">\u0130stanbul&#8217;da faaliyet g\u00f6steren ticari taksiler i\u00e7in;<\/p>\n\n\n\n<ul class=\"wp-block-list\">\n<li>0. basamakta <strong>160 bin 593 TL<\/strong>,\n<ol start=\"8\" class=\"wp-block-list\">\n<li>basamakta ise <strong>26 bin 766 TL<\/strong> prim uygulanacak.<\/li>\n<\/ol>\n<\/li>\n<\/ul>\n\n\n\n<p class=\"wp-block-paragraph\">31 ve \u00fczeri koltuk kapasitesine sahip otob\u00fcslerde ise primler \u00e7ok daha y\u00fcksek seviyelere \u00e7\u0131kt\u0131. \u0130stanbul&#8217;da bu ara\u00e7lar i\u00e7in;<\/p>\n\n\n\n<ul class=\"wp-block-list\">\n<li>En y\u00fcksek prim <strong>394 bin 539 TL<\/strong>,<\/li>\n\n\n\n<li>En d\u00fc\u015f\u00fck prim ise <strong>65 bin 757 TL<\/strong> olarak belirlendi.<\/li>\n<\/ul>\n\n\n\n<h3 class=\"wp-block-heading\">Sigortas\u0131z trafi\u011fe \u00e7\u0131kanlara ceza<\/h3>\n\n\n\n<p class=\"wp-block-paragraph\">Zorunlu trafik sigortas\u0131 bulunmadan trafi\u011fe \u00e7\u0131kan s\u00fcr\u00fcc\u00fcler, denetimlerde tespit edilmeleri halinde <strong>1.246 TL idari para cezas\u0131<\/strong> ile kar\u015f\u0131 kar\u015f\u0131ya kalacak. Ayr\u0131ca ara\u00e7, sigorta yapt\u0131r\u0131l\u0131ncaya kadar trafikten men edilebilecek.<\/p>\n\n\n\n<p class=\"wp-block-paragraph\">Sigortas\u0131z bir arac\u0131n trafik kazas\u0131na kar\u0131\u015fmas\u0131 durumunda ise s\u00fcr\u00fcc\u00fc yaln\u0131zca idari yapt\u0131r\u0131mlarla de\u011fil, kar\u015f\u0131 tarafa verilen maddi zararlar\u0131 da kendi imkanlar\u0131yla kar\u015f\u0131lamak zorunda kalacak.<\/p>\n\n\n\n<h3 class=\"wp-block-heading\">Gecikene s\u00fcrprim uygulanacak<\/h3>\n\n\n\n<p class=\"wp-block-paragraph\">Zorunlu trafik sigortas\u0131n\u0131 s\u00fcresi i\u00e7inde yenilemeyen ara\u00e7 sahiplerinden, gecikilen her 30 g\u00fcn i\u00e7in poli\u00e7e primine <strong>y\u00fczde 5 s\u00fcrprim<\/strong> uygulanacak. Gecikme nedeniyle olu\u015facak ek maliyet toplamda <strong>y\u00fczde 50&#8217;ye<\/strong> kadar \u00e7\u0131kabilecek.<\/p>\n","protected":false},"excerpt":{"rendered":"<p>Temmuz 2026 d\u00f6neminde uygulanacak zorunlu trafik sigortas\u0131 azami prim tarifesi a\u00e7\u0131kland\u0131. Yeni d\u00fczenlemeyle birlikte primlere<\/p>\n","protected":false},"author":1,"featured_media":3770,"comment_status":"open","ping_status":"open","sticky":false,"template":"","format":"standard","meta":{"_rtcl_gb_attr":"","footnotes":""},"categories":[14],"tags":[],"class_list":["post-3769","post","type-post","status-publish","format-standard","has-post-thumbnail","hentry","category-ekonomi"],"_links":{"self":[{"href":"https:\/\/turkiyemhaber.com\/index.php?rest_route=\/wp\/v2\/posts\/3769","targetHints":{"allow":["GET"]}}],"collection":[{"href":"https:\/\/turkiyemhaber.com\/index.php?rest_route=\/wp\/v2\/posts"}],"about":[{"href":"https:\/\/turkiyemhaber.com\/index.php?rest_route=\/wp\/v2\/types\/post"}],"author":[{"embeddable":true,"href":"https:\/\/turkiyemhaber.com\/index.php?rest_route=\/wp\/v2\/users\/1"}],"replies":[{"embeddable":true,"href":"https:\/\/turkiyemhaber.com\/index.php?rest_route=%2Fwp%2Fv2%2Fcomments&post=3769"}],"version-history":[{"count":1,"href":"https:\/\/turkiyemhaber.com\/index.php?rest_route=\/wp\/v2\/posts\/3769\/revisions"}],"predecessor-version":[{"id":3771,"href":"https:\/\/turkiyemhaber.com\/index.php?rest_route=\/wp\/v2\/posts\/3769\/revisions\/3771"}],"wp:featuredmedia":[{"embeddable":true,"href":"https:\/\/turkiyemhaber.com\/index.php?rest_route=\/wp\/v2\/media\/3770"}],"wp:attachment":[{"href":"https:\/\/turkiyemhaber.com\/index.php?rest_route=%2Fwp%2Fv2%2Fmedia&parent=3769"}],"wp:term":[{"taxonomy":"category","embeddable":true,"href":"https:\/\/turkiyemhaber.com\/index.php?rest_route=%2Fwp%2Fv2%2Fcategories&post=3769"},{"taxonomy":"post_tag","embeddable":true,"href":"https:\/\/turkiyemhaber.com\/index.php?rest_route=%2Fwp%2Fv2%2Ftags&post=3769"}],"curies":[{"name":"wp","href":"https:\/\/api.w.org\/{rel}","templated":true}]}}