{"id":3760,"date":"2026-07-02T18:10:52","date_gmt":"2026-07-02T18:10:52","guid":{"rendered":"https:\/\/turkiyemhaber.com\/?p=3760"},"modified":"2026-07-02T18:10:56","modified_gmt":"2026-07-02T18:10:56","slug":"melis-sezenin-sakli-cennet-tatili-ildir-paylasimlarina-begeni-yagdi","status":"publish","type":"post","link":"https:\/\/turkiyemhaber.com\/?p=3760","title":{"rendered":"Melis Sezen\u2019in \u201csakl\u0131 cennet\u201d tatili! Ild\u0131r payla\u015f\u0131mlar\u0131na be\u011feni ya\u011fd\u0131"},"content":{"rendered":"\n<p class=\"wp-block-paragraph\">Ekranlar\u0131n sevilen isimlerinden Melis Sezen, yaz tatiline h\u0131z kesmeden devam ediyor. Ba\u015far\u0131l\u0131 oyuncu, \u0130zmir\u2019in Ild\u0131r b\u00f6lgesinden payla\u015ft\u0131\u011f\u0131 yeni karelerle sosyal medyada g\u00fcndem oldu.<\/p>\n\n\n\n<figure class=\"wp-block-image size-full\"><img loading=\"lazy\" decoding=\"async\" width=\"640\" height=\"467\" src=\"https:\/\/turkiyemhaber.com\/wp-content\/uploads\/2026\/07\/melis-sezenin-sakli-cenneti-ta-10214900-8295_1_m.png\" alt=\"\" class=\"wp-image-3762\" srcset=\"https:\/\/turkiyemhaber.com\/wp-content\/uploads\/2026\/07\/melis-sezenin-sakli-cenneti-ta-10214900-8295_1_m.png 640w, https:\/\/turkiyemhaber.com\/wp-content\/uploads\/2026\/07\/melis-sezenin-sakli-cenneti-ta-10214900-8295_1_m-300x219.png 300w, https:\/\/turkiyemhaber.com\/wp-content\/uploads\/2026\/07\/melis-sezenin-sakli-cenneti-ta-10214900-8295_1_m-16x12.png 16w\" sizes=\"auto, (max-width: 640px) 100vw, 640px\" \/><\/figure>\n\n\n\n<p class=\"wp-block-paragraph\">Do\u011fal g\u00fczelli\u011fi ve enerjik payla\u015f\u0131mlar\u0131yla s\u0131k s\u0131k ad\u0131ndan s\u00f6z ettiren Sezen, tatil yapt\u0131\u011f\u0131 b\u00f6lgeye duydu\u011fu sevgiyi \u201cReklam de\u011fil, a\u015f\u0131r\u0131 sevgim\u201d notuyla takip\u00e7ileriyle payla\u015ft\u0131. Payla\u015f\u0131mlar\u0131nda do\u011fa ve deniz temal\u0131 karelere yer veren oyuncu, yaz sezonunun yo\u011fun temposundan uzakla\u015farak dinlendi\u011fi anlar\u0131 g\u00f6zler \u00f6n\u00fcne serdi.<\/p>\n\n\n\n<figure class=\"wp-block-image size-full\"><img loading=\"lazy\" decoding=\"async\" width=\"640\" height=\"852\" src=\"https:\/\/turkiyemhaber.com\/wp-content\/uploads\/2026\/07\/melis-sezenin-sakli-cenneti-ta-92350584-4327_1_m.png\" alt=\"\" class=\"wp-image-3763\" srcset=\"https:\/\/turkiyemhaber.com\/wp-content\/uploads\/2026\/07\/melis-sezenin-sakli-cenneti-ta-92350584-4327_1_m.png 640w, https:\/\/turkiyemhaber.com\/wp-content\/uploads\/2026\/07\/melis-sezenin-sakli-cenneti-ta-92350584-4327_1_m-225x300.png 225w, https:\/\/turkiyemhaber.com\/wp-content\/uploads\/2026\/07\/melis-sezenin-sakli-cenneti-ta-92350584-4327_1_m-9x12.png 9w\" sizes=\"auto, (max-width: 640px) 100vw, 640px\" \/><\/figure>\n\n\n\n<p class=\"wp-block-paragraph\">Ild\u0131r\u2019\u0131n sakin atmosferinde tatilin keyfini \u00e7\u0131karan Sezen\u2019in foto\u011fraflar\u0131 k\u0131sa s\u00fcrede sosyal medyada b\u00fcy\u00fck ilgi g\u00f6rd\u00fc. \u00dcnl\u00fc oyuncunun do\u011fal ve samimi pozlar\u0131 hayranlar\u0131 taraf\u0131ndan be\u011feni ve yorum ya\u011fmuruna tutuldu.<\/p>\n\n\n\n<figure class=\"wp-block-image size-full\"><img loading=\"lazy\" decoding=\"async\" width=\"640\" height=\"522\" src=\"https:\/\/turkiyemhaber.com\/wp-content\/uploads\/2026\/07\/melis-sezenin-sakli-cenneti-ta-31324918-5660_1_m.png\" alt=\"\" class=\"wp-image-3764\" srcset=\"https:\/\/turkiyemhaber.com\/wp-content\/uploads\/2026\/07\/melis-sezenin-sakli-cenneti-ta-31324918-5660_1_m.png 640w, https:\/\/turkiyemhaber.com\/wp-content\/uploads\/2026\/07\/melis-sezenin-sakli-cenneti-ta-31324918-5660_1_m-300x245.png 300w, https:\/\/turkiyemhaber.com\/wp-content\/uploads\/2026\/07\/melis-sezenin-sakli-cenneti-ta-31324918-5660_1_m-15x12.png 15w\" sizes=\"auto, (max-width: 640px) 100vw, 640px\" \/><\/figure>\n\n\n\n<p class=\"wp-block-paragraph\">Sezon boyunca farkl\u0131 projelerle de g\u00fcndeme gelen Melis Sezen, bu kez kariyerinden \u00e7ok tatil payla\u015f\u0131mlar\u0131yla magazin g\u00fcndeminde yer ald\u0131.<\/p>\n\n\n\n<figure class=\"wp-block-image size-full\"><img loading=\"lazy\" decoding=\"async\" width=\"640\" height=\"465\" src=\"https:\/\/turkiyemhaber.com\/wp-content\/uploads\/2026\/07\/melis-sezenin-sakli-cenneti-ta-25831378-8346_1_m.webp\" alt=\"\" class=\"wp-image-3765\" srcset=\"https:\/\/turkiyemhaber.com\/wp-content\/uploads\/2026\/07\/melis-sezenin-sakli-cenneti-ta-25831378-8346_1_m.webp 640w, https:\/\/turkiyemhaber.com\/wp-content\/uploads\/2026\/07\/melis-sezenin-sakli-cenneti-ta-25831378-8346_1_m-300x218.webp 300w, https:\/\/turkiyemhaber.com\/wp-content\/uploads\/2026\/07\/melis-sezenin-sakli-cenneti-ta-25831378-8346_1_m-18x12.webp 18w\" sizes=\"auto, (max-width: 640px) 100vw, 640px\" \/><\/figure>\n\n\n\n<figure class=\"wp-block-image size-full\"><img loading=\"lazy\" decoding=\"async\" width=\"640\" height=\"531\" src=\"https:\/\/turkiyemhaber.com\/wp-content\/uploads\/2026\/07\/melis-sezenin-sakli-cenneti-ta-30812744-6902_1_m.webp\" alt=\"\" class=\"wp-image-3766\" srcset=\"https:\/\/turkiyemhaber.com\/wp-content\/uploads\/2026\/07\/melis-sezenin-sakli-cenneti-ta-30812744-6902_1_m.webp 640w, https:\/\/turkiyemhaber.com\/wp-content\/uploads\/2026\/07\/melis-sezenin-sakli-cenneti-ta-30812744-6902_1_m-300x249.webp 300w, https:\/\/turkiyemhaber.com\/wp-content\/uploads\/2026\/07\/melis-sezenin-sakli-cenneti-ta-30812744-6902_1_m-14x12.webp 14w\" sizes=\"auto, (max-width: 640px) 100vw, 640px\" \/><\/figure>\n\n\n\n<figure class=\"wp-block-image size-full\"><img loading=\"lazy\" decoding=\"async\" width=\"640\" height=\"852\" src=\"https:\/\/turkiyemhaber.com\/wp-content\/uploads\/2026\/07\/melis-sezenin-sakli-cenneti-ta-fe4d78ee14-1006_1_m.png\" alt=\"\" class=\"wp-image-3767\" srcset=\"https:\/\/turkiyemhaber.com\/wp-content\/uploads\/2026\/07\/melis-sezenin-sakli-cenneti-ta-fe4d78ee14-1006_1_m.png 640w, https:\/\/turkiyemhaber.com\/wp-content\/uploads\/2026\/07\/melis-sezenin-sakli-cenneti-ta-fe4d78ee14-1006_1_m-225x300.png 225w, https:\/\/turkiyemhaber.com\/wp-content\/uploads\/2026\/07\/melis-sezenin-sakli-cenneti-ta-fe4d78ee14-1006_1_m-9x12.png 9w\" sizes=\"auto, (max-width: 640px) 100vw, 640px\" \/><\/figure>\n","protected":false},"excerpt":{"rendered":"<p>Ekranlar\u0131n sevilen isimlerinden Melis Sezen, yaz tatiline h\u0131z kesmeden devam ediyor. Ba\u015far\u0131l\u0131 oyuncu, \u0130zmir\u2019in Ild\u0131r<\/p>\n","protected":false},"author":1,"featured_media":3761,"comment_status":"open","ping_status":"open","sticky":false,"template":"","format":"standard","meta":{"_rtcl_gb_attr":"","footnotes":""},"categories":[41],"tags":[],"class_list":["post-3760","post","type-post","status-publish","format-standard","has-post-thumbnail","hentry","category-magazin"],"_links":{"self":[{"href":"https:\/\/turkiyemhaber.com\/index.php?rest_route=\/wp\/v2\/posts\/3760","targetHints":{"allow":["GET"]}}],"collection":[{"href":"https:\/\/turkiyemhaber.com\/index.php?rest_route=\/wp\/v2\/posts"}],"about":[{"href":"https:\/\/turkiyemhaber.com\/index.php?rest_route=\/wp\/v2\/types\/post"}],"author":[{"embeddable":true,"href":"https:\/\/turkiyemhaber.com\/index.php?rest_route=\/wp\/v2\/users\/1"}],"replies":[{"embeddable":true,"href":"https:\/\/turkiyemhaber.com\/index.php?rest_route=%2Fwp%2Fv2%2Fcomments&post=3760"}],"version-history":[{"count":1,"href":"https:\/\/turkiyemhaber.com\/index.php?rest_route=\/wp\/v2\/posts\/3760\/revisions"}],"predecessor-version":[{"id":3768,"href":"https:\/\/turkiyemhaber.com\/index.php?rest_route=\/wp\/v2\/posts\/3760\/revisions\/3768"}],"wp:featuredmedia":[{"embeddable":true,"href":"https:\/\/turkiyemhaber.com\/index.php?rest_route=\/wp\/v2\/media\/3761"}],"wp:attachment":[{"href":"https:\/\/turkiyemhaber.com\/index.php?rest_route=%2Fwp%2Fv2%2Fmedia&parent=3760"}],"wp:term":[{"taxonomy":"category","embeddable":true,"href":"https:\/\/turkiyemhaber.com\/index.php?rest_route=%2Fwp%2Fv2%2Fcategories&post=3760"},{"taxonomy":"post_tag","embeddable":true,"href":"https:\/\/turkiyemhaber.com\/index.php?rest_route=%2Fwp%2Fv2%2Ftags&post=3760"}],"curies":[{"name":"wp","href":"https:\/\/api.w.org\/{rel}","templated":true}]}}