{"id":3757,"date":"2026-07-02T18:05:34","date_gmt":"2026-07-02T18:05:34","guid":{"rendered":"https:\/\/turkiyemhaber.com\/?p=3757"},"modified":"2026-07-02T18:05:38","modified_gmt":"2026-07-02T18:05:38","slug":"turkan-soray-kadir-inanir-hakkindaki-sorular-karsisinda-duygusal-anlar-yasadi","status":"publish","type":"post","link":"https:\/\/turkiyemhaber.com\/?p=3757","title":{"rendered":"T\u00fcrkan \u015eoray, Kadir \u0130nan\u0131r Hakk\u0131ndaki Sorular Kar\u015f\u0131s\u0131nda Duygusal Anlar Ya\u015fad\u0131"},"content":{"rendered":"\n<p class=\"wp-block-paragraph\">Ye\u015fil\u00e7am\u2019\u0131n usta isimlerinden T\u00fcrkan \u015eoray, kat\u0131ld\u0131\u011f\u0131 bir s\u00f6yle\u015fide yak\u0131n dostu oldu\u011fu bilinen Kadir \u0130nan\u0131r hakk\u0131nda y\u00f6neltilen sorular kar\u015f\u0131s\u0131nda duygusal anlar ya\u015fad\u0131. Son g\u00fcnlerde sosyal medyada yer alan ve sanat camias\u0131nda \u00fcz\u00fcnt\u00fcyle kar\u015f\u0131lanan iddialar\u0131n ard\u0131ndan d\u00fczenlenen etkinlikte konu\u015fan \u015eoray, sorulara yan\u0131t verirken zaman zaman konu\u015fmakta zorland\u0131.<\/p>\n\n\n\n<p class=\"wp-block-paragraph\">Etkinlik \u00f6ncesinde bas\u0131n mensuplar\u0131n\u0131n sorular\u0131n\u0131 yan\u0131tlayan usta sanat\u00e7\u0131, Kadir \u0130nan\u0131r ile ilgili y\u00f6neltilen ifadeler kar\u015f\u0131s\u0131nda duygular\u0131n\u0131 gizleyemedi. Konu\u015fmas\u0131 s\u0131ras\u0131nda kelimeleri bo\u011faz\u0131na d\u00fc\u011f\u00fcmlenen \u015eoray\u2019\u0131n olduk\u00e7a \u00fczg\u00fcn oldu\u011fu g\u00f6zlendi.<\/p>\n\n\n\n<p class=\"wp-block-paragraph\">Sahne program\u0131 kapsam\u0131nda kat\u0131l\u0131mc\u0131lara hitap eden T\u00fcrkan \u015eoray, ya\u015fanan s\u00fcrecin kendisi i\u00e7in olduk\u00e7a hassas oldu\u011funu belirterek, \u201cAc\u0131m\u0131z \u00e7ok taze. \u00c7ok b\u00fcy\u00fck bir kay\u0131p. Benim kalbimde her zaman yeri olacak\u201d ifadelerini kulland\u0131.<\/p>\n\n\n\n<p class=\"wp-block-paragraph\">Sahne boyunca zaman zaman g\u00f6zya\u015flar\u0131na h\u00e2kim olmakta zorlanan \u015eoray\u2019\u0131n bu anlar\u0131 salondaki izleyiciler taraf\u0131ndan da duygusal bir atmosferle kar\u015f\u0131land\u0131. Etkinlik, sanat camias\u0131nda uzun y\u0131llard\u0131r s\u00fcren dostluklar\u0131n ve Ye\u015fil\u00e7am d\u00f6neminin unutulmaz isimlerinin yaratt\u0131\u011f\u0131 etkinin bir kez daha hat\u0131rlanmas\u0131na neden oldu.<\/p>\n","protected":false},"excerpt":{"rendered":"<p>Ye\u015fil\u00e7am\u2019\u0131n usta isimlerinden T\u00fcrkan \u015eoray, kat\u0131ld\u0131\u011f\u0131 bir s\u00f6yle\u015fide yak\u0131n dostu oldu\u011fu bilinen Kadir \u0130nan\u0131r hakk\u0131nda<\/p>\n","protected":false},"author":1,"featured_media":3758,"comment_status":"open","ping_status":"open","sticky":false,"template":"","format":"standard","meta":{"_rtcl_gb_attr":"","footnotes":""},"categories":[41],"tags":[],"class_list":["post-3757","post","type-post","status-publish","format-standard","has-post-thumbnail","hentry","category-magazin"],"_links":{"self":[{"href":"https:\/\/turkiyemhaber.com\/index.php?rest_route=\/wp\/v2\/posts\/3757","targetHints":{"allow":["GET"]}}],"collection":[{"href":"https:\/\/turkiyemhaber.com\/index.php?rest_route=\/wp\/v2\/posts"}],"about":[{"href":"https:\/\/turkiyemhaber.com\/index.php?rest_route=\/wp\/v2\/types\/post"}],"author":[{"embeddable":true,"href":"https:\/\/turkiyemhaber.com\/index.php?rest_route=\/wp\/v2\/users\/1"}],"replies":[{"embeddable":true,"href":"https:\/\/turkiyemhaber.com\/index.php?rest_route=%2Fwp%2Fv2%2Fcomments&post=3757"}],"version-history":[{"count":1,"href":"https:\/\/turkiyemhaber.com\/index.php?rest_route=\/wp\/v2\/posts\/3757\/revisions"}],"predecessor-version":[{"id":3759,"href":"https:\/\/turkiyemhaber.com\/index.php?rest_route=\/wp\/v2\/posts\/3757\/revisions\/3759"}],"wp:featuredmedia":[{"embeddable":true,"href":"https:\/\/turkiyemhaber.com\/index.php?rest_route=\/wp\/v2\/media\/3758"}],"wp:attachment":[{"href":"https:\/\/turkiyemhaber.com\/index.php?rest_route=%2Fwp%2Fv2%2Fmedia&parent=3757"}],"wp:term":[{"taxonomy":"category","embeddable":true,"href":"https:\/\/turkiyemhaber.com\/index.php?rest_route=%2Fwp%2Fv2%2Fcategories&post=3757"},{"taxonomy":"post_tag","embeddable":true,"href":"https:\/\/turkiyemhaber.com\/index.php?rest_route=%2Fwp%2Fv2%2Ftags&post=3757"}],"curies":[{"name":"wp","href":"https:\/\/api.w.org\/{rel}","templated":true}]}}