{"id":3750,"date":"2026-07-02T17:55:44","date_gmt":"2026-07-02T17:55:44","guid":{"rendered":"https:\/\/turkiyemhaber.com\/?p=3750"},"modified":"2026-07-02T17:55:49","modified_gmt":"2026-07-02T17:55:49","slug":"taciz-magduru-tuananin-olumuyle-ilgili-davada-yeni-gelisme-surucu-olasi-kastla-oldurme-sucundan-agir-cezada-yargilanacak","status":"publish","type":"post","link":"https:\/\/turkiyemhaber.com\/?p=3750","title":{"rendered":"Taciz Ma\u011fduru Tuana&#8217;n\u0131n \u00d6l\u00fcm\u00fcyle \u0130lgili Davada Yeni Geli\u015fme: S\u00fcr\u00fcc\u00fc &#8220;Olas\u0131 Kastla \u00d6ld\u00fcrme&#8221; Su\u00e7undan A\u011f\u0131r Cezada Yarg\u0131lanacak"},"content":{"rendered":"\n<p class=\"wp-block-paragraph\"><strong>Giresun&#8217;un G\u00f6rele il\u00e7esinde 16 ya\u015f\u0131ndaki Tuana Elif G\u00fcl\u00fc\u015fan Torun&#8217;un ya\u015fam\u0131n\u0131 yitirdi\u011fi trafik kazas\u0131na ili\u015fkin soru\u015fturma tamamland\u0131.<\/strong> Giresun Cumhuriyet Ba\u015fsavc\u0131l\u0131\u011f\u0131, olay\u0131 basit bir trafik kazas\u0131 olarak de\u011ferlendirmeyerek s\u00fcr\u00fcc\u00fc <strong>Adem Hasba\u015f<\/strong> hakk\u0131nda <strong>&#8220;olas\u0131 kastla \u00f6ld\u00fcrme&#8221;<\/strong> su\u00e7undan kamu davas\u0131 a\u00e7t\u0131. \u015e\u00fcpheli, A\u011f\u0131r Ceza Mahkemesi&#8217;nde hakim kar\u015f\u0131s\u0131na \u00e7\u0131kacak.<\/p>\n\n\n\n<figure class=\"wp-block-image size-full\"><img loading=\"lazy\" decoding=\"async\" width=\"640\" height=\"481\" src=\"https:\/\/turkiyemhaber.com\/wp-content\/uploads\/2026\/07\/taciz-magduru-tuananin-oldugu-20011338-5462_1_m.webp\" alt=\"\" class=\"wp-image-3752\" srcset=\"https:\/\/turkiyemhaber.com\/wp-content\/uploads\/2026\/07\/taciz-magduru-tuananin-oldugu-20011338-5462_1_m.webp 640w, https:\/\/turkiyemhaber.com\/wp-content\/uploads\/2026\/07\/taciz-magduru-tuananin-oldugu-20011338-5462_1_m-300x225.webp 300w, https:\/\/turkiyemhaber.com\/wp-content\/uploads\/2026\/07\/taciz-magduru-tuananin-oldugu-20011338-5462_1_m-16x12.webp 16w, https:\/\/turkiyemhaber.com\/wp-content\/uploads\/2026\/07\/taciz-magduru-tuananin-oldugu-20011338-5462_1_m-320x240.webp 320w\" sizes=\"auto, (max-width: 640px) 100vw, 640px\" \/><\/figure>\n\n\n\n<h2 class=\"wp-block-heading\">\u0130ddianame Haz\u0131rland\u0131<\/h2>\n\n\n\n<p class=\"wp-block-paragraph\">28 Mart 2026 tarihinde meydana gelen ve 16 ya\u015f\u0131ndaki Tuana Elif G\u00fcl\u00fc\u015fan Torun&#8217;un hayat\u0131n\u0131 kaybetmesiyle sonu\u00e7lanan kazaya ili\u015fkin haz\u0131rlanan iddianame, <strong>Giresun 3. A\u011f\u0131r Ceza Mahkemesi&#8217;ne<\/strong> g\u00f6nderildi.<\/p>\n\n\n\n<p class=\"wp-block-paragraph\">Cumhuriyet Ba\u015fsavc\u0131l\u0131\u011f\u0131, T\u00fcrk Ceza Kanunu&#8217;nun 81\/1 ve 21\/2. maddeleri kapsam\u0131nda \u015f\u00fcpheli Adem Hasba\u015f&#8217;\u0131n <strong>&#8220;olas\u0131 kastla \u00f6ld\u00fcrme&#8221;<\/strong> su\u00e7undan yarg\u0131lanmas\u0131n\u0131 talep etti.<\/p>\n\n\n\n<figure class=\"wp-block-image size-full\"><img loading=\"lazy\" decoding=\"async\" width=\"640\" height=\"339\" src=\"https:\/\/turkiyemhaber.com\/wp-content\/uploads\/2026\/07\/taciz-magduru-tuananin-oldugu-20011338-9174_1_m.webp\" alt=\"\" class=\"wp-image-3753\" srcset=\"https:\/\/turkiyemhaber.com\/wp-content\/uploads\/2026\/07\/taciz-magduru-tuananin-oldugu-20011338-9174_1_m.webp 640w, https:\/\/turkiyemhaber.com\/wp-content\/uploads\/2026\/07\/taciz-magduru-tuananin-oldugu-20011338-9174_1_m-300x159.webp 300w, https:\/\/turkiyemhaber.com\/wp-content\/uploads\/2026\/07\/taciz-magduru-tuananin-oldugu-20011338-9174_1_m-18x10.webp 18w\" sizes=\"auto, (max-width: 640px) 100vw, 640px\" \/><\/figure>\n\n\n\n<h2 class=\"wp-block-heading\">Savc\u0131l\u0131k: &#8220;Basit Bir Trafik Kazas\u0131 De\u011fil&#8221;<\/h2>\n\n\n\n<p class=\"wp-block-paragraph\">\u0130ddianamede, Tuana Elif Torun&#8217;un bilin\u00e7li olarak takip edildi\u011fine veya olay\u0131n planl\u0131 \u015fekilde ger\u00e7ekle\u015ftirildi\u011fine ili\u015fkin herhangi bir delile ula\u015f\u0131lamad\u0131\u011f\u0131 belirtildi.<\/p>\n\n\n\n<p class=\"wp-block-paragraph\">Ancak savc\u0131l\u0131k;<\/p>\n\n\n\n<ul class=\"wp-block-list\">\n<li>\u015e\u00fcphelinin <strong>1,97 promil alkoll\u00fc<\/strong> olmas\u0131,<\/li>\n\n\n\n<li>A\u015f\u0131r\u0131 h\u0131z yapmas\u0131,<\/li>\n\n\n\n<li>T\u00fcm riskleri bilmesine ra\u011fmen direksiyon ba\u015f\u0131na ge\u00e7mesi,<\/li>\n\n\n\n<li>Kazadan sonra olay yerini terk etmesi,<\/li>\n\n\n\n<li>\u00c7arpma noktas\u0131ndan sonra fren yapmas\u0131,<\/li>\n<\/ul>\n\n\n\n<p class=\"wp-block-paragraph\">gibi unsurlar\u0131n birlikte de\u011ferlendirilmesi sonucu olay\u0131n <strong>taksirle \u00f6ld\u00fcrme de\u011fil, olas\u0131 kast kapsam\u0131nda<\/strong> de\u011ferlendirilmesi gerekti\u011fi kanaatine vard\u0131.<\/p>\n\n\n\n<figure class=\"wp-block-image size-full\"><img loading=\"lazy\" decoding=\"async\" width=\"640\" height=\"408\" src=\"https:\/\/turkiyemhaber.com\/wp-content\/uploads\/2026\/07\/taciz-magduru-tuananin-oldugu-20011338-4474_1_m.jpg\" alt=\"\" class=\"wp-image-3754\" srcset=\"https:\/\/turkiyemhaber.com\/wp-content\/uploads\/2026\/07\/taciz-magduru-tuananin-oldugu-20011338-4474_1_m.jpg 640w, https:\/\/turkiyemhaber.com\/wp-content\/uploads\/2026\/07\/taciz-magduru-tuananin-oldugu-20011338-4474_1_m-300x191.jpg 300w, https:\/\/turkiyemhaber.com\/wp-content\/uploads\/2026\/07\/taciz-magduru-tuananin-oldugu-20011338-4474_1_m-18x12.jpg 18w\" sizes=\"auto, (max-width: 640px) 100vw, 640px\" \/><\/figure>\n\n\n\n<h2 class=\"wp-block-heading\">Ara\u00e7ta \u00c7ok Say\u0131da Alkol \u015ei\u015fesi Bulundu<\/h2>\n\n\n\n<p class=\"wp-block-paragraph\">Olay yeri inceleme ekiplerinin haz\u0131rlad\u0131\u011f\u0131 raporda, kazaya kar\u0131\u015fan ara\u00e7ta \u00e7ok say\u0131da alkoll\u00fc i\u00e7ki bulundu\u011fu belirtildi.<\/p>\n\n\n\n<p class=\"wp-block-paragraph\">Ara\u00e7ta;<\/p>\n\n\n\n<ul class=\"wp-block-list\">\n<li>Yar\u0131m b\u0131rak\u0131lm\u0131\u015f alkoll\u00fc i\u00e7ki,<\/li>\n\n\n\n<li>Dolu bira kutular\u0131,<\/li>\n\n\n\n<li>A\u00e7\u0131lmam\u0131\u015f bira \u015fi\u015feleri<\/li>\n<\/ul>\n\n\n\n<p class=\"wp-block-paragraph\">tespit edildi.<\/p>\n\n\n\n<p class=\"wp-block-paragraph\">\u0130ncelemede ayr\u0131ca arac\u0131n \u00e7arpma noktas\u0131ndan <strong>34 metre sonra fren yapt\u0131\u011f\u0131<\/strong>, ciddi hasar ald\u0131\u011f\u0131 ve olay yerinde terk edildi\u011fi kaydedildi.<\/p>\n\n\n\n<h2 class=\"wp-block-heading\">Kamera G\u00f6r\u00fcnt\u00fcleri \u0130ncelendi<\/h2>\n\n\n\n<p class=\"wp-block-paragraph\">Soru\u015fturma kapsam\u0131nda g\u00fcvenlik kameralar\u0131 saniye saniye incelendi.<\/p>\n\n\n\n<p class=\"wp-block-paragraph\">Buna g\u00f6re;<\/p>\n\n\n\n<ul class=\"wp-block-list\">\n<li>Tuana Elif Torun&#8217;un evinden tek ba\u015f\u0131na \u00e7\u0131kt\u0131\u011f\u0131,<\/li>\n\n\n\n<li>Sahil yolunda kar\u015f\u0131ya ge\u00e7meye \u00e7al\u0131\u015ft\u0131\u011f\u0131,<\/li>\n\n\n\n<li>Adem Hasba\u015f&#8217;\u0131n kulland\u0131\u011f\u0131 arac\u0131n saat <strong>22.18&#8217;de<\/strong> gen\u00e7 k\u0131za \u00e7arpt\u0131\u011f\u0131<\/li>\n<\/ul>\n\n\n\n<p class=\"wp-block-paragraph\">tespit edildi.<\/p>\n\n\n\n<h2 class=\"wp-block-heading\">Tan\u0131k: &#8220;140-150 Kilometre H\u0131zla Gidiyordu&#8221;<\/h2>\n\n\n\n<p class=\"wp-block-paragraph\">\u0130ddianamede yer verilen tan\u0131k ifadeleri de dikkat \u00e7ekti.<\/p>\n\n\n\n<p class=\"wp-block-paragraph\">\u015e\u00fcpheliyle olay g\u00fcn\u00fc birlikte oldu\u011fu belirtilen Mehmet Ali Emanet, Adem Hasba\u015f&#8217;\u0131n alkoll\u00fc oldu\u011funu ve arac\u0131 <strong>140-150 kilometre h\u0131zla<\/strong> kulland\u0131\u011f\u0131n\u0131 s\u00f6yledi.<\/p>\n\n\n\n<p class=\"wp-block-paragraph\">Tan\u0131k, a\u015f\u0131r\u0131 h\u0131z nedeniyle korktu\u011funu belirterek ara\u00e7tan indi\u011fini ifade etti.<\/p>\n\n\n\n<p class=\"wp-block-paragraph\">Dosyaya giren telefon g\u00f6r\u00fc\u015fmelerinde ise Adem Hasba\u015f&#8217;\u0131n, &#8220;Bir k\u0131za \u00e7arpt\u0131m, korkuyorum.&#8221; dedi\u011fi kaydedildi.<\/p>\n\n\n\n<h2 class=\"wp-block-heading\">&#8220;Arac\u0131 Ben Kullanay\u0131m&#8221; Teklifini Reddetti<\/h2>\n\n\n\n<p class=\"wp-block-paragraph\">Ara\u00e7ta bulunan Yusuf Hasba\u015f da ifadesinde, Adem Hasba\u015f&#8217;\u0131n alkoll\u00fc oldu\u011funu bildi\u011fini ve direksiyona ge\u00e7mek istedi\u011fini s\u00f6yledi.<\/p>\n\n\n\n<p class=\"wp-block-paragraph\">Ancak Adem Hasba\u015f&#8217;\u0131n bu teklifi kabul etmedi\u011fi, buna ra\u011fmen ara\u00e7 kullanmaya devam etti\u011fi belirtildi.<\/p>\n\n\n\n<p class=\"wp-block-paragraph\">Savc\u0131l\u0131k, bu durumu da \u015f\u00fcphelinin meydana gelebilecek a\u011f\u0131r sonucu \u00f6ng\u00f6rmesine ra\u011fmen eylemini s\u00fcrd\u00fcrd\u00fc\u011f\u00fcn\u00fcn \u00f6nemli delillerinden biri olarak de\u011ferlendirdi.<\/p>\n\n\n\n<h2 class=\"wp-block-heading\">Adli T\u0131p Raporu<\/h2>\n\n\n\n<p class=\"wp-block-paragraph\">Adli T\u0131p Kurumu raporunda, Tuana Elif G\u00fcl\u00fc\u015fan Torun&#8217;un;<\/p>\n\n\n\n<ul class=\"wp-block-list\">\n<li>Genel beden travmas\u0131,<\/li>\n\n\n\n<li>Boyun omurlar\u0131 k\u0131r\u0131klar\u0131,<\/li>\n\n\n\n<li>Kaburga ve ekstremite k\u0131r\u0131klar\u0131,<\/li>\n\n\n\n<li>Beyin kanamas\u0131 ve beyin doku hasar\u0131<\/li>\n<\/ul>\n\n\n\n<p class=\"wp-block-paragraph\">nedeniyle ya\u015fam\u0131n\u0131 yitirdi\u011fi belirtildi.<\/p>\n\n\n\n<figure class=\"wp-block-image size-full\"><img loading=\"lazy\" decoding=\"async\" width=\"735\" height=\"490\" src=\"https:\/\/turkiyemhaber.com\/wp-content\/uploads\/2026\/07\/taciz-magduru-tuananin-oldugu-kazada-olasi-kast-vurgusu_20011338_91.jpg\" alt=\"\" class=\"wp-image-3755\" srcset=\"https:\/\/turkiyemhaber.com\/wp-content\/uploads\/2026\/07\/taciz-magduru-tuananin-oldugu-kazada-olasi-kast-vurgusu_20011338_91.jpg 735w, https:\/\/turkiyemhaber.com\/wp-content\/uploads\/2026\/07\/taciz-magduru-tuananin-oldugu-kazada-olasi-kast-vurgusu_20011338_91-300x200.jpg 300w, https:\/\/turkiyemhaber.com\/wp-content\/uploads\/2026\/07\/taciz-magduru-tuananin-oldugu-kazada-olasi-kast-vurgusu_20011338_91-18x12.jpg 18w\" sizes=\"auto, (max-width: 735px) 100vw, 735px\" \/><\/figure>\n\n\n\n<h2 class=\"wp-block-heading\">Tutuklulu\u011fu Devam Ediyor<\/h2>\n\n\n\n<p class=\"wp-block-paragraph\">\u0130ddianamede, \u015f\u00fcphelinin toplumda olu\u015fan infial ve su\u00e7un i\u015fleni\u015f \u015fekli dikkate al\u0131narak <strong>takdiri indirim h\u00fck\u00fcmlerinin uygulanmamas\u0131<\/strong> talep edildi.<\/p>\n\n\n\n<p class=\"wp-block-paragraph\">Tutuklu bulunan Adem Hasba\u015f&#8217;\u0131n yarg\u0131lanmas\u0131na, Giresun 3. A\u011f\u0131r Ceza Mahkemesi&#8217;nin iddianameyi kabul etmesinin ard\u0131ndan ba\u015flanmas\u0131 bekleniyor.<\/p>\n","protected":false},"excerpt":{"rendered":"<p>Giresun&#8217;un G\u00f6rele il\u00e7esinde 16 ya\u015f\u0131ndaki Tuana Elif G\u00fcl\u00fc\u015fan Torun&#8217;un ya\u015fam\u0131n\u0131 yitirdi\u011fi trafik kazas\u0131na ili\u015fkin soru\u015fturma<\/p>\n","protected":false},"author":1,"featured_media":3751,"comment_status":"open","ping_status":"open","sticky":false,"template":"","format":"standard","meta":{"_rtcl_gb_attr":"","footnotes":""},"categories":[1],"tags":[],"class_list":["post-3750","post","type-post","status-publish","format-standard","has-post-thumbnail","hentry","category-http-turkiyemhaber-com-wp-content-uploads-2026-03-saray-59-haber-13-mart-pdf"],"_links":{"self":[{"href":"https:\/\/turkiyemhaber.com\/index.php?rest_route=\/wp\/v2\/posts\/3750","targetHints":{"allow":["GET"]}}],"collection":[{"href":"https:\/\/turkiyemhaber.com\/index.php?rest_route=\/wp\/v2\/posts"}],"about":[{"href":"https:\/\/turkiyemhaber.com\/index.php?rest_route=\/wp\/v2\/types\/post"}],"author":[{"embeddable":true,"href":"https:\/\/turkiyemhaber.com\/index.php?rest_route=\/wp\/v2\/users\/1"}],"replies":[{"embeddable":true,"href":"https:\/\/turkiyemhaber.com\/index.php?rest_route=%2Fwp%2Fv2%2Fcomments&post=3750"}],"version-history":[{"count":1,"href":"https:\/\/turkiyemhaber.com\/index.php?rest_route=\/wp\/v2\/posts\/3750\/revisions"}],"predecessor-version":[{"id":3756,"href":"https:\/\/turkiyemhaber.com\/index.php?rest_route=\/wp\/v2\/posts\/3750\/revisions\/3756"}],"wp:featuredmedia":[{"embeddable":true,"href":"https:\/\/turkiyemhaber.com\/index.php?rest_route=\/wp\/v2\/media\/3751"}],"wp:attachment":[{"href":"https:\/\/turkiyemhaber.com\/index.php?rest_route=%2Fwp%2Fv2%2Fmedia&parent=3750"}],"wp:term":[{"taxonomy":"category","embeddable":true,"href":"https:\/\/turkiyemhaber.com\/index.php?rest_route=%2Fwp%2Fv2%2Fcategories&post=3750"},{"taxonomy":"post_tag","embeddable":true,"href":"https:\/\/turkiyemhaber.com\/index.php?rest_route=%2Fwp%2Fv2%2Ftags&post=3750"}],"curies":[{"name":"wp","href":"https:\/\/api.w.org\/{rel}","templated":true}]}}