{"id":3747,"date":"2026-07-02T17:48:15","date_gmt":"2026-07-02T17:48:15","guid":{"rendered":"https:\/\/turkiyemhaber.com\/?p=3747"},"modified":"2026-07-02T17:48:18","modified_gmt":"2026-07-02T17:48:18","slug":"sile-belediyesi-sorusturmasinda-13-tutuklama-haluk-leventin-kardesi-berkant-acil-de-cezaevine-gonderildi","status":"publish","type":"post","link":"https:\/\/turkiyemhaber.com\/?p=3747","title":{"rendered":"\u015eile Belediyesi Soru\u015fturmas\u0131nda 13 Tutuklama! Haluk Levent&#8217;in Karde\u015fi Berkant Acil de Cezaevine G\u00f6nderildi"},"content":{"rendered":"\n<p class=\"wp-block-paragraph\"><strong>\u015eile Belediyesi&#8217;ne y\u00f6nelik y\u00fcr\u00fct\u00fclen yolsuzluk soru\u015fturmas\u0131nda \u00fc\u00e7\u00fcnc\u00fc dalga operasyonun ard\u0131ndan \u00f6nemli bir geli\u015fme ya\u015fand\u0131.<\/strong> G\u00f6zalt\u0131na al\u0131nan 17 \u015f\u00fcpheliden 13&#8217;\u00fc tutuklan\u0131rken, tutuklanan isimler aras\u0131nda sanat\u00e7\u0131 <strong>Haluk Levent&#8217;in karde\u015fi Berkant Acil<\/strong> de yer ald\u0131.<\/p>\n\n\n\n<h2 class=\"wp-block-heading\">\u00dc\u00e7\u00fcnc\u00fc Dalga Operasyonda Yeni G\u00f6zalt\u0131lar<\/h2>\n\n\n\n<p class=\"wp-block-paragraph\">\u0130stanbul Anadolu Cumhuriyet Ba\u015fsavc\u0131l\u0131\u011f\u0131 taraf\u0131ndan y\u00fcr\u00fct\u00fclen soru\u015fturma kapsam\u0131nda, \u015eile Belediye Ba\u015fkan\u0131 <strong>\u00d6zg\u00fcr Kabaday\u0131&#8217;n\u0131n<\/strong> y\u00f6neticili\u011fini yapt\u0131\u011f\u0131 iddia edilen \u00e7\u0131kar ama\u00e7l\u0131 su\u00e7 \u00f6rg\u00fct\u00fcne y\u00f6nelik \u00e7al\u0131\u015fmalar geni\u015fletildi.<\/p>\n\n\n\n<p class=\"wp-block-paragraph\">Soru\u015fturma kapsam\u0131nda; etkin pi\u015fmanl\u0131k ifadeleri, tan\u0131k beyanlar\u0131, ele ge\u00e7irilen belgeler, HTS kay\u0131tlar\u0131, telefon incelemeleri ve mali hesap hareketlerinin de\u011ferlendirilmesi sonucunda 6 farkl\u0131 yeni su\u00e7 eylemine ula\u015f\u0131ld\u0131\u011f\u0131 belirtildi.<\/p>\n\n\n\n<p class=\"wp-block-paragraph\">Bunun \u00fczerine <strong>26 Haziran&#8217;da \u0130stanbul ve \u0130zmir&#8217;de 21 adrese e\u015f zamanl\u0131 operasyon<\/strong> d\u00fczenlendi.<\/p>\n\n\n\n<h2 class=\"wp-block-heading\">13 \u015e\u00fcpheli Tutukland\u0131<\/h2>\n\n\n\n<p class=\"wp-block-paragraph\">Operasyon kapsam\u0131nda haklar\u0131nda g\u00f6zalt\u0131 karar\u0131 bulunan 18 \u015f\u00fcpheliden 17&#8217;si ilk operasyonda yakalan\u0131rken, firari durumda bulunan bir \u015f\u00fcpheli de daha sonra g\u00f6zalt\u0131na al\u0131nd\u0131.<\/p>\n\n\n\n<p class=\"wp-block-paragraph\">Savc\u0131l\u0131ktaki i\u015flemlerinin ard\u0131ndan n\u00f6bet\u00e7i sulh ceza hakimli\u011fine sevk edilen \u015f\u00fcphelilerden;<\/p>\n\n\n\n<ul class=\"wp-block-list\">\n<li><strong>13 ki\u015fi tutukland\u0131.<\/strong><\/li>\n\n\n\n<li><strong>4 ki\u015fi ise adli kontrol \u015fart\u0131yla serbest b\u0131rak\u0131ld\u0131.<\/strong><\/li>\n<\/ul>\n\n\n\n<p class=\"wp-block-paragraph\">Tutuklamalar\u0131n; <strong>&#8220;Su\u00e7 i\u015flemek amac\u0131yla \u00f6rg\u00fct kurma ve \u00fcye olma&#8221;, &#8220;r\u00fc\u015fvet&#8221;, &#8220;irtikap&#8221; ve &#8220;ihaleye fesat kar\u0131\u015ft\u0131rma&#8221;<\/strong> su\u00e7lamalar\u0131 kapsam\u0131nda ger\u00e7ekle\u015ftirildi\u011fi \u00f6\u011frenildi.<\/p>\n\n\n\n<h2 class=\"wp-block-heading\">Berkant Acil de Cezaevine G\u00f6nderildi<\/h2>\n\n\n\n<p class=\"wp-block-paragraph\">Edinilen bilgilere g\u00f6re tutuklanan isimler aras\u0131nda, \u015fark\u0131c\u0131 <strong>Haluk Levent&#8217;in karde\u015fi Berkant Acil<\/strong> de bulunuyor.<\/p>\n\n\n\n<p class=\"wp-block-paragraph\">Hakimlik karar\u0131yla tutuklanan Acil, i\u015flemlerinin tamamlanmas\u0131n\u0131n ard\u0131ndan cezaevine g\u00f6nderildi.<\/p>\n\n\n\n<h2 class=\"wp-block-heading\">Soru\u015fturma S\u00fcr\u00fcyor<\/h2>\n\n\n\n<p class=\"wp-block-paragraph\">\u015eile Belediyesi&#8217;ne y\u00f6nelik y\u00fcr\u00fct\u00fclen soru\u015fturman\u0131n devam etti\u011fi, savc\u0131l\u0131\u011f\u0131n yeni deliller ve mali incelemeler do\u011frultusunda dosya kapsam\u0131n\u0131 geni\u015fletti\u011fi \u00f6\u011frenildi.<\/p>\n\n\n\n<p class=\"wp-block-paragraph\">Yetkililer, soru\u015fturman\u0131n t\u00fcm y\u00f6nleriyle s\u00fcrd\u00fcr\u00fcld\u00fc\u011f\u00fcn\u00fc ve yeni geli\u015fmelerin kamuoyuyla payla\u015f\u0131laca\u011f\u0131n\u0131 belirtti.<\/p>\n","protected":false},"excerpt":{"rendered":"<p>\u015eile Belediyesi&#8217;ne y\u00f6nelik y\u00fcr\u00fct\u00fclen yolsuzluk soru\u015fturmas\u0131nda \u00fc\u00e7\u00fcnc\u00fc dalga operasyonun ard\u0131ndan \u00f6nemli bir geli\u015fme ya\u015fand\u0131. G\u00f6zalt\u0131na<\/p>\n","protected":false},"author":1,"featured_media":3748,"comment_status":"open","ping_status":"open","sticky":false,"template":"","format":"standard","meta":{"_rtcl_gb_attr":"","footnotes":""},"categories":[1],"tags":[],"class_list":["post-3747","post","type-post","status-publish","format-standard","has-post-thumbnail","hentry","category-http-turkiyemhaber-com-wp-content-uploads-2026-03-saray-59-haber-13-mart-pdf"],"_links":{"self":[{"href":"https:\/\/turkiyemhaber.com\/index.php?rest_route=\/wp\/v2\/posts\/3747","targetHints":{"allow":["GET"]}}],"collection":[{"href":"https:\/\/turkiyemhaber.com\/index.php?rest_route=\/wp\/v2\/posts"}],"about":[{"href":"https:\/\/turkiyemhaber.com\/index.php?rest_route=\/wp\/v2\/types\/post"}],"author":[{"embeddable":true,"href":"https:\/\/turkiyemhaber.com\/index.php?rest_route=\/wp\/v2\/users\/1"}],"replies":[{"embeddable":true,"href":"https:\/\/turkiyemhaber.com\/index.php?rest_route=%2Fwp%2Fv2%2Fcomments&post=3747"}],"version-history":[{"count":1,"href":"https:\/\/turkiyemhaber.com\/index.php?rest_route=\/wp\/v2\/posts\/3747\/revisions"}],"predecessor-version":[{"id":3749,"href":"https:\/\/turkiyemhaber.com\/index.php?rest_route=\/wp\/v2\/posts\/3747\/revisions\/3749"}],"wp:featuredmedia":[{"embeddable":true,"href":"https:\/\/turkiyemhaber.com\/index.php?rest_route=\/wp\/v2\/media\/3748"}],"wp:attachment":[{"href":"https:\/\/turkiyemhaber.com\/index.php?rest_route=%2Fwp%2Fv2%2Fmedia&parent=3747"}],"wp:term":[{"taxonomy":"category","embeddable":true,"href":"https:\/\/turkiyemhaber.com\/index.php?rest_route=%2Fwp%2Fv2%2Fcategories&post=3747"},{"taxonomy":"post_tag","embeddable":true,"href":"https:\/\/turkiyemhaber.com\/index.php?rest_route=%2Fwp%2Fv2%2Ftags&post=3747"}],"curies":[{"name":"wp","href":"https:\/\/api.w.org\/{rel}","templated":true}]}}