{"id":3740,"date":"2026-07-02T17:36:29","date_gmt":"2026-07-02T17:36:29","guid":{"rendered":"https:\/\/turkiyemhaber.com\/?p=3740"},"modified":"2026-07-02T17:36:33","modified_gmt":"2026-07-02T17:36:33","slug":"berguzar-korelin-fit-gorunumu-gundem-oldu-20-kilo-verdikten-sonra-mayolu-pozlarini-paylasti","status":"publish","type":"post","link":"https:\/\/turkiyemhaber.com\/?p=3740","title":{"rendered":"Berg\u00fczar Korel&#8217;in Fit G\u00f6r\u00fcn\u00fcm\u00fc G\u00fcndem Oldu! 20 Kilo Verdikten Sonra Mayolu Pozlar\u0131n\u0131 Payla\u015ft\u0131"},"content":{"rendered":"\n<p class=\"wp-block-paragraph\"><strong>Ba\u015far\u0131l\u0131 oyuncu Berg\u00fczar Korel<\/strong>, pe\u015f pe\u015fe yapt\u0131\u011f\u0131 do\u011fumlar\u0131n ard\u0131ndan verdi\u011fi <strong>20 kiloyla<\/strong> dikkat \u00e7ekmeye devam ediyor. Sosyal medya hesab\u0131ndan payla\u015ft\u0131\u011f\u0131 mayolu karelerle g\u00fcndeme gelen Korel, hem fit g\u00f6r\u00fcnt\u00fcs\u00fc hem de esprili payla\u015f\u0131m\u0131yla takip\u00e7ilerinden tam not ald\u0131.<\/p>\n\n\n\n<figure class=\"wp-block-image size-full\"><img loading=\"lazy\" decoding=\"async\" width=\"640\" height=\"853\" src=\"https:\/\/turkiyemhaber.com\/wp-content\/uploads\/2026\/07\/20-kilo-veren-berguzar-korelde-87184299-4283_1_m.webp\" alt=\"\" class=\"wp-image-3742\" srcset=\"https:\/\/turkiyemhaber.com\/wp-content\/uploads\/2026\/07\/20-kilo-veren-berguzar-korelde-87184299-4283_1_m.webp 640w, https:\/\/turkiyemhaber.com\/wp-content\/uploads\/2026\/07\/20-kilo-veren-berguzar-korelde-87184299-4283_1_m-225x300.webp 225w, https:\/\/turkiyemhaber.com\/wp-content\/uploads\/2026\/07\/20-kilo-veren-berguzar-korelde-87184299-4283_1_m-9x12.webp 9w\" sizes=\"auto, (max-width: 640px) 100vw, 640px\" \/><\/figure>\n\n\n\n<h2 class=\"wp-block-heading\">20 Kiloluk De\u011fi\u015fimi Dikkat \u00c7ekti<\/h2>\n\n\n\n<p class=\"wp-block-paragraph\">2009 y\u0131l\u0131nda oyuncu <strong>Halit Ergen\u00e7<\/strong> ile evlenen Berg\u00fczar Korel, 2010 y\u0131l\u0131nda <strong>Ali<\/strong>, 2020 y\u0131l\u0131nda <strong>Han<\/strong> ve 2021 y\u0131l\u0131nda <strong>Leyla<\/strong> isimli \u00e7ocuklar\u0131n\u0131 d\u00fcnyaya getirmi\u015fti.<\/p>\n\n\n\n<p class=\"wp-block-paragraph\">\u00dc\u00e7\u00fcnc\u00fc do\u011fumunun ard\u0131ndan sa\u011fl\u0131kl\u0131 beslenme ve d\u00fczenli sporla yakla\u015f\u0131k <strong>20 kilo veren<\/strong> \u00fcnl\u00fc oyuncu, son d\u00f6nemdeki de\u011fi\u015fimiyle magazin g\u00fcndeminde s\u0131k\u00e7a yer al\u0131yor.<\/p>\n\n\n\n<p class=\"wp-block-paragraph\">Daha \u00f6nce hakk\u0131nda ortaya at\u0131lan <strong>zay\u0131flama i\u011fnesi kulland\u0131\u011f\u0131<\/strong> y\u00f6n\u00fcndeki iddialar\u0131 da yalanlayan Korel, kilosunu do\u011fal y\u00f6ntemlerle verdi\u011fini a\u00e7\u0131klam\u0131\u015ft\u0131.<\/p>\n\n\n\n<figure class=\"wp-block-image size-full\"><img loading=\"lazy\" decoding=\"async\" width=\"640\" height=\"853\" src=\"https:\/\/turkiyemhaber.com\/wp-content\/uploads\/2026\/07\/20-kilo-veren-berguzar-korelde-45977858-1836_1_m.webp\" alt=\"\" class=\"wp-image-3743\" srcset=\"https:\/\/turkiyemhaber.com\/wp-content\/uploads\/2026\/07\/20-kilo-veren-berguzar-korelde-45977858-1836_1_m.webp 640w, https:\/\/turkiyemhaber.com\/wp-content\/uploads\/2026\/07\/20-kilo-veren-berguzar-korelde-45977858-1836_1_m-225x300.webp 225w, https:\/\/turkiyemhaber.com\/wp-content\/uploads\/2026\/07\/20-kilo-veren-berguzar-korelde-45977858-1836_1_m-9x12.webp 9w\" sizes=\"auto, (max-width: 640px) 100vw, 640px\" \/><\/figure>\n\n\n\n<h2 class=\"wp-block-heading\">Mayolu Karelerine Be\u011feni Ya\u011fd\u0131<\/h2>\n\n\n\n<p class=\"wp-block-paragraph\">Sosyal medyay\u0131 aktif kullanan Berg\u00fczar Korel, son olarak mavi mayosuyla verdi\u011fi pozlar\u0131 takip\u00e7ileriyle payla\u015ft\u0131.<\/p>\n\n\n\n<p class=\"wp-block-paragraph\">Do\u011fal ve fit g\u00f6r\u00fcnt\u00fcs\u00fcyle dikkat \u00e7eken oyuncunun payla\u015f\u0131m\u0131 k\u0131sa s\u00fcrede binlerce be\u011feni ve yorum ald\u0131. Takip\u00e7ileri, Korel&#8217;in sa\u011fl\u0131kl\u0131 g\u00f6r\u00fcn\u00fcm\u00fcn\u00fc ve enerjisini \u00f6ven yorumlarda bulundu.<\/p>\n\n\n\n<h2 class=\"wp-block-heading\">Esprili Notu G\u00fcl\u00fcmsetti<\/h2>\n\n\n\n<p class=\"wp-block-paragraph\">Foto\u011fraf \u00e7ekimi s\u0131ras\u0131nda ya\u015fanan e\u011flenceli anlar\u0131 da payla\u015fan Korel, maky\u00f6z\u00fcne g\u00f6nderme yapt\u0131\u011f\u0131 notuyla takip\u00e7ilerini g\u00fcld\u00fcrd\u00fc.<\/p>\n\n\n\n<figure class=\"wp-block-image size-large\"><img loading=\"lazy\" decoding=\"async\" width=\"569\" height=\"1024\" src=\"https:\/\/turkiyemhaber.com\/wp-content\/uploads\/2026\/07\/20-kilo-veren-berguzar-korelde-68780954-1920_1_m-569x1024.webp\" alt=\"\" class=\"wp-image-3744\" srcset=\"https:\/\/turkiyemhaber.com\/wp-content\/uploads\/2026\/07\/20-kilo-veren-berguzar-korelde-68780954-1920_1_m-569x1024.webp 569w, https:\/\/turkiyemhaber.com\/wp-content\/uploads\/2026\/07\/20-kilo-veren-berguzar-korelde-68780954-1920_1_m-167x300.webp 167w, https:\/\/turkiyemhaber.com\/wp-content\/uploads\/2026\/07\/20-kilo-veren-berguzar-korelde-68780954-1920_1_m-7x12.webp 7w, https:\/\/turkiyemhaber.com\/wp-content\/uploads\/2026\/07\/20-kilo-veren-berguzar-korelde-68780954-1920_1_m.webp 640w\" sizes=\"auto, (max-width: 569px) 100vw, 569px\" \/><\/figure>\n\n\n\n<p class=\"wp-block-paragraph\">\u00dcnl\u00fc oyuncu payla\u015f\u0131m\u0131na \u015fu ifadeleri ekledi:<\/p>\n\n\n\n<blockquote class=\"wp-block-quote is-layout-flow wp-block-quote-is-layout-flow\">\n<p class=\"wp-block-paragraph\">&#8220;Hido: Berg\u00fczar Han\u0131mc\u0131\u011f\u0131m d\u00fczg\u00fcn durur musunuz, \u0131\u015f\u0131k \u00e7ok g\u00fczel, Berg\u00fczar Han\u0131mc\u0131\u011f\u0131m biraz cool olal\u0131m, Berg\u00fczar Han\u0131mc\u0131\u011f\u0131m o benim sevdi\u011fim bak\u0131\u015f\u0131 yapar m\u0131s\u0131n\u0131z, Berg\u00fczar Han\u0131mc\u0131\u011f\u0131m durur musunuz, Berg\u00fczar Han\u0131mc\u0131\u011f\u0131m&#8230;&#8221;<\/p>\n<\/blockquote>\n\n\n\n<figure class=\"wp-block-image size-large\"><img loading=\"lazy\" decoding=\"async\" width=\"569\" height=\"1024\" src=\"https:\/\/turkiyemhaber.com\/wp-content\/uploads\/2026\/07\/20-kilo-veren-berguzar-korelde-68780954-1920_1_m-1-569x1024.webp\" alt=\"\" class=\"wp-image-3745\" srcset=\"https:\/\/turkiyemhaber.com\/wp-content\/uploads\/2026\/07\/20-kilo-veren-berguzar-korelde-68780954-1920_1_m-1-569x1024.webp 569w, https:\/\/turkiyemhaber.com\/wp-content\/uploads\/2026\/07\/20-kilo-veren-berguzar-korelde-68780954-1920_1_m-1-167x300.webp 167w, https:\/\/turkiyemhaber.com\/wp-content\/uploads\/2026\/07\/20-kilo-veren-berguzar-korelde-68780954-1920_1_m-1-7x12.webp 7w, https:\/\/turkiyemhaber.com\/wp-content\/uploads\/2026\/07\/20-kilo-veren-berguzar-korelde-68780954-1920_1_m-1.webp 640w\" sizes=\"auto, (max-width: 569px) 100vw, 569px\" \/><\/figure>\n\n\n\n<p class=\"wp-block-paragraph\">Samimi payla\u015f\u0131m, k\u0131sa s\u00fcrede sosyal medyada b\u00fcy\u00fck ilgi g\u00f6r\u00fcrken, hayranlar\u0131 hem esprili anlat\u0131m\u0131 hem de yeni g\u00f6r\u00fcn\u00fcm\u00fc i\u00e7in oyuncuya \u00e7ok say\u0131da olumlu yorum yapt\u0131.<\/p>\n\n\n\n<h2 class=\"wp-block-heading\">Takip\u00e7ilerinden Tam Not<\/h2>\n\n\n\n<p class=\"wp-block-paragraph\">Fit g\u00f6r\u00fcnt\u00fcs\u00fcyle dikkat \u00e7eken Berg\u00fczar Korel&#8217;in payla\u015f\u0131m\u0131, magazin g\u00fcndeminde geni\u015f yank\u0131 uyand\u0131rd\u0131. Takip\u00e7ileri, oyuncunun sa\u011fl\u0131kl\u0131 ya\u015fam tarz\u0131n\u0131 \u00f6rnek g\u00f6sterirken, do\u011fal g\u00fczelli\u011fi ve enerjisinin de dikkat \u00e7ekici oldu\u011funu belirten yorumlarda bulundu.<\/p>\n","protected":false},"excerpt":{"rendered":"<p>Ba\u015far\u0131l\u0131 oyuncu Berg\u00fczar Korel, pe\u015f pe\u015fe yapt\u0131\u011f\u0131 do\u011fumlar\u0131n ard\u0131ndan verdi\u011fi 20 kiloyla dikkat \u00e7ekmeye devam<\/p>\n","protected":false},"author":1,"featured_media":3741,"comment_status":"open","ping_status":"open","sticky":false,"template":"","format":"standard","meta":{"_rtcl_gb_attr":"","footnotes":""},"categories":[41],"tags":[],"class_list":["post-3740","post","type-post","status-publish","format-standard","has-post-thumbnail","hentry","category-magazin"],"_links":{"self":[{"href":"https:\/\/turkiyemhaber.com\/index.php?rest_route=\/wp\/v2\/posts\/3740","targetHints":{"allow":["GET"]}}],"collection":[{"href":"https:\/\/turkiyemhaber.com\/index.php?rest_route=\/wp\/v2\/posts"}],"about":[{"href":"https:\/\/turkiyemhaber.com\/index.php?rest_route=\/wp\/v2\/types\/post"}],"author":[{"embeddable":true,"href":"https:\/\/turkiyemhaber.com\/index.php?rest_route=\/wp\/v2\/users\/1"}],"replies":[{"embeddable":true,"href":"https:\/\/turkiyemhaber.com\/index.php?rest_route=%2Fwp%2Fv2%2Fcomments&post=3740"}],"version-history":[{"count":1,"href":"https:\/\/turkiyemhaber.com\/index.php?rest_route=\/wp\/v2\/posts\/3740\/revisions"}],"predecessor-version":[{"id":3746,"href":"https:\/\/turkiyemhaber.com\/index.php?rest_route=\/wp\/v2\/posts\/3740\/revisions\/3746"}],"wp:featuredmedia":[{"embeddable":true,"href":"https:\/\/turkiyemhaber.com\/index.php?rest_route=\/wp\/v2\/media\/3741"}],"wp:attachment":[{"href":"https:\/\/turkiyemhaber.com\/index.php?rest_route=%2Fwp%2Fv2%2Fmedia&parent=3740"}],"wp:term":[{"taxonomy":"category","embeddable":true,"href":"https:\/\/turkiyemhaber.com\/index.php?rest_route=%2Fwp%2Fv2%2Fcategories&post=3740"},{"taxonomy":"post_tag","embeddable":true,"href":"https:\/\/turkiyemhaber.com\/index.php?rest_route=%2Fwp%2Fv2%2Ftags&post=3740"}],"curies":[{"name":"wp","href":"https:\/\/api.w.org\/{rel}","templated":true}]}}