{"id":3737,"date":"2026-07-02T17:08:46","date_gmt":"2026-07-02T17:08:46","guid":{"rendered":"https:\/\/turkiyemhaber.com\/?p=3737"},"modified":"2026-07-02T17:08:50","modified_gmt":"2026-07-02T17:08:50","slug":"kanal-d-ana-haberde-bayrak-degisimi-deniz-bayramoglunun-gorevine-son-verildi","status":"publish","type":"post","link":"https:\/\/turkiyemhaber.com\/?p=3737","title":{"rendered":"Kanal D Ana Haber&#8217;de Bayrak De\u011fi\u015fimi: Deniz Bayramo\u011flu&#8217;nun G\u00f6revine Son Verildi"},"content":{"rendered":"\n<p class=\"wp-block-paragraph\"><strong>Kanal D Ana Haber B\u00fclteni&#8217;nde \u00f6nemli bir g\u00f6rev de\u011fi\u015fikli\u011fi ya\u015fand\u0131.<\/strong> May\u0131s 2020&#8217;den bu yana ana haber b\u00fcltenini sunan deneyimli gazeteci <strong>Deniz Bayramo\u011flu<\/strong> ile yollar ayr\u0131l\u0131rken, yerine <strong>Ayta\u00e7 Can<\/strong> getirildi.<\/p>\n\n\n\n<h2 class=\"wp-block-heading\">Kanal D&#8217;de Ana Haber Koltu\u011fu El De\u011fi\u015ftirdi<\/h2>\n\n\n\n<p class=\"wp-block-paragraph\">Demir\u00f6ren Medya Grubu b\u00fcnyesinde yay\u0131n yapan Kanal D&#8217;de uzun y\u0131llard\u0131r ana haber sunuculu\u011funu \u00fcstlenen Deniz Bayramo\u011flu&#8217;nun g\u00f6revine son verildi. Kanal y\u00f6netimi taraf\u0131ndan ayr\u0131l\u0131\u011f\u0131n gerek\u00e7esine ili\u015fkin resmi bir a\u00e7\u0131klama yap\u0131lmazken, kanal\u0131n sosyal medya hesaplar\u0131 \u00fczerinden yap\u0131lan duyuruda, ana haber b\u00fcltenini bundan sonra <strong>Ayta\u00e7 Can&#8217;\u0131n<\/strong> sunaca\u011f\u0131 bildirildi.<\/p>\n\n\n\n<p class=\"wp-block-paragraph\">Medya kulislerinde geni\u015f yank\u0131 uyand\u0131ran de\u011fi\u015fiklik, televizyon d\u00fcnyas\u0131nda g\u00fcn\u00fcn en dikkat \u00e7eken geli\u015fmeleri aras\u0131nda yer ald\u0131.<\/p>\n\n\n\n<h2 class=\"wp-block-heading\">Deniz Bayramo\u011flu&#8217;ndan Duygusal Veda<\/h2>\n\n\n\n<p class=\"wp-block-paragraph\">G\u00f6revinden ayr\u0131lmas\u0131n\u0131n ard\u0131ndan sosyal medya hesab\u0131ndan a\u00e7\u0131klama yapan Deniz Bayramo\u011flu, birlikte \u00e7al\u0131\u015ft\u0131\u011f\u0131 ekip arkada\u015flar\u0131na te\u015fekk\u00fcr ederek \u015fu ifadeleri kulland\u0131:<\/p>\n\n\n\n<blockquote class=\"wp-block-quote is-layout-flow wp-block-quote-is-layout-flow\">\n<p class=\"wp-block-paragraph\">&#8220;Her i\u015fin bir sonu var elbette. Nihayetinde mahkeme kad\u0131ya m\u00fclk de\u011fil. M\u00fchim olan kubbede ho\u015f bir sada b\u0131rakmak. Onu da umar\u0131m becerebilmi\u015fimdir. Olanda hay\u0131r vard\u0131r.&#8221;<\/p>\n<\/blockquote>\n\n\n\n<p class=\"wp-block-paragraph\">Bayramo\u011flu mesaj\u0131nda; haber merkezi \u00e7al\u0131\u015fanlar\u0131ndan teknik ekibe, kamera arkas\u0131ndaki t\u00fcm personele ve izleyicilere te\u015fekk\u00fcr etti.<\/p>\n\n\n\n<h2 class=\"wp-block-heading\">Deniz Bayramo\u011flu Kimdir?<\/h2>\n\n\n\n<p class=\"wp-block-paragraph\">1975 y\u0131l\u0131nda Malatya&#8217;da do\u011fan Deniz Bayramo\u011flu, gazetecilik kariyerine 1999 y\u0131l\u0131nda ba\u015flad\u0131. Meslek hayat\u0131 boyunca Yeni Biny\u0131l, Demokrasi, Sabah ve Yeni Y\u00fczy\u0131l gazetelerinde muhabir ve edit\u00f6r olarak g\u00f6rev yapt\u0131.<\/p>\n\n\n\n<p class=\"wp-block-paragraph\">Daha sonra CNN T\u00fcrk ekranlar\u0131nda ekonomi ve haber programlar\u0131 haz\u0131rlay\u0131p sunan Bayramo\u011flu, &#8220;\u0130\u015f Yeme\u011fi&#8221;, &#8220;12-14 G\u00fcncel&#8221; ve uzun y\u0131llar ekranlarda kalan &#8220;Parametre&#8221; programlar\u0131yla tan\u0131nd\u0131.<\/p>\n\n\n\n<p class=\"wp-block-paragraph\">11 May\u0131s 2020 tarihinde Kanal D Ana Haber B\u00fclteni&#8217;nin sunuculu\u011funu \u00fcstlenen Bayramo\u011flu, yakla\u015f\u0131k alt\u0131 y\u0131l boyunca kanal\u0131n ana haber y\u00fcz\u00fc olarak g\u00f6rev yapt\u0131.<\/p>\n\n\n\n<p class=\"wp-block-paragraph\">\u00d6zel ya\u015fam\u0131nda ise gazeteci ve televizyon sunucusu <strong>Ece \u00dcner<\/strong> ile evli olan Bayramo\u011flu, meslek hayat\u0131ndaki deneyimiyle T\u00fcrk televizyon habercili\u011finin tan\u0131nan isimleri aras\u0131nda yer al\u0131yor.<\/p>\n\n\n\n<h2 class=\"wp-block-heading\">Yeni D\u00f6nemde Ana Haber&#8217;i Ayta\u00e7 Can Sunacak<\/h2>\n\n\n\n<p class=\"wp-block-paragraph\">Kanal D y\u00f6netiminin ald\u0131\u011f\u0131 kararla birlikte ana haber b\u00fclteninde yeni d\u00f6nem resmen ba\u015flad\u0131. Kanal\u0131n 19.00 Ana Haber B\u00fclteni art\u0131k <strong>Ayta\u00e7 Can<\/strong> taraf\u0131ndan sunulacak.<\/p>\n\n\n\n<p class=\"wp-block-paragraph\">Deniz Bayramo\u011flu&#8217;nun ayr\u0131l\u0131\u015f nedeni hakk\u0131nda ise Kanal D y\u00f6netimi taraf\u0131ndan hen\u00fcz resmi bir a\u00e7\u0131klama yap\u0131lmad\u0131. Medya kulislerinde ya\u015fanan de\u011fi\u015fimin perde arkas\u0131na ili\u015fkin \u00e7e\u015fitli iddialar konu\u015fulurken, konuya ili\u015fkin yeni a\u00e7\u0131klamalar\u0131n \u00f6n\u00fcm\u00fczdeki g\u00fcnlerde netlik kazanmas\u0131 bekleniyor.<\/p>\n","protected":false},"excerpt":{"rendered":"<p>Kanal D Ana Haber B\u00fclteni&#8217;nde \u00f6nemli bir g\u00f6rev de\u011fi\u015fikli\u011fi ya\u015fand\u0131. May\u0131s 2020&#8217;den bu yana ana<\/p>\n","protected":false},"author":1,"featured_media":3738,"comment_status":"open","ping_status":"open","sticky":false,"template":"","format":"standard","meta":{"_rtcl_gb_attr":"","footnotes":""},"categories":[1],"tags":[],"class_list":["post-3737","post","type-post","status-publish","format-standard","has-post-thumbnail","hentry","category-http-turkiyemhaber-com-wp-content-uploads-2026-03-saray-59-haber-13-mart-pdf"],"_links":{"self":[{"href":"https:\/\/turkiyemhaber.com\/index.php?rest_route=\/wp\/v2\/posts\/3737","targetHints":{"allow":["GET"]}}],"collection":[{"href":"https:\/\/turkiyemhaber.com\/index.php?rest_route=\/wp\/v2\/posts"}],"about":[{"href":"https:\/\/turkiyemhaber.com\/index.php?rest_route=\/wp\/v2\/types\/post"}],"author":[{"embeddable":true,"href":"https:\/\/turkiyemhaber.com\/index.php?rest_route=\/wp\/v2\/users\/1"}],"replies":[{"embeddable":true,"href":"https:\/\/turkiyemhaber.com\/index.php?rest_route=%2Fwp%2Fv2%2Fcomments&post=3737"}],"version-history":[{"count":1,"href":"https:\/\/turkiyemhaber.com\/index.php?rest_route=\/wp\/v2\/posts\/3737\/revisions"}],"predecessor-version":[{"id":3739,"href":"https:\/\/turkiyemhaber.com\/index.php?rest_route=\/wp\/v2\/posts\/3737\/revisions\/3739"}],"wp:featuredmedia":[{"embeddable":true,"href":"https:\/\/turkiyemhaber.com\/index.php?rest_route=\/wp\/v2\/media\/3738"}],"wp:attachment":[{"href":"https:\/\/turkiyemhaber.com\/index.php?rest_route=%2Fwp%2Fv2%2Fmedia&parent=3737"}],"wp:term":[{"taxonomy":"category","embeddable":true,"href":"https:\/\/turkiyemhaber.com\/index.php?rest_route=%2Fwp%2Fv2%2Fcategories&post=3737"},{"taxonomy":"post_tag","embeddable":true,"href":"https:\/\/turkiyemhaber.com\/index.php?rest_route=%2Fwp%2Fv2%2Ftags&post=3737"}],"curies":[{"name":"wp","href":"https:\/\/api.w.org\/{rel}","templated":true}]}}