{"id":3726,"date":"2026-07-02T16:58:35","date_gmt":"2026-07-02T16:58:35","guid":{"rendered":"https:\/\/turkiyemhaber.com\/?p=3726"},"modified":"2026-07-02T16:58:39","modified_gmt":"2026-07-02T16:58:39","slug":"serenay-sarikayadan-tatil-pozlari-olay-oldu-atin-beni-denizlere-notu-dikkat-cekti","status":"publish","type":"post","link":"https:\/\/turkiyemhaber.com\/?p=3726","title":{"rendered":"Serenay Sar\u0131kaya&#8217;dan Tatil Pozlar\u0131 Olay Oldu! &#8220;At\u0131n Beni Denizlere&#8221; Notu Dikkat \u00c7ekti"},"content":{"rendered":"\n<p class=\"wp-block-paragraph\"><strong>Yo\u011fun ge\u00e7en sezonun ard\u0131ndan tatile \u00e7\u0131kan \u00fcnl\u00fc oyuncu Serenay Sar\u0131kaya, annesi \u00dcmran Seyhan ile birlikte ge\u00e7irdi\u011fi tatilden yeni karelerini takip\u00e7ileriyle payla\u015ft\u0131. \u00dcnl\u00fc oyuncunun bikinili pozlar\u0131 kadar, payla\u015f\u0131m\u0131na ekledi\u011fi Kayahan \u015fark\u0131s\u0131ndan al\u0131nt\u0131 da sosyal medyada ilgi g\u00f6rd\u00fc.<\/strong><\/p>\n\n\n\n<figure class=\"wp-block-image size-large\"><img loading=\"lazy\" decoding=\"async\" width=\"1024\" height=\"683\" src=\"https:\/\/turkiyemhaber.com\/wp-content\/uploads\/2026\/07\/serenay-sarikayadan-yeni-tatil-pozlari-atin-beni_e5e012ccb3_amp-1024x683.jpg\" alt=\"\" class=\"wp-image-3727\" srcset=\"https:\/\/turkiyemhaber.com\/wp-content\/uploads\/2026\/07\/serenay-sarikayadan-yeni-tatil-pozlari-atin-beni_e5e012ccb3_amp-1024x683.jpg 1024w, https:\/\/turkiyemhaber.com\/wp-content\/uploads\/2026\/07\/serenay-sarikayadan-yeni-tatil-pozlari-atin-beni_e5e012ccb3_amp-300x200.jpg 300w, https:\/\/turkiyemhaber.com\/wp-content\/uploads\/2026\/07\/serenay-sarikayadan-yeni-tatil-pozlari-atin-beni_e5e012ccb3_amp-768x512.jpg 768w, https:\/\/turkiyemhaber.com\/wp-content\/uploads\/2026\/07\/serenay-sarikayadan-yeni-tatil-pozlari-atin-beni_e5e012ccb3_amp-18x12.jpg 18w, https:\/\/turkiyemhaber.com\/wp-content\/uploads\/2026\/07\/serenay-sarikayadan-yeni-tatil-pozlari-atin-beni_e5e012ccb3_amp.jpg 1200w\" sizes=\"auto, (max-width: 1024px) 100vw, 1024px\" \/><\/figure>\n\n\n\n<h2 class=\"wp-block-heading\">Yo\u011fun Sezonun Ard\u0131ndan Tatil Molas\u0131<\/h2>\n\n\n\n<p class=\"wp-block-paragraph\">Ba\u015far\u0131l\u0131 oyunculu\u011fu ve \u00f6zel hayat\u0131yla magazin g\u00fcndeminden d\u00fc\u015fmeyen <strong>Serenay Sar\u0131kaya<\/strong>, yo\u011fun \u00e7al\u0131\u015fma temposunun ard\u0131ndan tatil sezonunu a\u00e7t\u0131.<\/p>\n\n\n\n<p class=\"wp-block-paragraph\">Bir s\u00fcredir annesi <strong>\u00dcmran Seyhan<\/strong> ile birlikte tatilde olan Sar\u0131kaya, dinlenme anlar\u0131n\u0131 sosyal medya hesab\u0131ndan payla\u015fmay\u0131 s\u00fcrd\u00fcr\u00fcyor.<\/p>\n\n\n\n<figure class=\"wp-block-image size-full\"><img loading=\"lazy\" decoding=\"async\" width=\"640\" height=\"852\" src=\"https:\/\/turkiyemhaber.com\/wp-content\/uploads\/2026\/07\/20260630_467880d4388a454ea1ad090829b76a39.webp\" alt=\"\" class=\"wp-image-3728\" srcset=\"https:\/\/turkiyemhaber.com\/wp-content\/uploads\/2026\/07\/20260630_467880d4388a454ea1ad090829b76a39.webp 640w, https:\/\/turkiyemhaber.com\/wp-content\/uploads\/2026\/07\/20260630_467880d4388a454ea1ad090829b76a39-225x300.webp 225w, https:\/\/turkiyemhaber.com\/wp-content\/uploads\/2026\/07\/20260630_467880d4388a454ea1ad090829b76a39-9x12.webp 9w\" sizes=\"auto, (max-width: 640px) 100vw, 640px\" \/><\/figure>\n\n\n\n<h2 class=\"wp-block-heading\">Bikinili Payla\u015f\u0131mlar\u0131 Be\u011feni Toplad\u0131<\/h2>\n\n\n\n<p class=\"wp-block-paragraph\">Do\u011fayla i\u00e7 i\u00e7e bir tatil yapan \u00fcnl\u00fc oyuncu, yay\u0131mlad\u0131\u011f\u0131 foto\u011fraflarda farkl\u0131 bikini kombinleriyle objektif kar\u015f\u0131s\u0131na ge\u00e7ti.<\/p>\n\n\n\n<p class=\"wp-block-paragraph\">A\u011fa\u00e7l\u0131k alanda verdi\u011fi pozlarda <strong>zebra desenli bikini<\/strong> tercih eden Sar\u0131kaya, deniz kenar\u0131nda \u00e7ekilen karelerinde ise <strong>ye\u015fil bikinisiyle<\/strong> dikkat \u00e7ekti.<\/p>\n\n\n\n<p class=\"wp-block-paragraph\">Payla\u015f\u0131mlar k\u0131sa s\u00fcrede binlerce be\u011feni ve yorum al\u0131rken, takip\u00e7ileri oyuncunun do\u011fal ve sade tarz\u0131na \u00f6vg\u00fc dolu mesajlar yazd\u0131.<\/p>\n\n\n\n<figure class=\"wp-block-image size-full\"><img loading=\"lazy\" decoding=\"async\" width=\"640\" height=\"852\" src=\"https:\/\/turkiyemhaber.com\/wp-content\/uploads\/2026\/07\/20260630_f35b71df155c44caa48bc6bd6ce90061.webp\" alt=\"\" class=\"wp-image-3729\" srcset=\"https:\/\/turkiyemhaber.com\/wp-content\/uploads\/2026\/07\/20260630_f35b71df155c44caa48bc6bd6ce90061.webp 640w, https:\/\/turkiyemhaber.com\/wp-content\/uploads\/2026\/07\/20260630_f35b71df155c44caa48bc6bd6ce90061-225x300.webp 225w, https:\/\/turkiyemhaber.com\/wp-content\/uploads\/2026\/07\/20260630_f35b71df155c44caa48bc6bd6ce90061-9x12.webp 9w\" sizes=\"auto, (max-width: 640px) 100vw, 640px\" \/><\/figure>\n\n\n\n<h2 class=\"wp-block-heading\">Kayahan&#8217;\u0131n \u015eark\u0131s\u0131yla Duygusal Not<\/h2>\n\n\n\n<p class=\"wp-block-paragraph\">Serenay Sar\u0131kaya&#8217;n\u0131n tatil karelerine ekledi\u011fi not da sosyal medyada en \u00e7ok konu\u015fulan detaylardan biri oldu.<\/p>\n\n\n\n<p class=\"wp-block-paragraph\">\u00dcnl\u00fc oyuncu payla\u015f\u0131m\u0131nda, merhum sanat\u00e7\u0131 <strong>Kayahan<\/strong>&#8216;\u0131n haf\u0131zalara kaz\u0131nan \u015fark\u0131s\u0131ndan \u015fu s\u00f6zlere yer verdi:<\/p>\n\n\n\n<p class=\"wp-block-paragraph\"><strong>&#8220;At\u0131n beni denizlere, yalan d\u00fcnya size kals\u0131n&#8230;&#8221;<\/strong><\/p>\n\n\n\n<p class=\"wp-block-paragraph\">Bu payla\u015f\u0131m, takip\u00e7ileri taraf\u0131ndan hem duygusal hem de huzur dolu bir mesaj olarak yorumland\u0131.<\/p>\n\n\n\n<figure class=\"wp-block-image size-full\"><img loading=\"lazy\" decoding=\"async\" width=\"640\" height=\"852\" src=\"https:\/\/turkiyemhaber.com\/wp-content\/uploads\/2026\/07\/20260630_db938e131cc84b03a325d9e3a08a5636.webp\" alt=\"\" class=\"wp-image-3730\" srcset=\"https:\/\/turkiyemhaber.com\/wp-content\/uploads\/2026\/07\/20260630_db938e131cc84b03a325d9e3a08a5636.webp 640w, https:\/\/turkiyemhaber.com\/wp-content\/uploads\/2026\/07\/20260630_db938e131cc84b03a325d9e3a08a5636-225x300.webp 225w, https:\/\/turkiyemhaber.com\/wp-content\/uploads\/2026\/07\/20260630_db938e131cc84b03a325d9e3a08a5636-9x12.webp 9w\" sizes=\"auto, (max-width: 640px) 100vw, 640px\" \/><\/figure>\n\n\n\n<h2 class=\"wp-block-heading\">Tatilin Keyfini \u00c7\u0131kar\u0131yor<\/h2>\n\n\n\n<p class=\"wp-block-paragraph\">Projelerine k\u0131sa bir ara veren Serenay Sar\u0131kaya&#8217;n\u0131n \u00f6n\u00fcm\u00fczdeki d\u00f6nemde yeni yap\u0131mlarla ekranlara d\u00f6nmesi beklenirken, \u00fcnl\u00fc oyuncu \u015fimdilik tatilin ve ailesiyle ge\u00e7irdi\u011fi zaman\u0131n tad\u0131n\u0131 \u00e7\u0131karmaya devam ediyor.<\/p>\n\n\n\n<figure class=\"wp-block-image size-full\"><img loading=\"lazy\" decoding=\"async\" width=\"640\" height=\"852\" src=\"https:\/\/turkiyemhaber.com\/wp-content\/uploads\/2026\/07\/20260630_b472c759ed564e03b0d806d9b4789d1c.webp\" alt=\"\" class=\"wp-image-3731\" srcset=\"https:\/\/turkiyemhaber.com\/wp-content\/uploads\/2026\/07\/20260630_b472c759ed564e03b0d806d9b4789d1c.webp 640w, https:\/\/turkiyemhaber.com\/wp-content\/uploads\/2026\/07\/20260630_b472c759ed564e03b0d806d9b4789d1c-225x300.webp 225w, https:\/\/turkiyemhaber.com\/wp-content\/uploads\/2026\/07\/20260630_b472c759ed564e03b0d806d9b4789d1c-9x12.webp 9w\" sizes=\"auto, (max-width: 640px) 100vw, 640px\" \/><\/figure>\n","protected":false},"excerpt":{"rendered":"<p>Yo\u011fun ge\u00e7en sezonun ard\u0131ndan tatile \u00e7\u0131kan \u00fcnl\u00fc oyuncu Serenay Sar\u0131kaya, annesi \u00dcmran Seyhan ile birlikte<\/p>\n","protected":false},"author":1,"featured_media":3732,"comment_status":"open","ping_status":"open","sticky":false,"template":"","format":"standard","meta":{"_rtcl_gb_attr":"","footnotes":""},"categories":[41],"tags":[],"class_list":["post-3726","post","type-post","status-publish","format-standard","has-post-thumbnail","hentry","category-magazin"],"_links":{"self":[{"href":"https:\/\/turkiyemhaber.com\/index.php?rest_route=\/wp\/v2\/posts\/3726","targetHints":{"allow":["GET"]}}],"collection":[{"href":"https:\/\/turkiyemhaber.com\/index.php?rest_route=\/wp\/v2\/posts"}],"about":[{"href":"https:\/\/turkiyemhaber.com\/index.php?rest_route=\/wp\/v2\/types\/post"}],"author":[{"embeddable":true,"href":"https:\/\/turkiyemhaber.com\/index.php?rest_route=\/wp\/v2\/users\/1"}],"replies":[{"embeddable":true,"href":"https:\/\/turkiyemhaber.com\/index.php?rest_route=%2Fwp%2Fv2%2Fcomments&post=3726"}],"version-history":[{"count":1,"href":"https:\/\/turkiyemhaber.com\/index.php?rest_route=\/wp\/v2\/posts\/3726\/revisions"}],"predecessor-version":[{"id":3733,"href":"https:\/\/turkiyemhaber.com\/index.php?rest_route=\/wp\/v2\/posts\/3726\/revisions\/3733"}],"wp:featuredmedia":[{"embeddable":true,"href":"https:\/\/turkiyemhaber.com\/index.php?rest_route=\/wp\/v2\/media\/3732"}],"wp:attachment":[{"href":"https:\/\/turkiyemhaber.com\/index.php?rest_route=%2Fwp%2Fv2%2Fmedia&parent=3726"}],"wp:term":[{"taxonomy":"category","embeddable":true,"href":"https:\/\/turkiyemhaber.com\/index.php?rest_route=%2Fwp%2Fv2%2Fcategories&post=3726"},{"taxonomy":"post_tag","embeddable":true,"href":"https:\/\/turkiyemhaber.com\/index.php?rest_route=%2Fwp%2Fv2%2Ftags&post=3726"}],"curies":[{"name":"wp","href":"https:\/\/api.w.org\/{rel}","templated":true}]}}