{"id":3723,"date":"2026-07-02T16:50:09","date_gmt":"2026-07-02T16:50:09","guid":{"rendered":"https:\/\/turkiyemhaber.com\/?p=3723"},"modified":"2026-07-02T16:50:13","modified_gmt":"2026-07-02T16:50:13","slug":"aci-kaza-motosiklet-kazasinda-prof-dr-mustafa-can-hayatini-kaybetti","status":"publish","type":"post","link":"https:\/\/turkiyemhaber.com\/?p=3723","title":{"rendered":"Ac\u0131 Kaza! Motosiklet Kazas\u0131nda Prof. Dr. Mustafa Can Hayat\u0131n\u0131 Kaybetti"},"content":{"rendered":"\n<p class=\"wp-block-paragraph\"><strong>Konya&#8217;n\u0131n Bey\u015fehir il\u00e7esinde meydana gelen motosiklet kazas\u0131nda, Sakarya Uygulamal\u0131 Bilimler \u00dcniversitesi \u00d6\u011fretim \u00dcyesi Prof. Dr. Mustafa Can ya\u015fam\u0131n\u0131 yitirdi. Kontrolden \u00e7\u0131kan motosikletin yol kenar\u0131ndaki kayaya \u00e7arpmas\u0131 sonucu a\u011f\u0131r yaralanan Can, kald\u0131r\u0131ld\u0131\u011f\u0131 hastanede t\u00fcm m\u00fcdahalelere ra\u011fmen kurtar\u0131lamad\u0131.<\/strong><\/p>\n\n\n\n<h2 class=\"wp-block-heading\">Motosiklet Kayaya \u00c7arpt\u0131<\/h2>\n\n\n\n<p class=\"wp-block-paragraph\">Kaza, Konya&#8217;n\u0131n <strong>Bey\u015fehir il\u00e7esine ba\u011fl\u0131 Kurucuova Mahallesi<\/strong> yak\u0131nlar\u0131nda meydana geldi.<\/p>\n\n\n\n<p class=\"wp-block-paragraph\">Edinilen bilgilere g\u00f6re, arkada\u015f\u0131yla birlikte motosiklet turuna \u00e7\u0131kan <strong>Sakarya Uygulamal\u0131 Bilimler \u00dcniversitesi \u00d6\u011fretim \u00dcyesi Prof. Dr. Mustafa Can<\/strong> idaresindeki motosiklet, hen\u00fcz bilinmeyen bir nedenle kontrolden \u00e7\u0131karak yol kenar\u0131ndaki kayaya \u00e7arpt\u0131.<\/p>\n\n\n\n<h2 class=\"wp-block-heading\">A\u011f\u0131r Yaraland\u0131<\/h2>\n\n\n\n<p class=\"wp-block-paragraph\">\u00c7arpman\u0131n etkisiyle motosikletten savrulan Prof. Dr. Mustafa Can a\u011f\u0131r yaraland\u0131.<\/p>\n\n\n\n<p class=\"wp-block-paragraph\">Kazay\u0131 g\u00f6ren vatanda\u015flar\u0131n ihbar\u0131 \u00fczerine olay yerine sa\u011fl\u0131k ve jandarma ekipleri sevk edildi. Sa\u011fl\u0131k ekipleri taraf\u0131ndan ilk m\u00fcdahalesi yap\u0131lan Can, ambulansla <strong>Bey\u015fehir Devlet Hastanesi<\/strong>&#8216;ne kald\u0131r\u0131ld\u0131.<\/p>\n\n\n\n<h2 class=\"wp-block-heading\">Hastanede Hayat\u0131n\u0131 Kaybetti<\/h2>\n\n\n\n<p class=\"wp-block-paragraph\">Doktorlar\u0131n t\u00fcm m\u00fcdahalelerine ra\u011fmen Prof. Dr. Mustafa Can kurtar\u0131lamayarak ya\u015fam\u0131n\u0131 yitirdi.<\/p>\n\n\n\n<p class=\"wp-block-paragraph\">Ac\u0131 haber, ailesi, yak\u0131nlar\u0131 ve akademi camias\u0131nda b\u00fcy\u00fck \u00fcz\u00fcnt\u00fcye neden oldu.<\/p>\n\n\n\n<h2 class=\"wp-block-heading\">Cenazesi Ailesine Teslim Edildi<\/h2>\n\n\n\n<p class=\"wp-block-paragraph\">Cumhuriyet savc\u0131s\u0131n\u0131n incelemesi ve gerekli adli i\u015flemlerin tamamlanmas\u0131n\u0131n ard\u0131ndan Prof. Dr. Mustafa Can&#8217;\u0131n cenazesi ailesine teslim edildi.<\/p>\n\n\n\n<p class=\"wp-block-paragraph\">Kazayla ilgili jandarma ekipleri taraf\u0131ndan soru\u015fturma ba\u015flat\u0131ld\u0131\u011f\u0131 \u00f6\u011frenildi.<\/p>\n","protected":false},"excerpt":{"rendered":"<p>Konya&#8217;n\u0131n Bey\u015fehir il\u00e7esinde meydana gelen motosiklet kazas\u0131nda, Sakarya Uygulamal\u0131 Bilimler \u00dcniversitesi \u00d6\u011fretim \u00dcyesi Prof. Dr.<\/p>\n","protected":false},"author":1,"featured_media":3724,"comment_status":"open","ping_status":"open","sticky":false,"template":"","format":"standard","meta":{"_rtcl_gb_attr":"","footnotes":""},"categories":[1],"tags":[],"class_list":["post-3723","post","type-post","status-publish","format-standard","has-post-thumbnail","hentry","category-http-turkiyemhaber-com-wp-content-uploads-2026-03-saray-59-haber-13-mart-pdf"],"_links":{"self":[{"href":"https:\/\/turkiyemhaber.com\/index.php?rest_route=\/wp\/v2\/posts\/3723","targetHints":{"allow":["GET"]}}],"collection":[{"href":"https:\/\/turkiyemhaber.com\/index.php?rest_route=\/wp\/v2\/posts"}],"about":[{"href":"https:\/\/turkiyemhaber.com\/index.php?rest_route=\/wp\/v2\/types\/post"}],"author":[{"embeddable":true,"href":"https:\/\/turkiyemhaber.com\/index.php?rest_route=\/wp\/v2\/users\/1"}],"replies":[{"embeddable":true,"href":"https:\/\/turkiyemhaber.com\/index.php?rest_route=%2Fwp%2Fv2%2Fcomments&post=3723"}],"version-history":[{"count":1,"href":"https:\/\/turkiyemhaber.com\/index.php?rest_route=\/wp\/v2\/posts\/3723\/revisions"}],"predecessor-version":[{"id":3725,"href":"https:\/\/turkiyemhaber.com\/index.php?rest_route=\/wp\/v2\/posts\/3723\/revisions\/3725"}],"wp:featuredmedia":[{"embeddable":true,"href":"https:\/\/turkiyemhaber.com\/index.php?rest_route=\/wp\/v2\/media\/3724"}],"wp:attachment":[{"href":"https:\/\/turkiyemhaber.com\/index.php?rest_route=%2Fwp%2Fv2%2Fmedia&parent=3723"}],"wp:term":[{"taxonomy":"category","embeddable":true,"href":"https:\/\/turkiyemhaber.com\/index.php?rest_route=%2Fwp%2Fv2%2Fcategories&post=3723"},{"taxonomy":"post_tag","embeddable":true,"href":"https:\/\/turkiyemhaber.com\/index.php?rest_route=%2Fwp%2Fv2%2Ftags&post=3723"}],"curies":[{"name":"wp","href":"https:\/\/api.w.org\/{rel}","templated":true}]}}