{"id":3720,"date":"2026-07-02T16:44:09","date_gmt":"2026-07-02T16:44:09","guid":{"rendered":"https:\/\/turkiyemhaber.com\/?p=3720"},"modified":"2026-07-02T16:44:13","modified_gmt":"2026-07-02T16:44:13","slug":"eski-manken-deniz-akkaya-gozaltina-alindi-arkadasina-saldirdigi-iddia-edildi","status":"publish","type":"post","link":"https:\/\/turkiyemhaber.com\/?p=3720","title":{"rendered":"Eski Manken Deniz Akkaya G\u00f6zalt\u0131na Al\u0131nd\u0131! Arkada\u015f\u0131na Sald\u0131rd\u0131\u011f\u0131 \u0130ddia Edildi"},"content":{"rendered":"\n<p class=\"wp-block-paragraph\"><strong>Eski manken Deniz Akkaya, Kocaeli&#8217;nin Kartepe il\u00e7esinde kald\u0131\u011f\u0131 evde \u00e7\u0131kan tart\u0131\u015fman\u0131n ard\u0131ndan g\u00f6zalt\u0131na al\u0131nd\u0131. \u0130ddiaya g\u00f6re sinir krizi ge\u00e7iren Akkaya, ev sahibine fiziksel sald\u0131r\u0131da bulundu ve evdeki e\u015fyalara zarar verdi. Olayla ilgili soru\u015fturma s\u00fcr\u00fcyor.<\/strong><\/p>\n\n\n\n<h2 class=\"wp-block-heading\">Tart\u0131\u015fma Kavgaya D\u00f6n\u00fc\u015ft\u00fc<\/h2>\n\n\n\n<p class=\"wp-block-paragraph\">Magazin d\u00fcnyas\u0131n\u0131n s\u0131k s\u0131k g\u00fcndeme gelen isimlerinden <strong>Deniz Akkaya<\/strong>, iddiaya g\u00f6re bir s\u00fcre \u00f6nce \u0130stanbul&#8217;dan ayr\u0131larak Kocaeli&#8217;nin Kartepe il\u00e7esinde ya\u015fayan arkada\u015f\u0131 <strong>K\u00fcr\u015fat A.<\/strong>&#8216;n\u0131n evinde kalmaya ba\u015flad\u0131.<\/p>\n\n\n\n<p class=\"wp-block-paragraph\">Hen\u00fcz bilinmeyen bir nedenle \u00e7\u0131kan tart\u0131\u015fma k\u0131sa s\u00fcrede b\u00fcy\u00fcyerek kavgaya d\u00f6n\u00fc\u015ft\u00fc.<\/p>\n\n\n\n<h2 class=\"wp-block-heading\">Fiziksel Sald\u0131r\u0131 ve Mala Zarar \u0130ddias\u0131<\/h2>\n\n\n\n<p class=\"wp-block-paragraph\">\u0130ddiaya g\u00f6re Deniz Akkaya, tart\u0131\u015fma s\u0131ras\u0131nda sinir krizi ge\u00e7irerek ev sahibi K\u00fcr\u015fat A.&#8217;ya fiziksel m\u00fcdahalede bulundu.<\/p>\n\n\n\n<p class=\"wp-block-paragraph\">Ya\u015fanan arbede s\u0131ras\u0131nda evde bulunan baz\u0131 e\u015fyalara da zarar verildi\u011fi ve maddi hasar olu\u015ftu\u011fu \u00f6ne s\u00fcr\u00fcld\u00fc.<\/p>\n\n\n\n<h2 class=\"wp-block-heading\">Polis Ekipleri Harekete Ge\u00e7ti<\/h2>\n\n\n\n<p class=\"wp-block-paragraph\">Evde ya\u015fanan olay\u0131n ard\u0131ndan yap\u0131lan ihbar \u00fczerine adrese polis ekipleri sevk edildi.<\/p>\n\n\n\n<p class=\"wp-block-paragraph\">Olay yerine gelen ekipler, yapt\u0131klar\u0131 ilk incelemenin ard\u0131ndan Deniz Akkaya&#8217;y\u0131, arkada\u015f\u0131na y\u00f6nelik fiziksel sald\u0131r\u0131da bulundu\u011fu ve mala zarar verdi\u011fi iddialar\u0131 kapsam\u0131nda g\u00f6zalt\u0131na ald\u0131.<\/p>\n\n\n\n<p class=\"wp-block-paragraph\">Akkaya, ifadesi al\u0131nmak \u00fczere emniyete g\u00f6t\u00fcr\u00fcl\u00fcrken, olayla ilgili adli s\u00fcre\u00e7 ba\u015flat\u0131ld\u0131.<\/p>\n\n\n\n<h2 class=\"wp-block-heading\">Soru\u015fturma Devam Ediyor<\/h2>\n\n\n\n<p class=\"wp-block-paragraph\">Emniyet birimleri olay\u0131n t\u00fcm y\u00f6nleriyle ayd\u0131nlat\u0131lmas\u0131 i\u00e7in soru\u015fturmay\u0131 s\u00fcrd\u00fcr\u00fcyor.<\/p>\n\n\n\n<p class=\"wp-block-paragraph\">Soru\u015fturma kapsam\u0131nda taraflar\u0131n ifadelerinin al\u0131naca\u011f\u0131 ve olay\u0131n nas\u0131l ger\u00e7ekle\u015fti\u011fine ili\u015fkin delillerin de\u011ferlendirilece\u011fi \u00f6\u011frenildi. Yetkililerden soru\u015fturmaya ili\u015fkin resmi bir a\u00e7\u0131klama ise hen\u00fcz yap\u0131lmad\u0131.<\/p>\n","protected":false},"excerpt":{"rendered":"<p>Eski manken Deniz Akkaya, Kocaeli&#8217;nin Kartepe il\u00e7esinde kald\u0131\u011f\u0131 evde \u00e7\u0131kan tart\u0131\u015fman\u0131n ard\u0131ndan g\u00f6zalt\u0131na al\u0131nd\u0131. \u0130ddiaya<\/p>\n","protected":false},"author":1,"featured_media":3721,"comment_status":"open","ping_status":"open","sticky":false,"template":"","format":"standard","meta":{"_rtcl_gb_attr":"","footnotes":""},"categories":[41],"tags":[],"class_list":["post-3720","post","type-post","status-publish","format-standard","has-post-thumbnail","hentry","category-magazin"],"_links":{"self":[{"href":"https:\/\/turkiyemhaber.com\/index.php?rest_route=\/wp\/v2\/posts\/3720","targetHints":{"allow":["GET"]}}],"collection":[{"href":"https:\/\/turkiyemhaber.com\/index.php?rest_route=\/wp\/v2\/posts"}],"about":[{"href":"https:\/\/turkiyemhaber.com\/index.php?rest_route=\/wp\/v2\/types\/post"}],"author":[{"embeddable":true,"href":"https:\/\/turkiyemhaber.com\/index.php?rest_route=\/wp\/v2\/users\/1"}],"replies":[{"embeddable":true,"href":"https:\/\/turkiyemhaber.com\/index.php?rest_route=%2Fwp%2Fv2%2Fcomments&post=3720"}],"version-history":[{"count":1,"href":"https:\/\/turkiyemhaber.com\/index.php?rest_route=\/wp\/v2\/posts\/3720\/revisions"}],"predecessor-version":[{"id":3722,"href":"https:\/\/turkiyemhaber.com\/index.php?rest_route=\/wp\/v2\/posts\/3720\/revisions\/3722"}],"wp:featuredmedia":[{"embeddable":true,"href":"https:\/\/turkiyemhaber.com\/index.php?rest_route=\/wp\/v2\/media\/3721"}],"wp:attachment":[{"href":"https:\/\/turkiyemhaber.com\/index.php?rest_route=%2Fwp%2Fv2%2Fmedia&parent=3720"}],"wp:term":[{"taxonomy":"category","embeddable":true,"href":"https:\/\/turkiyemhaber.com\/index.php?rest_route=%2Fwp%2Fv2%2Fcategories&post=3720"},{"taxonomy":"post_tag","embeddable":true,"href":"https:\/\/turkiyemhaber.com\/index.php?rest_route=%2Fwp%2Fv2%2Ftags&post=3720"}],"curies":[{"name":"wp","href":"https:\/\/api.w.org\/{rel}","templated":true}]}}