{"id":3717,"date":"2026-07-02T16:41:30","date_gmt":"2026-07-02T16:41:30","guid":{"rendered":"https:\/\/turkiyemhaber.com\/?p=3717"},"modified":"2026-07-02T16:41:34","modified_gmt":"2026-07-02T16:41:34","slug":"yunanistanda-kanli-saldiri-iktidar-partisi-yoneticisinin-annesi-hayatini-kaybetti","status":"publish","type":"post","link":"https:\/\/turkiyemhaber.com\/?p=3717","title":{"rendered":"Yunanistan&#8217;da Kanl\u0131 Sald\u0131r\u0131! \u0130ktidar Partisi Y\u00f6neticisinin Annesi Hayat\u0131n\u0131 Kaybetti"},"content":{"rendered":"\n<p class=\"wp-block-paragraph\"><strong>Yunanistan&#8217;da iktidardaki Yeni Demokrasi Partisi y\u00f6neticisi Afroditi Nestora&#8217;n\u0131n ya\u015fad\u0131\u011f\u0131 apartmana b\u0131rak\u0131lan patlay\u0131c\u0131 d\u00fczene\u011fin infilak etmesi sonucu a\u011f\u0131r yaralanan annesi Vagia Nestora ya\u015fam\u0131n\u0131 yitirdi. Sald\u0131r\u0131n\u0131n ard\u0131ndan Ba\u015fbakan Kiryakos Mi\u00e7otakis ve muhalefet liderlerinden pe\u015f pe\u015fe k\u0131nama mesajlar\u0131 geldi.<\/strong><\/p>\n\n\n\n<h2 class=\"wp-block-heading\">Apartman Giri\u015findeki Patlama Can Ald\u0131<\/h2>\n\n\n\n<p class=\"wp-block-paragraph\">Yunanistan&#8217;da iktidardaki <strong>Yeni Demokrasi (ND) Partisi<\/strong> y\u00f6neticisi <strong>Afroditi Nestora&#8217;n\u0131n<\/strong> ya\u015fad\u0131\u011f\u0131 apartman\u0131n giri\u015fine b\u0131rak\u0131lan patlay\u0131c\u0131 d\u00fczenek sabah saatlerinde infilak etti.<\/p>\n\n\n\n<p class=\"wp-block-paragraph\">Patlamada Nestora ile anne ve babas\u0131n\u0131n da aralar\u0131nda bulundu\u011fu 5 ki\u015fi yaraland\u0131. A\u011f\u0131r yaral\u0131 olarak hastaneye kald\u0131r\u0131lan <strong>Vagia Nestora<\/strong>, doktorlar\u0131n t\u00fcm m\u00fcdahalelerine ra\u011fmen hayat\u0131n\u0131 kaybetti.<\/p>\n\n\n\n<h2 class=\"wp-block-heading\">Ba\u015fbakan Mi\u00e7otakis&#8217;ten Sert Mesaj<\/h2>\n\n\n\n<p class=\"wp-block-paragraph\">Olay\u0131n ard\u0131ndan yaz\u0131l\u0131 a\u00e7\u0131klama yapan Yunanistan Ba\u015fbakan\u0131 <strong>Kiryakos Mi\u00e7otakis<\/strong>, sald\u0131r\u0131y\u0131 sert s\u00f6zlerle k\u0131nad\u0131.<\/p>\n\n\n\n<p class=\"wp-block-paragraph\">Mi\u00e7otakis, \u00fclkenin ge\u00e7mi\u015fte ya\u015fad\u0131\u011f\u0131 \u015fiddet ve kutupla\u015fma d\u00f6nemlerine geri d\u00f6nmeyece\u011fini belirterek, h\u00fck\u00fcmetin ter\u00f6rle m\u00fccadelede kararl\u0131l\u0131kla hareket edece\u011fini vurgulad\u0131.<\/p>\n\n\n\n<p class=\"wp-block-paragraph\">Hayat\u0131n\u0131 kaybeden Vagia Nestora&#8217;n\u0131n ailesine ba\u015fsa\u011fl\u0131\u011f\u0131 dileyen Mi\u00e7otakis, <strong>&#8220;Ac\u0131m\u0131z g\u00fc\u00e7 ve kararl\u0131l\u0131\u011fa d\u00f6n\u00fc\u015fecek. Hi\u00e7bir \u015fey \u00fclkemizin ilerleyi\u015fini durduramayacak.&#8221;<\/strong> ifadelerini kulland\u0131.<\/p>\n\n\n\n<h2 class=\"wp-block-heading\">Muhalefetten Ortak Tepki<\/h2>\n\n\n\n<p class=\"wp-block-paragraph\">Ana muhalefetteki <strong>PASOK<\/strong> Genel Ba\u015fkan\u0131 <strong>Nikos Andrulakis<\/strong>, sald\u0131r\u0131n\u0131n kabul edilemez oldu\u011funu belirterek, faillerin en k\u0131sa s\u00fcrede yakalan\u0131p adalet \u00f6n\u00fcne \u00e7\u0131kar\u0131lmas\u0131 gerekti\u011fini s\u00f6yledi.<\/p>\n\n\n\n<p class=\"wp-block-paragraph\">Andrulakis, <strong>&#8220;Demokratik ve hukuk devletinin ge\u00e7erli oldu\u011fu bir toplumda su\u00e7 te\u015fkil eden eylemlere hi\u00e7bir ho\u015fg\u00f6r\u00fc g\u00f6sterilemez.&#8221;<\/strong> de\u011ferlendirmesinde bulundu.<\/p>\n\n\n\n<p class=\"wp-block-paragraph\">Yunan Sol \u0130ttifak\u0131 (<strong>ELAS<\/strong>) Genel Ba\u015fkan\u0131 <strong>Aleksis \u00c7ipras<\/strong> da sald\u0131r\u0131y\u0131 &#8220;ter\u00f6r eylemi&#8221; olarak nitelendirerek hayat\u0131n\u0131 kaybeden Vagia Nestora&#8217;n\u0131n ailesine taziye dileklerini iletti.<\/p>\n\n\n\n<p class=\"wp-block-paragraph\">\u00c7ipras, <strong>&#8220;\u0130nsan hayat\u0131 en \u00fcst\u00fcn de\u011ferdir ve onu korumak hepimizin ortak sorumlulu\u011fudur.&#8221;<\/strong> ifadelerini kulland\u0131.<\/p>\n\n\n\n<h2 class=\"wp-block-heading\">Benzer Sald\u0131r\u0131lar Selanik&#8217;te de Ya\u015fand\u0131<\/h2>\n\n\n\n<p class=\"wp-block-paragraph\">Yetkililerin verdi\u011fi bilgiye g\u00f6re, patlay\u0131c\u0131 d\u00fczene\u011fin kamp t\u00fcp\u00fc kullan\u0131larak haz\u0131rland\u0131\u011f\u0131 de\u011ferlendiriliyor.<\/p>\n\n\n\n<p class=\"wp-block-paragraph\">Patlaman\u0131n etkisiyle apartman \u00f6n\u00fcndeki ara\u00e7lar ve motosikletler kullan\u0131lamaz hale gelirken, \u00e7\u0131kan yang\u0131n binan\u0131n birinci kat\u0131ndaki dairede maddi hasara yol a\u00e7t\u0131.<\/p>\n\n\n\n<p class=\"wp-block-paragraph\">Ayn\u0131 saatlerde <strong>Selanik&#8217;te<\/strong>, Yeni Demokrasi Partisi&#8217;nden iki siyaset\u00e7inin ya\u015fad\u0131\u011f\u0131 binalar\u0131n giri\u015flerine b\u0131rak\u0131lan benzer patlay\u0131c\u0131 d\u00fczenekler de infilak etti. Bu olaylarda can kayb\u0131 ya da yaralanma ya\u015fanmad\u0131\u011f\u0131 bildirildi.<\/p>\n\n\n\n<h2 class=\"wp-block-heading\">Soru\u015fturma S\u00fcr\u00fcyor<\/h2>\n\n\n\n<p class=\"wp-block-paragraph\">Yunan g\u00fcvenlik birimleri, sald\u0131r\u0131lar aras\u0131nda ba\u011flant\u0131 olup olmad\u0131\u011f\u0131n\u0131 ara\u015ft\u0131r\u0131rken, olay\u0131n faillerinin tespit edilerek yakalanmas\u0131 i\u00e7in geni\u015f \u00e7apl\u0131 soru\u015fturma ba\u015flat\u0131ld\u0131.<\/p>\n\n\n\n<p class=\"wp-block-paragraph\">Patlamalar\u0131n siyasi saik ta\u015f\u0131y\u0131p ta\u015f\u0131mad\u0131\u011f\u0131 ve organizeli bir sald\u0131r\u0131 olup olmad\u0131\u011f\u0131 da y\u00fcr\u00fct\u00fclen soru\u015fturma kapsam\u0131nda de\u011ferlendiriliyor.<\/p>\n","protected":false},"excerpt":{"rendered":"<p>Yunanistan&#8217;da iktidardaki Yeni Demokrasi Partisi y\u00f6neticisi Afroditi Nestora&#8217;n\u0131n ya\u015fad\u0131\u011f\u0131 apartmana b\u0131rak\u0131lan patlay\u0131c\u0131 d\u00fczene\u011fin infilak etmesi<\/p>\n","protected":false},"author":1,"featured_media":3718,"comment_status":"open","ping_status":"open","sticky":false,"template":"","format":"standard","meta":{"_rtcl_gb_attr":"","footnotes":""},"categories":[65],"tags":[],"class_list":["post-3717","post","type-post","status-publish","format-standard","has-post-thumbnail","hentry","category-dunya"],"_links":{"self":[{"href":"https:\/\/turkiyemhaber.com\/index.php?rest_route=\/wp\/v2\/posts\/3717","targetHints":{"allow":["GET"]}}],"collection":[{"href":"https:\/\/turkiyemhaber.com\/index.php?rest_route=\/wp\/v2\/posts"}],"about":[{"href":"https:\/\/turkiyemhaber.com\/index.php?rest_route=\/wp\/v2\/types\/post"}],"author":[{"embeddable":true,"href":"https:\/\/turkiyemhaber.com\/index.php?rest_route=\/wp\/v2\/users\/1"}],"replies":[{"embeddable":true,"href":"https:\/\/turkiyemhaber.com\/index.php?rest_route=%2Fwp%2Fv2%2Fcomments&post=3717"}],"version-history":[{"count":1,"href":"https:\/\/turkiyemhaber.com\/index.php?rest_route=\/wp\/v2\/posts\/3717\/revisions"}],"predecessor-version":[{"id":3719,"href":"https:\/\/turkiyemhaber.com\/index.php?rest_route=\/wp\/v2\/posts\/3717\/revisions\/3719"}],"wp:featuredmedia":[{"embeddable":true,"href":"https:\/\/turkiyemhaber.com\/index.php?rest_route=\/wp\/v2\/media\/3718"}],"wp:attachment":[{"href":"https:\/\/turkiyemhaber.com\/index.php?rest_route=%2Fwp%2Fv2%2Fmedia&parent=3717"}],"wp:term":[{"taxonomy":"category","embeddable":true,"href":"https:\/\/turkiyemhaber.com\/index.php?rest_route=%2Fwp%2Fv2%2Fcategories&post=3717"},{"taxonomy":"post_tag","embeddable":true,"href":"https:\/\/turkiyemhaber.com\/index.php?rest_route=%2Fwp%2Fv2%2Ftags&post=3717"}],"curies":[{"name":"wp","href":"https:\/\/api.w.org\/{rel}","templated":true}]}}