{"id":3714,"date":"2026-07-02T16:39:42","date_gmt":"2026-07-02T16:39:42","guid":{"rendered":"https:\/\/turkiyemhaber.com\/?p=3714"},"modified":"2026-07-02T16:39:46","modified_gmt":"2026-07-02T16:39:46","slug":"trumptan-nato-zirvesi-oncesi-sert-cikis-abd-herkesten-fazla-oduyor","status":"publish","type":"post","link":"https:\/\/turkiyemhaber.com\/?p=3714","title":{"rendered":"Trump&#8217;tan NATO Zirvesi \u00d6ncesi Sert \u00c7\u0131k\u0131\u015f! &#8220;ABD Herkesten Fazla \u00d6d\u00fcyor&#8221;"},"content":{"rendered":"\n<p class=\"wp-block-paragraph\"><strong>Ankara&#8217;da 7-8 Temmuz tarihlerinde d\u00fczenlenecek 36. NATO Zirvesi \u00f6ncesinde ABD Ba\u015fkan\u0131 Donald Trump, NATO m\u00fcttefiklerinin savunma harcamalar\u0131n\u0131 sert s\u00f6zlerle ele\u015ftirdi. ABD&#8217;nin ittifak i\u00e7in di\u011fer \u00fclkelerden \u00e7ok daha fazla kaynak ay\u0131rd\u0131\u011f\u0131n\u0131 savunan Trump, en fazla savunma harcamas\u0131 yapan \u00fclkeleri de tek tek s\u0131ralad\u0131.<\/strong><\/p>\n\n\n\n<h2 class=\"wp-block-heading\">NATO Zirvesi \u00d6ncesi Dikkat \u00c7eken Mesaj<\/h2>\n\n\n\n<p class=\"wp-block-paragraph\">T\u00fcrkiye&#8217;nin ev sahipli\u011finde Ankara&#8217;da ger\u00e7ekle\u015ftirilecek <strong>36. NATO Zirvesi<\/strong> \u00f6ncesinde ABD Ba\u015fkan\u0131 Donald Trump, sosyal medya hesab\u0131ndan yapt\u0131\u011f\u0131 payla\u015f\u0131mda NATO \u00fclkelerinin savunma harcamalar\u0131na ili\u015fkin de\u011ferlendirmelerde bulundu.<\/p>\n\n\n\n<p class=\"wp-block-paragraph\">Trump, ABD&#8217;nin ittifak\u0131n g\u00fcvenli\u011fi i\u00e7in di\u011fer t\u00fcm m\u00fcttefiklerden \u00e7ok daha fazla mali y\u00fck \u00fcstlendi\u011fini belirterek, bu durumun s\u00fcrd\u00fcr\u00fclebilir olmad\u0131\u011f\u0131n\u0131 savundu.<\/p>\n\n\n\n<h2 class=\"wp-block-heading\">&#8220;ABD \u00c7ok Fazla Para Harc\u0131yor&#8221;<\/h2>\n\n\n\n<p class=\"wp-block-paragraph\">Payla\u015f\u0131m\u0131nda, <strong>&#8220;ABD, hi\u00e7bir fayda elde etmeksizin onlar\u0131 korumak i\u00e7in NATO&#8217;ya di\u011fer t\u00fcm \u00fclkelerden a\u00e7\u0131k ara \u00e7ok daha fazla para harc\u0131yor.&#8221;<\/strong> ifadelerini kullanan Trump, 2014-2025 d\u00f6nemini kapsayan tahmini savunma harcamalar\u0131na ili\u015fkin verileri de payla\u015ft\u0131.<\/p>\n\n\n\n<p class=\"wp-block-paragraph\">Listeye g\u00f6re savunma harcamalar\u0131nda ilk s\u0131ralar \u015fu \u015fekilde yer ald\u0131:<\/p>\n\n\n\n<ul class=\"wp-block-list\">\n<li><strong>ABD:<\/strong> 999 milyar dolar<\/li>\n\n\n\n<li><strong>Birle\u015fik Krall\u0131k:<\/strong> 90,5 milyar dolar<\/li>\n\n\n\n<li><strong>Fransa:<\/strong> 66,5 milyar dolar<\/li>\n\n\n\n<li><strong>\u0130talya:<\/strong> 48,8 milyar dolar<\/li>\n\n\n\n<li><strong>Polonya:<\/strong> 44,3 milyar dolar<\/li>\n<\/ul>\n\n\n\n<p class=\"wp-block-paragraph\">Trump ayr\u0131ca Almanya ba\u015fta olmak \u00fczere bir\u00e7ok Avrupa \u00fclkesinin savunma harcamalar\u0131n\u0131n ABD&#8217;nin olduk\u00e7a gerisinde kald\u0131\u011f\u0131n\u0131 vurgulad\u0131.<\/p>\n\n\n\n<h2 class=\"wp-block-heading\">Ankara Diplomasi Trafi\u011finin Merkezi Olacak<\/h2>\n\n\n\n<p class=\"wp-block-paragraph\">Trump&#8217;\u0131n a\u00e7\u0131klamalar\u0131n\u0131n g\u00f6lgesinde ba\u015flayacak olan <strong>36. NATO Zirvesi<\/strong>, Ankara&#8217;da yo\u011fun diplomasi trafi\u011fine sahne olacak.<\/p>\n\n\n\n<p class=\"wp-block-paragraph\">Zirveye, <strong>32 NATO \u00fcyesi \u00fclkenin devlet ve h\u00fck\u00fcmet ba\u015fkanlar\u0131n\u0131n<\/strong> yan\u0131 s\u0131ra \u00e7ok say\u0131da savunma bakan\u0131, d\u0131\u015fi\u015fleri bakan\u0131, \u00fcst d\u00fczey diplomat, uluslararas\u0131 kurulu\u015f temsilcisi ve binlerce yabanc\u0131 konuk kat\u0131lacak.<\/p>\n\n\n\n<h2 class=\"wp-block-heading\">Zirve \u00d6ncesi Yo\u011fun Program<\/h2>\n\n\n\n<p class=\"wp-block-paragraph\">NATO Zirvesi kapsam\u0131nda ana toplant\u0131lar \u00f6ncesinde bir\u00e7ok uluslararas\u0131 etkinlik de ger\u00e7ekle\u015ftiriliyor.<\/p>\n\n\n\n<p class=\"wp-block-paragraph\">Program kapsam\u0131nda;<\/p>\n\n\n\n<ul class=\"wp-block-list\">\n<li><strong>6 Temmuz&#8217;da<\/strong> m\u00fcttefik \u00fclkelerin daimi temsilcileri ve b\u00fcy\u00fckel\u00e7ileri onuruna gayriresmi davet ile g\u00fcvenlik \u00e7al\u0131\u015ftaylar\u0131 d\u00fczenlenecek.<\/li>\n\n\n\n<li><strong>6-7 Temmuz&#8217;da<\/strong> k\u00fcresel g\u00fcvenlik g\u00fcndeminin ele al\u0131naca\u011f\u0131 <strong>NATO Summit Dialogues<\/strong> toplant\u0131lar\u0131 ger\u00e7ekle\u015ftirilecek.<\/li>\n\n\n\n<li><strong>7-8 Temmuz&#8217;da<\/strong> ise &#8220;Allies in Ankara&#8221; etkinli\u011fi ile Transatlantik Siyaset Planlamac\u0131lar\u0131 Yuvarlak Masa Toplant\u0131s\u0131 yap\u0131lacak.<\/li>\n<\/ul>\n\n\n\n<h2 class=\"wp-block-heading\">G\u00f6zler Liderler Zirvesinde<\/h2>\n\n\n\n<p class=\"wp-block-paragraph\">Ankara&#8217;da d\u00fczenlenecek zirvede, NATO&#8217;nun gelece\u011fi, savunma harcamalar\u0131, Avrupa g\u00fcvenli\u011fi, Rusya-Ukrayna sava\u015f\u0131, Orta Do\u011fu&#8217;daki geli\u015fmeler ve k\u00fcresel g\u00fcvenlik politikalar\u0131n\u0131n masaya yat\u0131r\u0131lmas\u0131 bekleniyor.<\/p>\n\n\n\n<p class=\"wp-block-paragraph\">Trump&#8217;\u0131n savunma harcamalar\u0131na y\u00f6nelik \u00e7\u0131k\u0131\u015f\u0131n\u0131n ise liderler aras\u0131ndaki g\u00f6r\u00fc\u015fmelerde \u00f6nemli g\u00fcndem ba\u015fl\u0131klar\u0131ndan biri olmas\u0131 \u00f6ng\u00f6r\u00fcl\u00fcyor.<\/p>\n","protected":false},"excerpt":{"rendered":"<p>Ankara&#8217;da 7-8 Temmuz tarihlerinde d\u00fczenlenecek 36. NATO Zirvesi \u00f6ncesinde ABD Ba\u015fkan\u0131 Donald Trump, NATO m\u00fcttefiklerinin<\/p>\n","protected":false},"author":1,"featured_media":3715,"comment_status":"open","ping_status":"open","sticky":false,"template":"","format":"standard","meta":{"_rtcl_gb_attr":"","footnotes":""},"categories":[65],"tags":[],"class_list":["post-3714","post","type-post","status-publish","format-standard","has-post-thumbnail","hentry","category-dunya"],"_links":{"self":[{"href":"https:\/\/turkiyemhaber.com\/index.php?rest_route=\/wp\/v2\/posts\/3714","targetHints":{"allow":["GET"]}}],"collection":[{"href":"https:\/\/turkiyemhaber.com\/index.php?rest_route=\/wp\/v2\/posts"}],"about":[{"href":"https:\/\/turkiyemhaber.com\/index.php?rest_route=\/wp\/v2\/types\/post"}],"author":[{"embeddable":true,"href":"https:\/\/turkiyemhaber.com\/index.php?rest_route=\/wp\/v2\/users\/1"}],"replies":[{"embeddable":true,"href":"https:\/\/turkiyemhaber.com\/index.php?rest_route=%2Fwp%2Fv2%2Fcomments&post=3714"}],"version-history":[{"count":1,"href":"https:\/\/turkiyemhaber.com\/index.php?rest_route=\/wp\/v2\/posts\/3714\/revisions"}],"predecessor-version":[{"id":3716,"href":"https:\/\/turkiyemhaber.com\/index.php?rest_route=\/wp\/v2\/posts\/3714\/revisions\/3716"}],"wp:featuredmedia":[{"embeddable":true,"href":"https:\/\/turkiyemhaber.com\/index.php?rest_route=\/wp\/v2\/media\/3715"}],"wp:attachment":[{"href":"https:\/\/turkiyemhaber.com\/index.php?rest_route=%2Fwp%2Fv2%2Fmedia&parent=3714"}],"wp:term":[{"taxonomy":"category","embeddable":true,"href":"https:\/\/turkiyemhaber.com\/index.php?rest_route=%2Fwp%2Fv2%2Fcategories&post=3714"},{"taxonomy":"post_tag","embeddable":true,"href":"https:\/\/turkiyemhaber.com\/index.php?rest_route=%2Fwp%2Fv2%2Ftags&post=3714"}],"curies":[{"name":"wp","href":"https:\/\/api.w.org\/{rel}","templated":true}]}}