{"id":3710,"date":"2026-07-02T16:32:58","date_gmt":"2026-07-02T16:32:58","guid":{"rendered":"https:\/\/turkiyemhaber.com\/?p=3710"},"modified":"2026-07-02T16:33:02","modified_gmt":"2026-07-02T16:33:02","slug":"fenerbahcede-uefa-cezasi-krizi-aziz-yildirim-ve-ali-koc-cephesi-karsi-karsiya-geldi","status":"publish","type":"post","link":"https:\/\/turkiyemhaber.com\/?p=3710","title":{"rendered":"Fenerbah\u00e7e&#8217;de UEFA Cezas\u0131 Krizi! Aziz Y\u0131ld\u0131r\u0131m ve Ali Ko\u00e7 Cephesi Kar\u015f\u0131 Kar\u015f\u0131ya Geldi"},"content":{"rendered":"\n<p class=\"wp-block-paragraph\"><strong>UEFA&#8217;n\u0131n Fenerbah\u00e7e&#8217;ye verdi\u011fi 7 milyon Euro&#8217;luk ceza, sar\u0131-lacivertli kul\u00fcpte yeni bir tart\u0131\u015fman\u0131n fitilini ate\u015fledi. Kul\u00fcp y\u00f6netiminde mali sorumluluk konusunda kar\u015f\u0131l\u0131kl\u0131 a\u00e7\u0131klamalar gelirken, ya\u015fanan polemik camiada endi\u015fe yaratt\u0131.<\/strong><\/p>\n\n\n\n<h2 class=\"wp-block-heading\">UEFA&#8217;n\u0131n Cezas\u0131 G\u00fcndem Yaratt\u0131<\/h2>\n\n\n\n<p class=\"wp-block-paragraph\">UEFA taraf\u0131ndan Fenerbah\u00e7e&#8217;ye verilen <strong>7 milyon Euro&#8217;luk mali ceza<\/strong>, kul\u00fcp y\u00f6netiminde g\u00f6r\u00fc\u015f ayr\u0131l\u0131klar\u0131n\u0131 g\u00fcn y\u00fcz\u00fcne \u00e7\u0131kard\u0131. Cezan\u0131n gerek\u00e7eleri ve mali sorumlulu\u011fun hangi d\u00f6neme ait oldu\u011fu konusunda farkl\u0131 de\u011ferlendirmeler yap\u0131l\u0131rken, kul\u00fcp i\u00e7inde kar\u015f\u0131l\u0131kl\u0131 a\u00e7\u0131klamalar geldi.<\/p>\n\n\n\n<h2 class=\"wp-block-heading\">Mali Maddeler Tart\u0131\u015fma Konusu Oldu<\/h2>\n\n\n\n<p class=\"wp-block-paragraph\">\u0130ddialara g\u00f6re, eski Ba\u015fkan <strong>Ali Ko\u00e7<\/strong> d\u00f6neminde g\u00f6rev yapan ekip, <strong>Eyl\u00fcl 2025 Ola\u011fan\u00fcst\u00fc Genel Kurulu&#8217;nda reddedilen 11, 12 ve 13. maddelerin<\/strong> kul\u00fcb\u00fcn mali yap\u0131s\u0131n\u0131 olumsuz etkiledi\u011fini savundu.<\/p>\n\n\n\n<p class=\"wp-block-paragraph\">Bu de\u011ferlendirmeye g\u00f6re, s\u00f6z konusu maddelerin kabul edilmemesi nedeniyle ta\u015f\u0131nmaz sat\u0131\u015flar\u0131 ve planlanan projelerden beklenen gelirlerin elde edilemedi\u011fi, bunun da UEFA&#8217;n\u0131n mali kriterlerinin a\u015f\u0131lmas\u0131na neden oldu\u011fu \u00f6ne s\u00fcr\u00fcld\u00fc.<\/p>\n\n\n\n<p class=\"wp-block-paragraph\">\u0130ddialarda, kul\u00fcb\u00fcn UEFA&#8217;n\u0131n belirledi\u011fi <strong>y\u00fczde 70 finansal y\u00fck s\u0131n\u0131r\u0131n\u0131 a\u015farak y\u00fczde 84 seviyesine ula\u015ft\u0131\u011f\u0131<\/strong>, bu durumun da para cezas\u0131na zemin haz\u0131rlad\u0131\u011f\u0131 ifade edildi.<\/p>\n\n\n\n<h2 class=\"wp-block-heading\">Bar\u0131\u015f G\u00f6kt\u00fcrk&#8217;ten Yan\u0131t<\/h2>\n\n\n\n<p class=\"wp-block-paragraph\">Fenerbah\u00e7e Ba\u015fkanvekili <strong>Bar\u0131\u015f G\u00f6kt\u00fcrk<\/strong> ise mali tablonun olu\u015fmas\u0131nda \u00f6nceki y\u00f6netimlerin transfer harcamalar\u0131n\u0131n etkili oldu\u011funu savundu.<\/p>\n\n\n\n<p class=\"wp-block-paragraph\">G\u00f6kt\u00fcrk, \u00f6zellikle <strong>Ali Ko\u00e7 y\u00f6netiminin son yaz transfer d\u00f6nemi<\/strong> ile <strong>Sadettin Saran y\u00f6netiminin k\u0131\u015f transfer d\u00f6nemindeki mali y\u00fck\u00fcn\u00fcn<\/strong>, UEFA taraf\u0131ndan verilen cezan\u0131n ortaya \u00e7\u0131kmas\u0131nda etkili oldu\u011funu dile getirdi.<\/p>\n\n\n\n<h2 class=\"wp-block-heading\">Transfer Planlar\u0131n\u0131 da Etkileyebilir<\/h2>\n\n\n\n<p class=\"wp-block-paragraph\">Ya\u015fanan mali tart\u0131\u015fmalar\u0131n yan\u0131 s\u0131ra Fenerbah\u00e7e&#8217;nin yeni sezon transfer \u00e7al\u0131\u015fmalar\u0131 da finansal k\u0131s\u0131tlamalar nedeniyle zorla\u015f\u0131yor.<\/p>\n\n\n\n<p class=\"wp-block-paragraph\">Kul\u00fcb\u00fcn UEFA mali kriterleri, harcama limitleri ve yabanc\u0131 oyuncu kontenjan\u0131 nedeniyle transferde daha temkinli hareket etmesi beklenirken, taraftarlar ise y\u00f6netim i\u00e7inde ya\u015fanan gerilimin sportif hedefleri olumsuz etkilemesinden endi\u015fe duyuyor.<\/p>\n\n\n\n<h2 class=\"wp-block-heading\">G\u00f6zler Y\u00f6netimin Ataca\u011f\u0131 Ad\u0131mlarda<\/h2>\n\n\n\n<p class=\"wp-block-paragraph\">UEFA&#8217;n\u0131n verdi\u011fi cezan\u0131n ard\u0131ndan kul\u00fcp y\u00f6netiminin mali disiplin konusunda nas\u0131l bir yol izleyece\u011fi ve transfer d\u00f6neminde at\u0131lacak ad\u0131mlar, Fenerbah\u00e7e camias\u0131nda \u00f6n\u00fcm\u00fczdeki g\u00fcnlerin en \u00f6nemli g\u00fcndem maddeleri aras\u0131nda yer al\u0131yor.<\/p>\n","protected":false},"excerpt":{"rendered":"<p>UEFA&#8217;n\u0131n Fenerbah\u00e7e&#8217;ye verdi\u011fi 7 milyon Euro&#8217;luk ceza, sar\u0131-lacivertli kul\u00fcpte yeni bir tart\u0131\u015fman\u0131n fitilini ate\u015fledi. Kul\u00fcp<\/p>\n","protected":false},"author":1,"featured_media":3711,"comment_status":"open","ping_status":"open","sticky":false,"template":"","format":"standard","meta":{"_rtcl_gb_attr":"","footnotes":""},"categories":[3],"tags":[],"class_list":["post-3710","post","type-post","status-publish","format-standard","has-post-thumbnail","hentry","category-spor"],"_links":{"self":[{"href":"https:\/\/turkiyemhaber.com\/index.php?rest_route=\/wp\/v2\/posts\/3710","targetHints":{"allow":["GET"]}}],"collection":[{"href":"https:\/\/turkiyemhaber.com\/index.php?rest_route=\/wp\/v2\/posts"}],"about":[{"href":"https:\/\/turkiyemhaber.com\/index.php?rest_route=\/wp\/v2\/types\/post"}],"author":[{"embeddable":true,"href":"https:\/\/turkiyemhaber.com\/index.php?rest_route=\/wp\/v2\/users\/1"}],"replies":[{"embeddable":true,"href":"https:\/\/turkiyemhaber.com\/index.php?rest_route=%2Fwp%2Fv2%2Fcomments&post=3710"}],"version-history":[{"count":1,"href":"https:\/\/turkiyemhaber.com\/index.php?rest_route=\/wp\/v2\/posts\/3710\/revisions"}],"predecessor-version":[{"id":3712,"href":"https:\/\/turkiyemhaber.com\/index.php?rest_route=\/wp\/v2\/posts\/3710\/revisions\/3712"}],"wp:featuredmedia":[{"embeddable":true,"href":"https:\/\/turkiyemhaber.com\/index.php?rest_route=\/wp\/v2\/media\/3711"}],"wp:attachment":[{"href":"https:\/\/turkiyemhaber.com\/index.php?rest_route=%2Fwp%2Fv2%2Fmedia&parent=3710"}],"wp:term":[{"taxonomy":"category","embeddable":true,"href":"https:\/\/turkiyemhaber.com\/index.php?rest_route=%2Fwp%2Fv2%2Fcategories&post=3710"},{"taxonomy":"post_tag","embeddable":true,"href":"https:\/\/turkiyemhaber.com\/index.php?rest_route=%2Fwp%2Fv2%2Ftags&post=3710"}],"curies":[{"name":"wp","href":"https:\/\/api.w.org\/{rel}","templated":true}]}}