{"id":3706,"date":"2026-07-02T16:29:43","date_gmt":"2026-07-02T16:29:43","guid":{"rendered":"https:\/\/turkiyemhaber.com\/?p=3706"},"modified":"2026-07-02T16:29:47","modified_gmt":"2026-07-02T16:29:47","slug":"altinda-ruzgar-tersine-dondu-abd-verisi-sonrasi-fiyatlar-sert-yukseldi","status":"publish","type":"post","link":"https:\/\/turkiyemhaber.com\/?p=3706","title":{"rendered":"Alt\u0131nda R\u00fczgar Tersine D\u00f6nd\u00fc! ABD Verisi Sonras\u0131 Fiyatlar Sert Y\u00fckseldi"},"content":{"rendered":"\n<p class=\"wp-block-paragraph\"><strong>ABD&#8217;den a\u00e7\u0131klanan tar\u0131m d\u0131\u015f\u0131 istihdam verilerinin beklentilerin alt\u0131nda kalmas\u0131n\u0131n ard\u0131ndan alt\u0131n fiyatlar\u0131nda g\u00fc\u00e7l\u00fc y\u00fckseli\u015f ya\u015fand\u0131. K\u00fcresel piyasalarda ons alt\u0131n son haftalar\u0131n en y\u00fcksek seviyesine ula\u015f\u0131rken, gram ve \u00e7eyrek alt\u0131n da i\u00e7 piyasada dikkat \u00e7eken art\u0131\u015f kaydetti.<\/strong><\/p>\n\n\n\n<h2 class=\"wp-block-heading\">ABD Verisi Alt\u0131n Fiyatlar\u0131n\u0131 Hareketlendirdi<\/h2>\n\n\n\n<p class=\"wp-block-paragraph\">K\u00fcresel piyasalar\u0131n yak\u0131ndan takip etti\u011fi ABD tar\u0131m d\u0131\u015f\u0131 istihdam verisinin beklentilerin alt\u0131nda gelmesi, yat\u0131r\u0131mc\u0131lar\u0131n g\u00fcvenli liman olarak g\u00f6r\u00fclen alt\u0131na y\u00f6nelmesine neden oldu.<\/p>\n\n\n\n<p class=\"wp-block-paragraph\">ABD ekonomisinde yava\u015flamaya i\u015faret eden verilerin ard\u0131ndan, faiz indirimi beklentilerinin g\u00fc\u00e7lenmesiyle birlikte alt\u0131na olan talep h\u0131zla artt\u0131.<\/p>\n\n\n\n<h2 class=\"wp-block-heading\">Ons Alt\u0131n Son Haftalar\u0131n Zirvesinde<\/h2>\n\n\n\n<p class=\"wp-block-paragraph\">Artan al\u0131mlar\u0131n etkisiyle <strong>spot ons alt\u0131n y\u00fczde 2,4 y\u00fckselerek 4.122 dolar seviyesine<\/strong> ula\u015ft\u0131. B\u00f6ylece ons alt\u0131n, <strong>23 Haziran&#8217;dan bu yana en y\u00fcksek seviyesini<\/strong> test etti.<\/p>\n\n\n\n<p class=\"wp-block-paragraph\">Analistler, k\u00fcresel ekonomik belirsizlikler ve merkez bankalar\u0131n\u0131n para politikalar\u0131na ili\u015fkin beklentilerin alt\u0131n fiyatlar\u0131 \u00fczerinde belirleyici olmaya devam edece\u011fini ifade ediyor.<\/p>\n\n\n\n<h2 class=\"wp-block-heading\">Gram Alt\u0131n 6 Bin Liran\u0131n \u00dczerinde<\/h2>\n\n\n\n<p class=\"wp-block-paragraph\">Uluslararas\u0131 piyasalardaki y\u00fckseli\u015f ve d\u00f6viz kurundaki hareketlilik, yurt i\u00e7i alt\u0131n fiyatlar\u0131na da yans\u0131d\u0131.<\/p>\n\n\n\n<p class=\"wp-block-paragraph\"><strong>Gram alt\u0131n y\u00fczde 2,3 de\u011fer kazanarak 6.250 TL seviyesine y\u00fckselirken<\/strong>, yat\u0131r\u0131mc\u0131lar\u0131n yak\u0131ndan takip etti\u011fi <strong>\u00e7eyrek alt\u0131n ise 10.200 TL s\u0131n\u0131r\u0131n\u0131 a\u015farak<\/strong> son d\u00f6nemin en y\u00fcksek seviyelerine ula\u015ft\u0131.<\/p>\n\n\n\n<figure class=\"wp-block-image size-full\"><img loading=\"lazy\" decoding=\"async\" width=\"640\" height=\"522\" src=\"https:\/\/turkiyemhaber.com\/wp-content\/uploads\/2026\/07\/altinda-ruzgar-tersine-dondu-s-69158280-1227_1_m.webp\" alt=\"\" class=\"wp-image-3708\" srcset=\"https:\/\/turkiyemhaber.com\/wp-content\/uploads\/2026\/07\/altinda-ruzgar-tersine-dondu-s-69158280-1227_1_m.webp 640w, https:\/\/turkiyemhaber.com\/wp-content\/uploads\/2026\/07\/altinda-ruzgar-tersine-dondu-s-69158280-1227_1_m-300x245.webp 300w, https:\/\/turkiyemhaber.com\/wp-content\/uploads\/2026\/07\/altinda-ruzgar-tersine-dondu-s-69158280-1227_1_m-15x12.webp 15w\" sizes=\"auto, (max-width: 640px) 100vw, 640px\" \/><\/figure>\n\n\n\n<h2 class=\"wp-block-heading\">G\u00fcvenli Limana Talep Art\u0131yor<\/h2>\n\n\n\n<p class=\"wp-block-paragraph\">Uzmanlar, k\u00fcresel ekonomik g\u00f6r\u00fcn\u00fcmdeki belirsizlikler, jeopolitik riskler ve faiz politikalar\u0131na ili\u015fkin beklentilerin alt\u0131na olan ilgiyi art\u0131rd\u0131\u011f\u0131n\u0131 belirtiyor.<\/p>\n\n\n\n<p class=\"wp-block-paragraph\">\u00d6n\u00fcm\u00fczdeki g\u00fcnlerde a\u00e7\u0131klanacak yeni ekonomik veriler ile ABD Merkez Bankas\u0131&#8217;n\u0131n (Fed) faiz politikas\u0131na ili\u015fkin mesajlar\u0131n\u0131n, alt\u0131n fiyatlar\u0131n\u0131n y\u00f6n\u00fc \u00fczerinde belirleyici olmas\u0131 bekleniyor.<\/p>\n","protected":false},"excerpt":{"rendered":"<p>ABD&#8217;den a\u00e7\u0131klanan tar\u0131m d\u0131\u015f\u0131 istihdam verilerinin beklentilerin alt\u0131nda kalmas\u0131n\u0131n ard\u0131ndan alt\u0131n fiyatlar\u0131nda g\u00fc\u00e7l\u00fc y\u00fckseli\u015f ya\u015fand\u0131.<\/p>\n","protected":false},"author":1,"featured_media":3707,"comment_status":"open","ping_status":"open","sticky":false,"template":"","format":"standard","meta":{"_rtcl_gb_attr":"","footnotes":""},"categories":[14],"tags":[],"class_list":["post-3706","post","type-post","status-publish","format-standard","has-post-thumbnail","hentry","category-ekonomi"],"_links":{"self":[{"href":"https:\/\/turkiyemhaber.com\/index.php?rest_route=\/wp\/v2\/posts\/3706","targetHints":{"allow":["GET"]}}],"collection":[{"href":"https:\/\/turkiyemhaber.com\/index.php?rest_route=\/wp\/v2\/posts"}],"about":[{"href":"https:\/\/turkiyemhaber.com\/index.php?rest_route=\/wp\/v2\/types\/post"}],"author":[{"embeddable":true,"href":"https:\/\/turkiyemhaber.com\/index.php?rest_route=\/wp\/v2\/users\/1"}],"replies":[{"embeddable":true,"href":"https:\/\/turkiyemhaber.com\/index.php?rest_route=%2Fwp%2Fv2%2Fcomments&post=3706"}],"version-history":[{"count":1,"href":"https:\/\/turkiyemhaber.com\/index.php?rest_route=\/wp\/v2\/posts\/3706\/revisions"}],"predecessor-version":[{"id":3709,"href":"https:\/\/turkiyemhaber.com\/index.php?rest_route=\/wp\/v2\/posts\/3706\/revisions\/3709"}],"wp:featuredmedia":[{"embeddable":true,"href":"https:\/\/turkiyemhaber.com\/index.php?rest_route=\/wp\/v2\/media\/3707"}],"wp:attachment":[{"href":"https:\/\/turkiyemhaber.com\/index.php?rest_route=%2Fwp%2Fv2%2Fmedia&parent=3706"}],"wp:term":[{"taxonomy":"category","embeddable":true,"href":"https:\/\/turkiyemhaber.com\/index.php?rest_route=%2Fwp%2Fv2%2Fcategories&post=3706"},{"taxonomy":"post_tag","embeddable":true,"href":"https:\/\/turkiyemhaber.com\/index.php?rest_route=%2Fwp%2Fv2%2Ftags&post=3706"}],"curies":[{"name":"wp","href":"https:\/\/api.w.org\/{rel}","templated":true}]}}