{"id":3703,"date":"2026-07-02T16:26:40","date_gmt":"2026-07-02T16:26:40","guid":{"rendered":"https:\/\/turkiyemhaber.com\/?p=3703"},"modified":"2026-07-02T16:26:45","modified_gmt":"2026-07-02T16:26:45","slug":"madimak-anmasinda-gerginlik-ozgur-ozele-vatandaslardan-tepki-burada-acimizi-yasiyoruz","status":"publish","type":"post","link":"https:\/\/turkiyemhaber.com\/?p=3703","title":{"rendered":"Mad\u0131mak Anmas\u0131nda Gerginlik! \u00d6zg\u00fcr \u00d6zel&#8217;e Vatanda\u015flardan Tepki: &#8220;Burada Ac\u0131m\u0131z\u0131 Ya\u015f\u0131yoruz&#8221;"},"content":{"rendered":"\n<p class=\"wp-block-paragraph\"><strong>Sivas&#8217;ta Mad\u0131mak Katliam\u0131&#8217;n\u0131n y\u0131l d\u00f6n\u00fcm\u00fcnde d\u00fczenlenen anma program\u0131nda gergin anlar ya\u015fand\u0131. CHP Genel Ba\u015fkan\u0131 \u00d6zg\u00fcr \u00d6zel&#8217;in de kat\u0131ld\u0131\u011f\u0131 y\u00fcr\u00fcy\u00fc\u015f s\u0131ras\u0131nda olu\u015fan yo\u011funluk nedeniyle baz\u0131 vatanda\u015flar tepki g\u00f6sterdi. Tepkilerin ard\u0131ndan \u00d6zel, vatanda\u015flardan \u00f6z\u00fcr diledi.<\/strong><\/p>\n\n\n\n<h2 class=\"wp-block-heading\">Mad\u0131mak Anmas\u0131nda Duygusal Anlar<\/h2>\n\n\n\n<p class=\"wp-block-paragraph\">2 Temmuz 1993&#8217;te Mad\u0131mak Oteli&#8217;nde ya\u015fam\u0131n\u0131 yitiren 33 ayd\u0131n ve 2 otel \u00e7al\u0131\u015fan\u0131 i\u00e7in Sivas&#8217;ta d\u00fczenlenen anma program\u0131na \u00e7ok say\u0131da vatanda\u015f, sivil toplum kurulu\u015fu temsilcisi ve siyasi isim kat\u0131ld\u0131.<\/p>\n\n\n\n<p class=\"wp-block-paragraph\">Anma y\u00fcr\u00fcy\u00fc\u015f\u00fc s\u0131ras\u0131nda CHP Genel Ba\u015fkan\u0131 <strong>\u00d6zg\u00fcr \u00d6zel<\/strong> ve beraberindeki heyetin de kortejde yer almas\u0131 nedeniyle alanda zaman zaman yo\u011funluk ya\u015fand\u0131.<\/p>\n\n\n\n<h2 class=\"wp-block-heading\">Vatanda\u015flardan Tepki Geldi<\/h2>\n\n\n\n<p class=\"wp-block-paragraph\">Y\u00fcr\u00fcy\u00fc\u015f s\u0131ras\u0131nda olu\u015fan kalabal\u0131k ve protokol yo\u011funlu\u011fu nedeniyle baz\u0131 vatanda\u015flar tepki g\u00f6sterdi.<\/p>\n\n\n\n<p class=\"wp-block-paragraph\">Tepkisini dile getiren vatanda\u015flar, <strong>&#8220;Burada ac\u0131m\u0131z\u0131 ya\u015f\u0131yoruz, siz neyin pe\u015findesiniz? \u00c7\u0131k\u0131n d\u0131\u015far\u0131da yap\u0131n siyasetinizi.&#8221;<\/strong> ifadelerini kullanarak anma program\u0131n\u0131n siyasi tart\u0131\u015fmalardan uzak tutulmas\u0131 gerekti\u011fini dile getirdi.<\/p>\n\n\n\n<p class=\"wp-block-paragraph\">Ya\u015fanan k\u0131sa s\u00fcreli gerginlik \u00e7evrede bulunanlar\u0131n da dikkatini \u00e7ekti.<\/p>\n\n\n\n<h2 class=\"wp-block-heading\">\u00d6zg\u00fcr \u00d6zel&#8217;den \u00d6z\u00fcr<\/h2>\n\n\n\n<p class=\"wp-block-paragraph\">Vatanda\u015flar\u0131n tepkisi \u00fczerine CHP Genel Ba\u015fkan\u0131 \u00d6zg\u00fcr \u00d6zel, ya\u015fanan yo\u011funluk nedeniyle alandakilerden \u00f6z\u00fcr diledi.<\/p>\n\n\n\n<p class=\"wp-block-paragraph\">\u00d6zel&#8217;in \u00f6zr\u00fcn\u00fcn ard\u0131ndan gerginlik b\u00fcy\u00fcmeden sona ererken, anma program\u0131 planlanan \u015fekilde devam etti.<\/p>\n\n\n\n<h2 class=\"wp-block-heading\">Anma Program\u0131 Tamamland\u0131<\/h2>\n\n\n\n<p class=\"wp-block-paragraph\">Ya\u015fanan k\u0131sa s\u00fcreli tart\u0131\u015fman\u0131n ard\u0131ndan kat\u0131l\u0131mc\u0131lar Mad\u0131mak Katliam\u0131&#8217;nda hayat\u0131n\u0131 kaybedenleri anmak i\u00e7in d\u00fczenlenen etkinliklere devam etti.<\/p>\n\n\n\n<p class=\"wp-block-paragraph\">Her y\u0131l oldu\u011fu gibi bu y\u0131l da d\u00fczenlenen anma program\u0131nda ya\u015fam\u0131n\u0131 yitirenler sayg\u0131 ve \u00f6zlemle an\u0131l\u0131rken, etkinlik olays\u0131z \u015fekilde sona erdi.<\/p>\n","protected":false},"excerpt":{"rendered":"<p>Sivas&#8217;ta Mad\u0131mak Katliam\u0131&#8217;n\u0131n y\u0131l d\u00f6n\u00fcm\u00fcnde d\u00fczenlenen anma program\u0131nda gergin anlar ya\u015fand\u0131. CHP Genel Ba\u015fkan\u0131 \u00d6zg\u00fcr<\/p>\n","protected":false},"author":1,"featured_media":3704,"comment_status":"open","ping_status":"open","sticky":false,"template":"","format":"standard","meta":{"_rtcl_gb_attr":"","footnotes":""},"categories":[1],"tags":[],"class_list":["post-3703","post","type-post","status-publish","format-standard","has-post-thumbnail","hentry","category-http-turkiyemhaber-com-wp-content-uploads-2026-03-saray-59-haber-13-mart-pdf"],"_links":{"self":[{"href":"https:\/\/turkiyemhaber.com\/index.php?rest_route=\/wp\/v2\/posts\/3703","targetHints":{"allow":["GET"]}}],"collection":[{"href":"https:\/\/turkiyemhaber.com\/index.php?rest_route=\/wp\/v2\/posts"}],"about":[{"href":"https:\/\/turkiyemhaber.com\/index.php?rest_route=\/wp\/v2\/types\/post"}],"author":[{"embeddable":true,"href":"https:\/\/turkiyemhaber.com\/index.php?rest_route=\/wp\/v2\/users\/1"}],"replies":[{"embeddable":true,"href":"https:\/\/turkiyemhaber.com\/index.php?rest_route=%2Fwp%2Fv2%2Fcomments&post=3703"}],"version-history":[{"count":1,"href":"https:\/\/turkiyemhaber.com\/index.php?rest_route=\/wp\/v2\/posts\/3703\/revisions"}],"predecessor-version":[{"id":3705,"href":"https:\/\/turkiyemhaber.com\/index.php?rest_route=\/wp\/v2\/posts\/3703\/revisions\/3705"}],"wp:featuredmedia":[{"embeddable":true,"href":"https:\/\/turkiyemhaber.com\/index.php?rest_route=\/wp\/v2\/media\/3704"}],"wp:attachment":[{"href":"https:\/\/turkiyemhaber.com\/index.php?rest_route=%2Fwp%2Fv2%2Fmedia&parent=3703"}],"wp:term":[{"taxonomy":"category","embeddable":true,"href":"https:\/\/turkiyemhaber.com\/index.php?rest_route=%2Fwp%2Fv2%2Fcategories&post=3703"},{"taxonomy":"post_tag","embeddable":true,"href":"https:\/\/turkiyemhaber.com\/index.php?rest_route=%2Fwp%2Fv2%2Ftags&post=3703"}],"curies":[{"name":"wp","href":"https:\/\/api.w.org\/{rel}","templated":true}]}}