{"id":3698,"date":"2026-07-02T16:23:32","date_gmt":"2026-07-02T16:23:32","guid":{"rendered":"https:\/\/turkiyemhaber.com\/?p=3698"},"modified":"2026-07-02T16:23:36","modified_gmt":"2026-07-02T16:23:36","slug":"komedyen-deniz-goktas-gozaltina-alindi-havalimanindan-ters-kelepceyle-emniyete-goturuldu","status":"publish","type":"post","link":"https:\/\/turkiyemhaber.com\/?p=3698","title":{"rendered":"Komedyen Deniz G\u00f6kta\u015f G\u00f6zalt\u0131na Al\u0131nd\u0131! Havaliman\u0131ndan Ters Kelep\u00e7eyle Emniyete G\u00f6t\u00fcr\u00fcld\u00fc"},"content":{"rendered":"\n<p class=\"wp-block-paragraph\"><strong>Stand-up sanat\u00e7\u0131s\u0131 Deniz G\u00f6kta\u015f hakk\u0131nda, &#8220;\u00d6l\u00fc Deniz&#8221; isimli g\u00f6sterisinde kulland\u0131\u011f\u0131 ifadeler nedeniyle &#8220;halk\u0131n bir kesiminin benimsedi\u011fi dini de\u011ferleri alenen a\u015fa\u011f\u0131lama&#8221; su\u00e7lamas\u0131yla resen soru\u015fturma ba\u015flat\u0131ld\u0131. \u0130stanbul Havaliman\u0131&#8217;nda g\u00f6zalt\u0131na al\u0131nan G\u00f6kta\u015f&#8217;\u0131n emniyete ters kelep\u00e7eyle g\u00f6t\u00fcr\u00fcld\u00fc\u011f\u00fc anlar kameralara yans\u0131d\u0131.<\/strong><\/p>\n\n\n\n<h2 class=\"wp-block-heading\">Ba\u015fsavc\u0131l\u0131k Resen Soru\u015fturma Ba\u015flatt\u0131<\/h2>\n\n\n\n<p class=\"wp-block-paragraph\">\u0130stanbul Cumhuriyet Ba\u015fsavc\u0131l\u0131\u011f\u0131, stand-up sanat\u00e7\u0131s\u0131 <strong>\u0130mran Deniz G\u00f6kta\u015f<\/strong> hakk\u0131nda, &#8220;\u00d6l\u00fc Deniz&#8221; adl\u0131 g\u00f6sterisinde kulland\u0131\u011f\u0131 ifadeler nedeniyle <strong>&#8220;halk\u0131n bir kesiminin benimsedi\u011fi dini de\u011ferleri alenen a\u015fa\u011f\u0131lama&#8221;<\/strong> su\u00e7undan resen soru\u015fturma ba\u015flat\u0131ld\u0131\u011f\u0131n\u0131 a\u00e7\u0131klad\u0131.<\/p>\n\n\n\n<p class=\"wp-block-paragraph\">Ba\u015fsavc\u0131l\u0131k taraf\u0131ndan yap\u0131lan a\u00e7\u0131klamada, ayn\u0131 konuya ili\u015fkin yap\u0131lan <strong>185 C\u0130MER ba\u015fvurusunun<\/strong> toplu olarak de\u011ferlendirildi\u011fi ve bu kapsamda soru\u015fturma a\u00e7\u0131ld\u0131\u011f\u0131 belirtildi.<\/p>\n\n\n\n<h2 class=\"wp-block-heading\">\u0130stanbul Havaliman\u0131&#8217;nda G\u00f6zalt\u0131na Al\u0131nd\u0131<\/h2>\n\n\n\n<p class=\"wp-block-paragraph\">Soru\u015fturma kapsam\u0131nda Deniz G\u00f6kta\u015f, <strong>2 Temmuz&#8217;da \u0130stanbul Havaliman\u0131&#8217;ndan T\u00fcrkiye&#8217;ye giri\u015f yapt\u0131\u011f\u0131 s\u0131rada<\/strong> g\u00fcvenlik g\u00fc\u00e7leri taraf\u0131ndan g\u00f6zalt\u0131na al\u0131nd\u0131.<\/p>\n\n\n\n<p class=\"wp-block-paragraph\">\u015e\u00fcphelinin, soru\u015fturmay\u0131 y\u00fcr\u00fcten \u0130stanbul G\u00fcvenlik \u015eube M\u00fcd\u00fcrl\u00fc\u011f\u00fc ekiplerine teslim edilerek emniyetteki i\u015flemlerine ba\u015fland\u0131\u011f\u0131 bildirildi.<\/p>\n\n\n\n<figure class=\"wp-block-image size-full\"><img loading=\"lazy\" decoding=\"async\" width=\"640\" height=\"443\" src=\"https:\/\/turkiyemhaber.com\/wp-content\/uploads\/2026\/07\/deniz-goktasa-ters-kelepce-tak-20013282-3999_1_m.webp\" alt=\"\" class=\"wp-image-3700\" srcset=\"https:\/\/turkiyemhaber.com\/wp-content\/uploads\/2026\/07\/deniz-goktasa-ters-kelepce-tak-20013282-3999_1_m.webp 640w, https:\/\/turkiyemhaber.com\/wp-content\/uploads\/2026\/07\/deniz-goktasa-ters-kelepce-tak-20013282-3999_1_m-300x208.webp 300w, https:\/\/turkiyemhaber.com\/wp-content\/uploads\/2026\/07\/deniz-goktasa-ters-kelepce-tak-20013282-3999_1_m-18x12.webp 18w, https:\/\/turkiyemhaber.com\/wp-content\/uploads\/2026\/07\/deniz-goktasa-ters-kelepce-tak-20013282-3999_1_m-150x105.webp 150w\" sizes=\"auto, (max-width: 640px) 100vw, 640px\" \/><\/figure>\n\n\n\n<h2 class=\"wp-block-heading\">Ba\u015fsavc\u0131l\u0131ktan A\u00e7\u0131klama<\/h2>\n\n\n\n<p class=\"wp-block-paragraph\">\u0130stanbul Cumhuriyet Ba\u015fsavc\u0131l\u0131\u011f\u0131&#8217;n\u0131n a\u00e7\u0131klamas\u0131nda \u015fu ifadelere yer verildi:<\/p>\n\n\n\n<p class=\"wp-block-paragraph\"><em>&#8220;\u0130stanbul Cumhuriyet Ba\u015fsavc\u0131l\u0131\u011f\u0131na intikal eden 185 adet C\u0130MER ba\u015fvurusu ayn\u0131 konuya ili\u015fkin olmas\u0131 nedeniyle toplu olarak de\u011ferlendirilmi\u015f; ilgili \u015fah\u0131s hakk\u0131nda &#8216;halk\u0131n bir kesiminin benimsedi\u011fi dini de\u011ferleri alenen a\u015fa\u011f\u0131lama&#8217; su\u00e7u kapsam\u0131nda resen soru\u015fturma ba\u015flat\u0131lm\u0131\u015ft\u0131r. \u015e\u00fcpheli \u0130mran Deniz G\u00f6kta\u015f, 2 Temmuz tarihinde \u0130stanbul Havaliman\u0131&#8217;nda yakalanm\u0131\u015ft\u0131r. Soru\u015fturma titizlikle s\u00fcrd\u00fcr\u00fclmektedir.&#8221;<\/em><\/p>\n\n\n\n<h2 class=\"wp-block-heading\">Ters Kelep\u00e7eyle Emniyete G\u00f6t\u00fcr\u00fcld\u00fc<\/h2>\n\n\n\n<p class=\"wp-block-paragraph\">G\u00f6zalt\u0131 i\u015fleminin ard\u0131ndan Deniz G\u00f6kta\u015f&#8217;\u0131n iki polis e\u015fli\u011finde <strong>ters kelep\u00e7e tak\u0131larak<\/strong> emniyete g\u00f6t\u00fcr\u00fcld\u00fc\u011f\u00fc anlar g\u00f6r\u00fcnt\u00fclendi.<\/p>\n\n\n\n<p class=\"wp-block-paragraph\">S\u00f6z konusu g\u00f6r\u00fcnt\u00fcler k\u0131sa s\u00fcrede sosyal medyada g\u00fcndem olurken, g\u00f6zalt\u0131 i\u015fleminin uygulan\u0131\u015f bi\u00e7imi de kamuoyunda farkl\u0131 de\u011ferlendirmelere neden oldu.<\/p>\n\n\n\n<figure class=\"wp-block-image size-full\"><img loading=\"lazy\" decoding=\"async\" width=\"640\" height=\"898\" src=\"https:\/\/turkiyemhaber.com\/wp-content\/uploads\/2026\/07\/deniz-goktasa-ters-kelepce-tak-20013282-7749_1_m.webp\" alt=\"\" class=\"wp-image-3701\" srcset=\"https:\/\/turkiyemhaber.com\/wp-content\/uploads\/2026\/07\/deniz-goktasa-ters-kelepce-tak-20013282-7749_1_m.webp 640w, https:\/\/turkiyemhaber.com\/wp-content\/uploads\/2026\/07\/deniz-goktasa-ters-kelepce-tak-20013282-7749_1_m-214x300.webp 214w, https:\/\/turkiyemhaber.com\/wp-content\/uploads\/2026\/07\/deniz-goktasa-ters-kelepce-tak-20013282-7749_1_m-9x12.webp 9w\" sizes=\"auto, (max-width: 640px) 100vw, 640px\" \/><\/figure>\n\n\n\n<h2 class=\"wp-block-heading\">Adliyeye Sevk Edilmesi Bekleniyor<\/h2>\n\n\n\n<p class=\"wp-block-paragraph\">Emniyetteki ifade ve di\u011fer i\u015flemlerinin tamamlanmas\u0131n\u0131n ard\u0131ndan Deniz G\u00f6kta\u015f&#8217;\u0131n adliyeye sevk edilmesi bekleniyor.<\/p>\n\n\n\n<p class=\"wp-block-paragraph\">Soru\u015fturma, \u0130stanbul Cumhuriyet Ba\u015fsavc\u0131l\u0131\u011f\u0131 taraf\u0131ndan y\u00fcr\u00fct\u00fclmeye devam ediyor.<\/p>\n","protected":false},"excerpt":{"rendered":"<p>Stand-up sanat\u00e7\u0131s\u0131 Deniz G\u00f6kta\u015f hakk\u0131nda, &#8220;\u00d6l\u00fc Deniz&#8221; isimli g\u00f6sterisinde kulland\u0131\u011f\u0131 ifadeler nedeniyle &#8220;halk\u0131n bir kesiminin<\/p>\n","protected":false},"author":1,"featured_media":3699,"comment_status":"open","ping_status":"open","sticky":false,"template":"","format":"standard","meta":{"_rtcl_gb_attr":"","footnotes":""},"categories":[1],"tags":[],"class_list":["post-3698","post","type-post","status-publish","format-standard","has-post-thumbnail","hentry","category-http-turkiyemhaber-com-wp-content-uploads-2026-03-saray-59-haber-13-mart-pdf"],"_links":{"self":[{"href":"https:\/\/turkiyemhaber.com\/index.php?rest_route=\/wp\/v2\/posts\/3698","targetHints":{"allow":["GET"]}}],"collection":[{"href":"https:\/\/turkiyemhaber.com\/index.php?rest_route=\/wp\/v2\/posts"}],"about":[{"href":"https:\/\/turkiyemhaber.com\/index.php?rest_route=\/wp\/v2\/types\/post"}],"author":[{"embeddable":true,"href":"https:\/\/turkiyemhaber.com\/index.php?rest_route=\/wp\/v2\/users\/1"}],"replies":[{"embeddable":true,"href":"https:\/\/turkiyemhaber.com\/index.php?rest_route=%2Fwp%2Fv2%2Fcomments&post=3698"}],"version-history":[{"count":1,"href":"https:\/\/turkiyemhaber.com\/index.php?rest_route=\/wp\/v2\/posts\/3698\/revisions"}],"predecessor-version":[{"id":3702,"href":"https:\/\/turkiyemhaber.com\/index.php?rest_route=\/wp\/v2\/posts\/3698\/revisions\/3702"}],"wp:featuredmedia":[{"embeddable":true,"href":"https:\/\/turkiyemhaber.com\/index.php?rest_route=\/wp\/v2\/media\/3699"}],"wp:attachment":[{"href":"https:\/\/turkiyemhaber.com\/index.php?rest_route=%2Fwp%2Fv2%2Fmedia&parent=3698"}],"wp:term":[{"taxonomy":"category","embeddable":true,"href":"https:\/\/turkiyemhaber.com\/index.php?rest_route=%2Fwp%2Fv2%2Fcategories&post=3698"},{"taxonomy":"post_tag","embeddable":true,"href":"https:\/\/turkiyemhaber.com\/index.php?rest_route=%2Fwp%2Fv2%2Ftags&post=3698"}],"curies":[{"name":"wp","href":"https:\/\/api.w.org\/{rel}","templated":true}]}}