{"id":3694,"date":"2026-07-02T16:21:27","date_gmt":"2026-07-02T16:21:27","guid":{"rendered":"https:\/\/turkiyemhaber.com\/?p=3694"},"modified":"2026-07-02T16:21:32","modified_gmt":"2026-07-02T16:21:32","slug":"konyada-10-yasindaki-cocuga-siddet-kazmayla-doven-supheli-adli-kontrolle-serbest-birakildi","status":"publish","type":"post","link":"https:\/\/turkiyemhaber.com\/?p=3694","title":{"rendered":"Konya&#8217;da 10 Ya\u015f\u0131ndaki \u00c7ocu\u011fa \u015eiddet! Kazmayla D\u00f6ven \u015e\u00fcpheli Adli Kontrolle Serbest B\u0131rak\u0131ld\u0131"},"content":{"rendered":"\n<p class=\"wp-block-paragraph\"><strong>Konya&#8217;da 10 ya\u015f\u0131ndaki bir \u00e7ocu\u011fun, parkta ya\u015fad\u0131\u011f\u0131 tart\u0131\u015fman\u0131n ard\u0131ndan babas\u0131n\u0131n amcas\u0131 taraf\u0131ndan \u015fiddete maruz kalmas\u0131 infial yaratt\u0131. Cep telefonu kameras\u0131na yans\u0131yan g\u00f6r\u00fcnt\u00fclerde, elinde kazmayla \u00e7ocu\u011fu darbeden \u015f\u00fcpheli H.A., \u00e7\u0131kar\u0131ld\u0131\u011f\u0131 mahkemece adli kontrol \u015fart\u0131yla serbest b\u0131rak\u0131ld\u0131.<\/strong><\/p>\n\n\n\n<h2 class=\"wp-block-heading\">Parktaki Tart\u0131\u015fma Sonras\u0131 \u015eiddet \u0130ddias\u0131<\/h2>\n\n\n\n<p class=\"wp-block-paragraph\">Olay, Konya&#8217;n\u0131n Karatay il\u00e7esinde meydana geldi.<\/p>\n\n\n\n<p class=\"wp-block-paragraph\">\u0130ddiaya g\u00f6re, 10 ya\u015f\u0131ndaki M.A.A. parkta ya\u015f\u0131tlar\u0131yla tart\u0131\u015ft\u0131. Olay\u0131n ard\u0131ndan babas\u0131n\u0131n amcas\u0131 oldu\u011fu belirtilen H.A., \u00e7ocu\u011fu evde darbetti.<\/p>\n\n\n\n<p class=\"wp-block-paragraph\">Ya\u015fanan \u015fiddet anlar\u0131 ise cep telefonu kameras\u0131yla saniye saniye kaydedildi.<\/p>\n\n\n\n<figure class=\"wp-block-image size-large\"><img loading=\"lazy\" decoding=\"async\" width=\"578\" height=\"1024\" src=\"https:\/\/turkiyemhaber.com\/wp-content\/uploads\/2026\/07\/10-yasindaki-cocugu-dovdu-adli-20012977-9432_1_m-578x1024.webp\" alt=\"\" class=\"wp-image-3696\" srcset=\"https:\/\/turkiyemhaber.com\/wp-content\/uploads\/2026\/07\/10-yasindaki-cocugu-dovdu-adli-20012977-9432_1_m-578x1024.webp 578w, https:\/\/turkiyemhaber.com\/wp-content\/uploads\/2026\/07\/10-yasindaki-cocugu-dovdu-adli-20012977-9432_1_m-169x300.webp 169w, https:\/\/turkiyemhaber.com\/wp-content\/uploads\/2026\/07\/10-yasindaki-cocugu-dovdu-adli-20012977-9432_1_m-7x12.webp 7w, https:\/\/turkiyemhaber.com\/wp-content\/uploads\/2026\/07\/10-yasindaki-cocugu-dovdu-adli-20012977-9432_1_m.webp 640w\" sizes=\"auto, (max-width: 578px) 100vw, 578px\" \/><\/figure>\n\n\n\n<h2 class=\"wp-block-heading\">&#8220;Seni \u00d6ld\u00fcr\u00fcr\u00fcm&#8221; Diyerek Darbetti<\/h2>\n\n\n\n<p class=\"wp-block-paragraph\">G\u00f6r\u00fcnt\u00fclerde, elinde kazma bulunan H.A.&#8217;n\u0131n kolundan tuttu\u011fu k\u00fc\u00e7\u00fck \u00e7ocu\u011fu sert \u015fekilde itekledi\u011fi, havaya kald\u0131r\u0131p yere f\u0131rlatt\u0131\u011f\u0131 g\u00f6r\u00fcl\u00fcyor.<\/p>\n\n\n\n<p class=\"wp-block-paragraph\">Yere d\u00fc\u015ferken ba\u015f\u0131n\u0131 \u00e7arpan M.A.A.&#8217;n\u0131n ac\u0131yla ba\u015f\u0131n\u0131 tuttu\u011fu anlar kameraya yans\u0131rken, H.A.&#8217;n\u0131n \u00e7ocu\u011fa <strong>&#8220;Seni \u00f6ld\u00fcr\u00fcr\u00fcm&#8221;<\/strong> diyerek tehditte bulundu\u011fu ve ard\u0131ndan tokat att\u0131\u011f\u0131 da g\u00f6r\u00fcnt\u00fclerde yer ald\u0131.<\/p>\n\n\n\n<p class=\"wp-block-paragraph\">Korku ya\u015fayan k\u00fc\u00e7\u00fck \u00e7ocu\u011fun ise <strong>&#8220;Tamam&#8221;<\/strong> diyerek kar\u015f\u0131l\u0131k verdi\u011fi duyuldu.<\/p>\n\n\n\n<h2 class=\"wp-block-heading\">G\u00f6r\u00fcnt\u00fcler Ortaya \u00c7\u0131k\u0131nca Polis Harekete Ge\u00e7ti<\/h2>\n\n\n\n<p class=\"wp-block-paragraph\">\u015eiddet g\u00f6r\u00fcnt\u00fclerinin sosyal medyada ve bas\u0131nda yer almas\u0131n\u0131n ard\u0131ndan Konya \u0130l Emniyet M\u00fcd\u00fcrl\u00fc\u011f\u00fc ekipleri olayla ilgili \u00e7al\u0131\u015fma ba\u015flatt\u0131.<\/p>\n\n\n\n<p class=\"wp-block-paragraph\">Kimli\u011fi belirlenen H.A. g\u00f6zalt\u0131na al\u0131narak emniyete g\u00f6t\u00fcr\u00fcld\u00fc.<\/p>\n\n\n\n<h2 class=\"wp-block-heading\">Adli Kontrol \u015eart\u0131yla Serbest B\u0131rak\u0131ld\u0131<\/h2>\n\n\n\n<p class=\"wp-block-paragraph\">Emniyetteki i\u015flemlerinin ard\u0131ndan adliyeye sevk edilen \u015f\u00fcpheli H.A., \u00e7\u0131kar\u0131ld\u0131\u011f\u0131 mahkeme taraf\u0131ndan <strong>adli kontrol \u015fart\u0131yla serbest b\u0131rak\u0131ld\u0131.<\/strong><\/p>\n\n\n\n<p class=\"wp-block-paragraph\">Olayda \u015fiddete maruz kalan 10 ya\u015f\u0131ndaki M.A.A.&#8217;n\u0131n sa\u011fl\u0131k durumunun iyi oldu\u011fu \u00f6\u011frenildi.<\/p>\n\n\n\n<h2 class=\"wp-block-heading\">Soru\u015fturma S\u00fcr\u00fcyor<\/h2>\n\n\n\n<p class=\"wp-block-paragraph\">Olayla ilgili adli s\u00fcrecin devam etti\u011fi \u00f6\u011frenilirken, kamuoyunda b\u00fcy\u00fck tepki \u00e7eken g\u00f6r\u00fcnt\u00fcler sosyal medyada da geni\u015f yank\u0131 uyand\u0131rd\u0131. Yetkililerin olayla ilgili soru\u015fturmay\u0131 \u00e7ok y\u00f6nl\u00fc olarak s\u00fcrd\u00fcrd\u00fc\u011f\u00fc bildirildi.<\/p>\n","protected":false},"excerpt":{"rendered":"<p>Konya&#8217;da 10 ya\u015f\u0131ndaki bir \u00e7ocu\u011fun, parkta ya\u015fad\u0131\u011f\u0131 tart\u0131\u015fman\u0131n ard\u0131ndan babas\u0131n\u0131n amcas\u0131 taraf\u0131ndan \u015fiddete maruz kalmas\u0131<\/p>\n","protected":false},"author":1,"featured_media":3695,"comment_status":"open","ping_status":"open","sticky":false,"template":"","format":"standard","meta":{"_rtcl_gb_attr":"","footnotes":""},"categories":[1],"tags":[],"class_list":["post-3694","post","type-post","status-publish","format-standard","has-post-thumbnail","hentry","category-http-turkiyemhaber-com-wp-content-uploads-2026-03-saray-59-haber-13-mart-pdf"],"_links":{"self":[{"href":"https:\/\/turkiyemhaber.com\/index.php?rest_route=\/wp\/v2\/posts\/3694","targetHints":{"allow":["GET"]}}],"collection":[{"href":"https:\/\/turkiyemhaber.com\/index.php?rest_route=\/wp\/v2\/posts"}],"about":[{"href":"https:\/\/turkiyemhaber.com\/index.php?rest_route=\/wp\/v2\/types\/post"}],"author":[{"embeddable":true,"href":"https:\/\/turkiyemhaber.com\/index.php?rest_route=\/wp\/v2\/users\/1"}],"replies":[{"embeddable":true,"href":"https:\/\/turkiyemhaber.com\/index.php?rest_route=%2Fwp%2Fv2%2Fcomments&post=3694"}],"version-history":[{"count":1,"href":"https:\/\/turkiyemhaber.com\/index.php?rest_route=\/wp\/v2\/posts\/3694\/revisions"}],"predecessor-version":[{"id":3697,"href":"https:\/\/turkiyemhaber.com\/index.php?rest_route=\/wp\/v2\/posts\/3694\/revisions\/3697"}],"wp:featuredmedia":[{"embeddable":true,"href":"https:\/\/turkiyemhaber.com\/index.php?rest_route=\/wp\/v2\/media\/3695"}],"wp:attachment":[{"href":"https:\/\/turkiyemhaber.com\/index.php?rest_route=%2Fwp%2Fv2%2Fmedia&parent=3694"}],"wp:term":[{"taxonomy":"category","embeddable":true,"href":"https:\/\/turkiyemhaber.com\/index.php?rest_route=%2Fwp%2Fv2%2Fcategories&post=3694"},{"taxonomy":"post_tag","embeddable":true,"href":"https:\/\/turkiyemhaber.com\/index.php?rest_route=%2Fwp%2Fv2%2Ftags&post=3694"}],"curies":[{"name":"wp","href":"https:\/\/api.w.org\/{rel}","templated":true}]}}