{"id":3691,"date":"2026-07-02T16:14:17","date_gmt":"2026-07-02T16:14:17","guid":{"rendered":"https:\/\/turkiyemhaber.com\/?p=3691"},"modified":"2026-07-02T16:14:21","modified_gmt":"2026-07-02T16:14:21","slug":"cinden-kavurucu-sicaklara-teknolojik-cozum-cati-yagmur-sistemi-dakikalar-icinde-serinletiyor","status":"publish","type":"post","link":"https:\/\/turkiyemhaber.com\/?p=3691","title":{"rendered":"\u00c7in&#8217;den Kavurucu S\u0131caklara Teknolojik \u00c7\u00f6z\u00fcm! \u00c7at\u0131 Ya\u011fmur Sistemi Dakikalar \u0130\u00e7inde Serinletiyor"},"content":{"rendered":"\n<p class=\"wp-block-paragraph\"><strong>K\u00fcresel \u0131s\u0131nman\u0131n etkisiyle rekor s\u0131cakl\u0131klar\u0131n ya\u015fand\u0131\u011f\u0131 \u00c7in, \u015fehirlerdeki a\u015f\u0131r\u0131 s\u0131caklarla m\u00fccadele i\u00e7in dikkat \u00e7eken bir uygulamay\u0131 hayata ge\u00e7irdi. Binalar\u0131n \u00e7at\u0131lar\u0131na kurulan &#8220;\u00e7at\u0131 ya\u011fmur sistemi&#8221;, ortam s\u0131cakl\u0131\u011f\u0131n\u0131 yaln\u0131zca birka\u00e7 dakika i\u00e7inde 5 ila 8 derece d\u00fc\u015f\u00fcrerek hem vatanda\u015flara serinlik sa\u011fl\u0131yor hem de enerji t\u00fcketimini azaltmay\u0131 hedefliyor.<\/strong><\/p>\n\n\n\n<h2 class=\"wp-block-heading\">A\u015f\u0131r\u0131 S\u0131caklara Kar\u015f\u0131 Yeni Nesil Sistem<\/h2>\n\n\n\n<p class=\"wp-block-paragraph\">Son y\u0131llarda k\u00fcresel iklim de\u011fi\u015fikli\u011fi nedeniyle rekor seviyelere ula\u015fan hava s\u0131cakl\u0131klar\u0131, bir\u00e7ok \u00fclkeyi alternatif serinletme y\u00f6ntemleri geli\u015ftirmeye y\u00f6neltti.<\/p>\n\n\n\n<p class=\"wp-block-paragraph\">\u00c7in&#8217;de \u00f6zellikle yo\u011fun betonla\u015fman\u0131n ya\u015fand\u0131\u011f\u0131 b\u00fcy\u00fck \u015fehirlerde uygulamaya al\u0131nan <strong>\u00e7at\u0131 ya\u011fmur sistemi<\/strong>, s\u0131cak hava dalgalar\u0131n\u0131n etkisini azaltmak amac\u0131yla kullan\u0131lmaya ba\u015fland\u0131.<\/p>\n\n\n\n<h2 class=\"wp-block-heading\">\u00c7at\u0131lardan Yapay Ya\u011fmur Ya\u011f\u0131yor<\/h2>\n\n\n\n<p class=\"wp-block-paragraph\">Sistemde, binalar\u0131n \u00e7at\u0131lar\u0131na yerle\u015ftirilen \u00f6zel p\u00fcsk\u00fcrtme mekanizmalar\u0131 sayesinde su, ince damlac\u0131klar halinde atmosfere b\u0131rak\u0131l\u0131yor.<\/p>\n\n\n\n<p class=\"wp-block-paragraph\">Bu y\u00f6ntemle \u00e7at\u0131lar ve bina y\u00fczeyleri h\u0131zla so\u011furken, buharla\u015fma etkisi sayesinde \u00e7evredeki hava s\u0131cakl\u0131\u011f\u0131nda da k\u0131sa s\u00fcrede \u00f6nemli bir d\u00fc\u015f\u00fc\u015f sa\u011flan\u0131yor.<\/p>\n\n\n\n<h2 class=\"wp-block-heading\">S\u0131cakl\u0131k 5-8 Derece Azal\u0131yor<\/h2>\n\n\n\n<p class=\"wp-block-paragraph\">Yetkililerin payla\u015ft\u0131\u011f\u0131 bilgilere g\u00f6re sistem, \u00e7al\u0131\u015ft\u0131r\u0131ld\u0131ktan yaln\u0131zca birka\u00e7 dakika sonra bulundu\u011fu b\u00f6lgede s\u0131cakl\u0131\u011f\u0131 <strong>5 ila 8 derece<\/strong> aras\u0131nda d\u00fc\u015f\u00fcrebiliyor.<\/p>\n\n\n\n<p class=\"wp-block-paragraph\">\u00d6zellikle g\u00fcn\u00fcn en s\u0131cak saatlerinde devreye al\u0131nan uygulama, kent merkezlerinde olu\u015fan &#8220;\u0131s\u0131 adas\u0131 etkisini&#8221; azaltmay\u0131 hedefliyor.<\/p>\n\n\n\n<h2 class=\"wp-block-heading\">Klima Kullan\u0131m\u0131n\u0131 da Azaltacak<\/h2>\n\n\n\n<p class=\"wp-block-paragraph\">\u00c7at\u0131 ya\u011fmur sisteminin yaln\u0131zca serinlik sa\u011flamakla kalmay\u0131p enerji tasarrufuna da katk\u0131 sunmas\u0131 bekleniyor.<\/p>\n\n\n\n<p class=\"wp-block-paragraph\">Binalar\u0131n d\u0131\u015f cephelerinin so\u011fumas\u0131yla birlikte klima kullan\u0131m ihtiyac\u0131n\u0131n azalaca\u011f\u0131, bunun da elektrik t\u00fcketimi ile karbon emisyonlar\u0131n\u0131n d\u00fc\u015f\u00fcr\u00fclmesine katk\u0131 sa\u011flayaca\u011f\u0131 belirtiliyor.<\/p>\n\n\n\n<h2 class=\"wp-block-heading\">Sosyal Medyada G\u00fcndem Oldu<\/h2>\n\n\n\n<p class=\"wp-block-paragraph\">\u00c7at\u0131 ya\u011fmur sistemine ait g\u00f6r\u00fcnt\u00fcler k\u0131sa s\u00fcrede sosyal medyada geni\u015f ilgi g\u00f6rd\u00fc.<\/p>\n\n\n\n<p class=\"wp-block-paragraph\">Bir\u00e7ok kullan\u0131c\u0131 uygulamay\u0131 iklim de\u011fi\u015fikli\u011fiyle m\u00fccadelede yenilik\u00e7i bir \u00e7\u00f6z\u00fcm olarak de\u011ferlendirirken, benzer sistemlerin a\u015f\u0131r\u0131 s\u0131caklar\u0131n etkili oldu\u011fu di\u011fer \u00fclkelerde de kullan\u0131labilece\u011fine y\u00f6nelik yorumlar yap\u0131ld\u0131.<\/p>\n\n\n\n<h2 class=\"wp-block-heading\">K\u00fcresel Is\u0131nmayla M\u00fccadelede Yeni Bir Ad\u0131m<\/h2>\n\n\n\n<p class=\"wp-block-paragraph\">Uzmanlar, tek ba\u015f\u0131na bu t\u00fcr uygulamalar\u0131n iklim krizini \u00e7\u00f6zmeye yetmeyece\u011fini ancak \u015fehirlerde ya\u015fam kalitesini art\u0131rmak ve enerji t\u00fcketimini azaltmak a\u00e7\u0131s\u0131ndan \u00f6nemli katk\u0131lar sa\u011flayabilece\u011fini belirtiyor.<\/p>\n\n\n\n<p class=\"wp-block-paragraph\">\u00c7in&#8217;in hayata ge\u00e7irdi\u011fi bu sistem, k\u00fcresel \u0131s\u0131nman\u0131n etkilerinin her ge\u00e7en y\u0131l daha fazla hissedildi\u011fi d\u00fcnyada, kentlerin iklim de\u011fi\u015fikli\u011fine uyum sa\u011flamas\u0131 ad\u0131na geli\u015ftirilen dikkat \u00e7ekici \u00e7\u00f6z\u00fcmler aras\u0131nda g\u00f6steriliyor.<\/p>\n","protected":false},"excerpt":{"rendered":"<p>K\u00fcresel \u0131s\u0131nman\u0131n etkisiyle rekor s\u0131cakl\u0131klar\u0131n ya\u015fand\u0131\u011f\u0131 \u00c7in, \u015fehirlerdeki a\u015f\u0131r\u0131 s\u0131caklarla m\u00fccadele i\u00e7in dikkat \u00e7eken bir<\/p>\n","protected":false},"author":1,"featured_media":3692,"comment_status":"open","ping_status":"open","sticky":false,"template":"","format":"standard","meta":{"_rtcl_gb_attr":"","footnotes":""},"categories":[65],"tags":[],"class_list":["post-3691","post","type-post","status-publish","format-standard","has-post-thumbnail","hentry","category-dunya"],"_links":{"self":[{"href":"https:\/\/turkiyemhaber.com\/index.php?rest_route=\/wp\/v2\/posts\/3691","targetHints":{"allow":["GET"]}}],"collection":[{"href":"https:\/\/turkiyemhaber.com\/index.php?rest_route=\/wp\/v2\/posts"}],"about":[{"href":"https:\/\/turkiyemhaber.com\/index.php?rest_route=\/wp\/v2\/types\/post"}],"author":[{"embeddable":true,"href":"https:\/\/turkiyemhaber.com\/index.php?rest_route=\/wp\/v2\/users\/1"}],"replies":[{"embeddable":true,"href":"https:\/\/turkiyemhaber.com\/index.php?rest_route=%2Fwp%2Fv2%2Fcomments&post=3691"}],"version-history":[{"count":1,"href":"https:\/\/turkiyemhaber.com\/index.php?rest_route=\/wp\/v2\/posts\/3691\/revisions"}],"predecessor-version":[{"id":3693,"href":"https:\/\/turkiyemhaber.com\/index.php?rest_route=\/wp\/v2\/posts\/3691\/revisions\/3693"}],"wp:featuredmedia":[{"embeddable":true,"href":"https:\/\/turkiyemhaber.com\/index.php?rest_route=\/wp\/v2\/media\/3692"}],"wp:attachment":[{"href":"https:\/\/turkiyemhaber.com\/index.php?rest_route=%2Fwp%2Fv2%2Fmedia&parent=3691"}],"wp:term":[{"taxonomy":"category","embeddable":true,"href":"https:\/\/turkiyemhaber.com\/index.php?rest_route=%2Fwp%2Fv2%2Fcategories&post=3691"},{"taxonomy":"post_tag","embeddable":true,"href":"https:\/\/turkiyemhaber.com\/index.php?rest_route=%2Fwp%2Fv2%2Ftags&post=3691"}],"curies":[{"name":"wp","href":"https:\/\/api.w.org\/{rel}","templated":true}]}}