{"id":3688,"date":"2026-07-02T16:10:14","date_gmt":"2026-07-02T16:10:14","guid":{"rendered":"https:\/\/turkiyemhaber.com\/?p=3688"},"modified":"2026-07-02T16:10:19","modified_gmt":"2026-07-02T16:10:19","slug":"catalcada-dehset-bosanma-asamasindaki-esini-millet-bahcesinde-bogazindan-bicakladi","status":"publish","type":"post","link":"https:\/\/turkiyemhaber.com\/?p=3688","title":{"rendered":"\u00c7atalca&#8217;da Deh\u015fet! Bo\u015fanma A\u015famas\u0131ndaki E\u015fini Millet Bah\u00e7esinde Bo\u011faz\u0131ndan B\u0131\u00e7aklad\u0131"},"content":{"rendered":"\n<p class=\"wp-block-paragraph\"><strong>\u0130stanbul&#8217;un \u00c7atalca il\u00e7esinde ya\u015fanan aile i\u00e7i \u015fiddet olay\u0131 korku dolu anlara sahne oldu. Bo\u015fanma a\u015famas\u0131ndaki e\u015fiyle konu\u015fmak i\u00e7in millet bah\u00e7esinde bulu\u015fan bir ki\u015fi, \u00e7\u0131kan tart\u0131\u015fmada gen\u00e7 kad\u0131n\u0131 bo\u011faz\u0131ndan b\u0131\u00e7aklayarak a\u011f\u0131r yaralad\u0131. Sald\u0131rgan olay yerinden ka\u00e7arken, polis ekipleri \u015f\u00fcphelinin yakalanmas\u0131 i\u00e7in geni\u015f \u00e7apl\u0131 \u00e7al\u0131\u015fma ba\u015flatt\u0131.<\/strong><\/p>\n\n\n\n<h2 class=\"wp-block-heading\">Tart\u0131\u015fma Kanl\u0131 Bitti<\/h2>\n\n\n\n<p class=\"wp-block-paragraph\">Olay, saat 13.40 s\u0131ralar\u0131nda \u00c7atalca&#8217;n\u0131n Kalei\u00e7i Mahallesi&#8217;nde bulunan millet bah\u00e7esinde meydana geldi.<\/p>\n\n\n\n<p class=\"wp-block-paragraph\">\u0130ddiaya g\u00f6re, bo\u015fanma s\u00fcrecinde olan <strong>Adil Beysi<\/strong> ile e\u015fi <strong>Damla Beysi<\/strong>, konu\u015fmak amac\u0131yla parkta bir araya geldi. G\u00f6r\u00fc\u015fme s\u0131ras\u0131nda hen\u00fcz bilinmeyen nedenle ba\u015flayan tart\u0131\u015fma k\u0131sa s\u00fcrede b\u00fcy\u00fcyerek \u015fiddete d\u00f6n\u00fc\u015ft\u00fc.<\/p>\n\n\n\n<p class=\"wp-block-paragraph\">\u015e\u00fcpheli Adil Beysi, yan\u0131nda ta\u015f\u0131d\u0131\u011f\u0131 b\u0131\u00e7akla e\u015fi Damla Beysi&#8217;yi bo\u011faz\u0131ndan b\u0131\u00e7aklad\u0131.<\/p>\n\n\n\n<h2 class=\"wp-block-heading\">Vatanda\u015flar \u0130lk M\u00fcdahaleyi Yapt\u0131<\/h2>\n\n\n\n<p class=\"wp-block-paragraph\">Sald\u0131r\u0131n\u0131n ard\u0131ndan \u00e7evrede bulunan vatanda\u015flar yaral\u0131 kad\u0131n\u0131n yard\u0131m\u0131na ko\u015ftu. Bir vatanda\u015f ti\u015f\u00f6rt\u00fcn\u00fc \u00e7\u0131kararak gen\u00e7 kad\u0131n\u0131n bo\u011faz\u0131na tampon uygularken, olay yerinin yak\u0131n\u0131ndaki zab\u0131ta personeli de ilk m\u00fcdahaleye destek verdi.<\/p>\n\n\n\n<p class=\"wp-block-paragraph\">\u0130hbar \u00fczerine b\u00f6lgeye polis ve sa\u011fl\u0131k ekipleri sevk edildi.<\/p>\n\n\n\n<h2 class=\"wp-block-heading\">Hastaneye Kald\u0131r\u0131ld\u0131<\/h2>\n\n\n\n<p class=\"wp-block-paragraph\">Sa\u011fl\u0131k ekiplerinin olay yerindeki ilk m\u00fcdahalesinin ard\u0131ndan a\u011f\u0131r yaralanan Damla Beysi ambulansla <strong>Ba\u015fak\u015fehir \u00c7am ve Sakura \u015eehir Hastanesi<\/strong>&#8216;ne kald\u0131r\u0131larak tedavi alt\u0131na al\u0131nd\u0131.<\/p>\n\n\n\n<p class=\"wp-block-paragraph\">Gen\u00e7 kad\u0131n\u0131n bilincinin a\u00e7\u0131k oldu\u011fu ve hastanedeki tedavisinin s\u00fcrd\u00fc\u011f\u00fc \u00f6\u011frenildi.<\/p>\n\n\n\n<h2 class=\"wp-block-heading\">Sald\u0131rgan Ormanl\u0131k Alana Ka\u00e7t\u0131<\/h2>\n\n\n\n<p class=\"wp-block-paragraph\">Sald\u0131r\u0131n\u0131n ard\u0131ndan \u00e7evredeki vatanda\u015flar \u015f\u00fcpheliyi yakalamaya \u00e7al\u0131\u015ft\u0131. Ancak Adil Beysi, ko\u015farak olay yerinden uzakla\u015ft\u0131 ve ormanl\u0131k alana girerek izini kaybettirdi.<\/p>\n\n\n\n<p class=\"wp-block-paragraph\">Polis ekipleri olay yerinde geni\u015f g\u00fcvenlik \u00f6nlemleri al\u0131rken, ka\u00e7an \u015f\u00fcphelinin yakalanmas\u0131 i\u00e7in b\u00f6lgede kapsaml\u0131 arama \u00e7al\u0131\u015fmas\u0131 ba\u015flatt\u0131.<\/p>\n\n\n\n<h2 class=\"wp-block-heading\">Ka\u00e7\u0131\u015f Anlar\u0131 Kameraya Yans\u0131d\u0131<\/h2>\n\n\n\n<p class=\"wp-block-paragraph\">\u00d6te yandan sald\u0131rgan\u0131n olay yerinden ka\u00e7t\u0131\u011f\u0131 anlar \u00e7evrede bulunan vatanda\u015flar taraf\u0131ndan cep telefonu kameras\u0131yla kaydedildi.<\/p>\n\n\n\n<p class=\"wp-block-paragraph\">G\u00f6r\u00fcnt\u00fclerde \u015f\u00fcphelinin ko\u015farak b\u00f6lgeden uzakla\u015ft\u0131\u011f\u0131 g\u00f6r\u00fcl\u00fcrken, olayla ilgili soru\u015fturma \u00c7atalca \u0130l\u00e7e Emniyet M\u00fcd\u00fcrl\u00fc\u011f\u00fc ekiplerince \u00e7ok y\u00f6nl\u00fc olarak s\u00fcrd\u00fcr\u00fcl\u00fcyor.<\/p>\n","protected":false},"excerpt":{"rendered":"<p>\u0130stanbul&#8217;un \u00c7atalca il\u00e7esinde ya\u015fanan aile i\u00e7i \u015fiddet olay\u0131 korku dolu anlara sahne oldu. Bo\u015fanma a\u015famas\u0131ndaki<\/p>\n","protected":false},"author":1,"featured_media":3689,"comment_status":"open","ping_status":"open","sticky":false,"template":"","format":"standard","meta":{"_rtcl_gb_attr":"","footnotes":""},"categories":[1],"tags":[],"class_list":["post-3688","post","type-post","status-publish","format-standard","has-post-thumbnail","hentry","category-http-turkiyemhaber-com-wp-content-uploads-2026-03-saray-59-haber-13-mart-pdf"],"_links":{"self":[{"href":"https:\/\/turkiyemhaber.com\/index.php?rest_route=\/wp\/v2\/posts\/3688","targetHints":{"allow":["GET"]}}],"collection":[{"href":"https:\/\/turkiyemhaber.com\/index.php?rest_route=\/wp\/v2\/posts"}],"about":[{"href":"https:\/\/turkiyemhaber.com\/index.php?rest_route=\/wp\/v2\/types\/post"}],"author":[{"embeddable":true,"href":"https:\/\/turkiyemhaber.com\/index.php?rest_route=\/wp\/v2\/users\/1"}],"replies":[{"embeddable":true,"href":"https:\/\/turkiyemhaber.com\/index.php?rest_route=%2Fwp%2Fv2%2Fcomments&post=3688"}],"version-history":[{"count":1,"href":"https:\/\/turkiyemhaber.com\/index.php?rest_route=\/wp\/v2\/posts\/3688\/revisions"}],"predecessor-version":[{"id":3690,"href":"https:\/\/turkiyemhaber.com\/index.php?rest_route=\/wp\/v2\/posts\/3688\/revisions\/3690"}],"wp:featuredmedia":[{"embeddable":true,"href":"https:\/\/turkiyemhaber.com\/index.php?rest_route=\/wp\/v2\/media\/3689"}],"wp:attachment":[{"href":"https:\/\/turkiyemhaber.com\/index.php?rest_route=%2Fwp%2Fv2%2Fmedia&parent=3688"}],"wp:term":[{"taxonomy":"category","embeddable":true,"href":"https:\/\/turkiyemhaber.com\/index.php?rest_route=%2Fwp%2Fv2%2Fcategories&post=3688"},{"taxonomy":"post_tag","embeddable":true,"href":"https:\/\/turkiyemhaber.com\/index.php?rest_route=%2Fwp%2Fv2%2Ftags&post=3688"}],"curies":[{"name":"wp","href":"https:\/\/api.w.org\/{rel}","templated":true}]}}