{"id":3685,"date":"2026-07-02T16:07:16","date_gmt":"2026-07-02T16:07:16","guid":{"rendered":"https:\/\/turkiyemhaber.com\/?p=3685"},"modified":"2026-07-02T16:07:20","modified_gmt":"2026-07-02T16:07:20","slug":"ogrenci-affi-teklifi-tbmmye-sunuldu-milyonlarca-universiteliye-geri-donus-yolu-aciliyor","status":"publish","type":"post","link":"https:\/\/turkiyemhaber.com\/?p=3685","title":{"rendered":"\u00d6\u011frenci Aff\u0131 Teklifi TBMM&#8217;ye Sunuldu! Milyonlarca \u00dcniversiteliye Geri D\u00f6n\u00fc\u015f Yolu A\u00e7\u0131l\u0131yor"},"content":{"rendered":"\n<p class=\"wp-block-paragraph\"><strong>Uzun s\u00fcredir kamuoyunun g\u00fcndeminde yer alan \u00f6\u011frenci aff\u0131 d\u00fczenlemesi T\u00fcrkiye B\u00fcy\u00fck Millet Meclisi&#8217;ne sunuldu. AK Parti taraf\u0131ndan haz\u0131rlanan 28 maddelik kanun teklifiyle, \u00fcniversitelerle ili\u015fi\u011fi kesilen veya kay\u0131t hakk\u0131n\u0131 kullanamayan binlerce \u00f6n lisans, lisans ve lisans\u00fcst\u00fc \u00f6\u011frenciye yeniden e\u011fitim hayat\u0131na d\u00f6nme imk\u00e2n\u0131 sa\u011flanmas\u0131 hedefleniyor.<\/strong><\/p>\n\n\n\n<h2 class=\"wp-block-heading\">\u00d6\u011frenci Aff\u0131 \u0130\u00e7in \u0130lk Resmi Ad\u0131m At\u0131ld\u0131<\/h2>\n\n\n\n<p class=\"wp-block-paragraph\">AK Parti Grup Ba\u015fkan\u0131 Abdullah G\u00fcler ba\u015fkanl\u0131\u011f\u0131nda haz\u0131rlanan <strong>&#8220;Y\u00fcksek\u00f6\u011fretim Kanunu ve Baz\u0131 Kanunlarda De\u011fi\u015fiklik Yap\u0131lmas\u0131na Dair Kanun Teklifi&#8221;<\/strong>, T\u00fcrkiye B\u00fcy\u00fck Millet Meclisi Ba\u015fkanl\u0131\u011f\u0131&#8217;na sunuldu.<\/p>\n\n\n\n<p class=\"wp-block-paragraph\">Teklifte, y\u00fcksek\u00f6\u011fretim sistemine ili\u015fkin bir\u00e7ok \u00f6nemli d\u00fczenlemenin yan\u0131 s\u0131ra uzun s\u00fcredir beklenen \u00f6\u011frenci aff\u0131 da yer ald\u0131.<\/p>\n\n\n\n<h2 class=\"wp-block-heading\">Kimler \u00d6\u011frenci Aff\u0131ndan Yararlanabilecek?<\/h2>\n\n\n\n<p class=\"wp-block-paragraph\">Kanun teklifine g\u00f6re;<\/p>\n\n\n\n<ul class=\"wp-block-list\">\n<li><strong>1 Temmuz 2022 tarihinden itibaren \u00fcniversite ile ili\u015fi\u011fi kesilen \u00f6n lisans, lisans, y\u00fcksek lisans ve doktora \u00f6\u011frencileri,<\/strong><\/li>\n\n\n\n<li><strong>\u00dcniversiteye kay\u0131t hakk\u0131 kazand\u0131\u011f\u0131 halde kay\u0131t yapt\u0131rmayanlar,<\/strong><\/li>\n\n\n\n<li><strong>Daha \u00f6nce \u00e7\u0131kar\u0131lan \u00f6\u011frenci aff\u0131 d\u00fczenlemelerinden yararlanmayan \u00f6\u011frenciler<\/strong><\/li>\n<\/ul>\n\n\n\n<p class=\"wp-block-paragraph\">ba\u015fvuruda bulunmalar\u0131 halinde yeniden \u00f6\u011frenim hakk\u0131 elde edebilecek.<\/p>\n\n\n\n<p class=\"wp-block-paragraph\">D\u00fczenlemenin yasala\u015fmas\u0131 halinde \u00f6\u011frenciler <strong>2026-2027 e\u011fitim-\u00f6\u011fretim y\u0131l\u0131nda<\/strong> e\u011fitimlerine kald\u0131klar\u0131 yerden devam edebilecek.<\/p>\n\n\n\n<h2 class=\"wp-block-heading\">Ba\u015fvuru \u0130\u00e7in 4 Ayl\u0131k S\u00fcre<\/h2>\n\n\n\n<p class=\"wp-block-paragraph\">Teklif yasala\u015ft\u0131ktan sonra aftan yararlanmak isteyen \u00f6\u011frencilerin, <strong>ili\u015fiklerinin kesildi\u011fi \u00fcniversitelere d\u00f6rt ay i\u00e7erisinde ba\u015fvuruda bulunmalar\u0131<\/strong> gerekecek.<\/p>\n\n\n\n<h2 class=\"wp-block-heading\">Baz\u0131 Su\u00e7lardan H\u00fck\u00fcm Giyenler Kapsam D\u0131\u015f\u0131nda<\/h2>\n\n\n\n<p class=\"wp-block-paragraph\">Kanun teklifine g\u00f6re;<\/p>\n\n\n\n<ul class=\"wp-block-list\">\n<li>Ter\u00f6r su\u00e7lar\u0131,<\/li>\n\n\n\n<li>Kasten \u00f6ld\u00fcrme,<\/li>\n\n\n\n<li>\u0130\u015fkence,<\/li>\n\n\n\n<li>Cinsel sald\u0131r\u0131,<\/li>\n\n\n\n<li>\u00c7ocuklar\u0131n cinsel istismar\u0131,<\/li>\n\n\n\n<li>Uyu\u015fturucu veya uyar\u0131c\u0131 madde imal ve ticareti,<\/li>\n\n\n\n<li>Ter\u00f6r \u00f6rg\u00fctleriyle iltisak nedeniyle ili\u015fi\u011fi kesilenler<\/li>\n<\/ul>\n\n\n\n<p class=\"wp-block-paragraph\">\u00f6\u011frenci aff\u0131ndan yararlanamayacak.<\/p>\n\n\n\n<h2 class=\"wp-block-heading\">Alan De\u011fi\u015ftirme \u0130mk\u00e2n\u0131 da Geliyor<\/h2>\n\n\n\n<p class=\"wp-block-paragraph\">D\u00fczenlemede dikkat \u00e7eken ba\u015fl\u0131klardan biri de alan de\u011fi\u015fikli\u011fi oldu.<\/p>\n\n\n\n<p class=\"wp-block-paragraph\">Buna g\u00f6re, gerekli puan \u015fart\u0131n\u0131 sa\u011flayan \u00f6\u011frencilerin ayn\u0131 puan t\u00fcr\u00fcndeki farkl\u0131 programlara ge\u00e7i\u015f yapabilmesine y\u00f6nelik d\u00fczenleme de \u00f6ng\u00f6r\u00fcl\u00fcyor.<\/p>\n\n\n\n<h2 class=\"wp-block-heading\">Akademik Sahtecili\u011fe A\u011f\u0131r Yapt\u0131r\u0131mlar<\/h2>\n\n\n\n<p class=\"wp-block-paragraph\">Kanun teklifi yaln\u0131zca \u00f6\u011frenci aff\u0131n\u0131 de\u011fil, y\u00fcksek\u00f6\u011fretim sistemine y\u00f6nelik bir\u00e7ok \u00f6nemli de\u011fi\u015fikli\u011fi de i\u00e7eriyor.<\/p>\n\n\n\n<p class=\"wp-block-paragraph\">Teklife g\u00f6re;<\/p>\n\n\n\n<ul class=\"wp-block-list\">\n<li>Ba\u015fkas\u0131na tez, makale veya kitap yazd\u0131rarak akademik unvan ya da diploma alanlar\u0131n unvanlar\u0131 geri al\u0131nacak.<\/li>\n\n\n\n<li>\u00dcniversite \u00f6\u011fretim mesle\u011finden \u00e7\u0131kar\u0131lmalar\u0131 sa\u011flanacak.<\/li>\n\n\n\n<li>Tez yazan veya arac\u0131l\u0131k eden ki\u015filere <strong>5 bin g\u00fcnden 10 bin g\u00fcne kadar adli para cezas\u0131<\/strong> uygulanacak.<\/li>\n\n\n\n<li>Bu i\u015fi meslek haline getirenler i\u00e7in ceza <strong>10 bin g\u00fcnden 20 bin g\u00fcne kadar<\/strong> art\u0131r\u0131labilecek.<\/li>\n<\/ul>\n\n\n\n<h2 class=\"wp-block-heading\">Vak\u0131f \u00dcniversitelerine Yeni D\u00fczenlemeler<\/h2>\n\n\n\n<p class=\"wp-block-paragraph\">Kanun teklifiyle vak\u0131f \u00fcniversitelerine y\u00f6nelik denetim ve yapt\u0131r\u0131mlar da yeniden d\u00fczenleniyor.<\/p>\n\n\n\n<p class=\"wp-block-paragraph\">Mali yap\u0131s\u0131 bozulan vak\u0131f \u00fcniversitelerinin garant\u00f6r \u00fcniversitelere devredilmesine ili\u015fkin s\u00fcre\u00e7ler netle\u015ftirilirken, mevzuata ayk\u0131r\u0131 faaliyet g\u00f6steren kurumlar i\u00e7in uyar\u0131dan faaliyet izninin kald\u0131r\u0131lmas\u0131na kadar uzanan idari yapt\u0131r\u0131mlar uygulanabilecek.<\/p>\n\n\n\n<h2 class=\"wp-block-heading\">Devlet \u00dcniversiteleri Yurt D\u0131\u015f\u0131nda Yerle\u015fke A\u00e7abilecek<\/h2>\n\n\n\n<p class=\"wp-block-paragraph\">Teklif kapsam\u0131nda devlet \u00fcniversitelerine Cumhurba\u015fkan\u0131 karar\u0131yla yurt d\u0131\u015f\u0131nda yerle\u015fke, akademik birim ve e\u011fitim program\u0131 a\u00e7ma yetkisi verilmesi planlan\u0131yor.<\/p>\n\n\n\n<p class=\"wp-block-paragraph\">Ayr\u0131ca \u00fcniversitelerin Teknoloji Transfer Ofisleri arac\u0131l\u0131\u011f\u0131yla fikri m\u00fclkiyet haklar\u0131n\u0131 daha etkin de\u011ferlendirmelerinin de \u00f6n\u00fc a\u00e7\u0131l\u0131yor.<\/p>\n\n\n\n<h2 class=\"wp-block-heading\">\u00d6\u011fretim Elemanlar\u0131na G\u00fcvenlik Soru\u015fturmas\u0131<\/h2>\n\n\n\n<p class=\"wp-block-paragraph\">D\u00fczenlemeyle birlikte y\u00fcksek\u00f6\u011fretim kurumlar\u0131nda g\u00f6rev alacak \u00f6\u011fretim elemanlar\u0131 i\u00e7in g\u00fcvenlik soru\u015fturmas\u0131 ve ar\u015fiv ara\u015ft\u0131rmas\u0131 \u015fart\u0131 getiriliyor. Atamalar, bu s\u00fcrecin tamamlanmas\u0131n\u0131n ard\u0131ndan ger\u00e7ekle\u015ftirilecek.<\/p>\n\n\n\n<h2 class=\"wp-block-heading\">\u0130zinsiz \u00dcniversite Faaliyetlerine Hapis Cezas\u0131<\/h2>\n\n\n\n<p class=\"wp-block-paragraph\">T\u00fcrkiye&#8217;de yetkisiz \u015fekilde \u00f6n lisans, lisans veya lisans\u00fcst\u00fc e\u011fitim faaliyeti y\u00fcr\u00fcten ki\u015fi ve kurulu\u015flara <strong>2 y\u0131ldan 4 y\u0131la kadar hapis cezas\u0131<\/strong> ile adli para cezas\u0131 verilmesi \u00f6ng\u00f6r\u00fcl\u00fcyor.<\/p>\n\n\n\n<p class=\"wp-block-paragraph\">Sahte diploma d\u00fczenleyenler hakk\u0131nda ise <strong>T\u00fcrk Ceza Kanunu&#8217;nun resmi belgede sahtecilik h\u00fck\u00fcmleri<\/strong> uygulanacak.<\/p>\n\n\n\n<h2 class=\"wp-block-heading\">S\u00fcre\u00e7 Nas\u0131l \u0130\u015fleyecek?<\/h2>\n\n\n\n<p class=\"wp-block-paragraph\">Meclis Ba\u015fkanl\u0131\u011f\u0131&#8217;na sunulan teklif \u00f6n\u00fcm\u00fczdeki g\u00fcnlerde ilgili komisyonlarda g\u00f6r\u00fc\u015f\u00fclecek. Komisyon s\u00fcrecinin ard\u0131ndan Genel Kurul g\u00fcndemine gelmesi beklenen d\u00fczenleme, kabul edilip Resm\u00ee Gazete&#8217;de yay\u0131mlanmas\u0131n\u0131n ard\u0131ndan y\u00fcr\u00fcrl\u00fc\u011fe girecek.<\/p>\n\n\n\n<p class=\"wp-block-paragraph\">\u00d6\u011frenci aff\u0131n\u0131n yasala\u015fmas\u0131 halinde, binlerce \u00fcniversite \u00f6\u011frencisi e\u011fitim hayat\u0131na yeniden d\u00f6nme f\u0131rsat\u0131 elde edecek.<\/p>\n","protected":false},"excerpt":{"rendered":"<p>Uzun s\u00fcredir kamuoyunun g\u00fcndeminde yer alan \u00f6\u011frenci aff\u0131 d\u00fczenlemesi T\u00fcrkiye B\u00fcy\u00fck Millet Meclisi&#8217;ne sunuldu. AK<\/p>\n","protected":false},"author":1,"featured_media":3686,"comment_status":"open","ping_status":"open","sticky":false,"template":"","format":"standard","meta":{"_rtcl_gb_attr":"","footnotes":""},"categories":[1],"tags":[],"class_list":["post-3685","post","type-post","status-publish","format-standard","has-post-thumbnail","hentry","category-http-turkiyemhaber-com-wp-content-uploads-2026-03-saray-59-haber-13-mart-pdf"],"_links":{"self":[{"href":"https:\/\/turkiyemhaber.com\/index.php?rest_route=\/wp\/v2\/posts\/3685","targetHints":{"allow":["GET"]}}],"collection":[{"href":"https:\/\/turkiyemhaber.com\/index.php?rest_route=\/wp\/v2\/posts"}],"about":[{"href":"https:\/\/turkiyemhaber.com\/index.php?rest_route=\/wp\/v2\/types\/post"}],"author":[{"embeddable":true,"href":"https:\/\/turkiyemhaber.com\/index.php?rest_route=\/wp\/v2\/users\/1"}],"replies":[{"embeddable":true,"href":"https:\/\/turkiyemhaber.com\/index.php?rest_route=%2Fwp%2Fv2%2Fcomments&post=3685"}],"version-history":[{"count":1,"href":"https:\/\/turkiyemhaber.com\/index.php?rest_route=\/wp\/v2\/posts\/3685\/revisions"}],"predecessor-version":[{"id":3687,"href":"https:\/\/turkiyemhaber.com\/index.php?rest_route=\/wp\/v2\/posts\/3685\/revisions\/3687"}],"wp:featuredmedia":[{"embeddable":true,"href":"https:\/\/turkiyemhaber.com\/index.php?rest_route=\/wp\/v2\/media\/3686"}],"wp:attachment":[{"href":"https:\/\/turkiyemhaber.com\/index.php?rest_route=%2Fwp%2Fv2%2Fmedia&parent=3685"}],"wp:term":[{"taxonomy":"category","embeddable":true,"href":"https:\/\/turkiyemhaber.com\/index.php?rest_route=%2Fwp%2Fv2%2Fcategories&post=3685"},{"taxonomy":"post_tag","embeddable":true,"href":"https:\/\/turkiyemhaber.com\/index.php?rest_route=%2Fwp%2Fv2%2Ftags&post=3685"}],"curies":[{"name":"wp","href":"https:\/\/api.w.org\/{rel}","templated":true}]}}