{"id":3681,"date":"2026-07-02T15:58:44","date_gmt":"2026-07-02T15:58:44","guid":{"rendered":"https:\/\/turkiyemhaber.com\/?p=3681"},"modified":"2026-07-02T15:58:48","modified_gmt":"2026-07-02T15:58:48","slug":"otomotivde-bir-devir-sona-eriyor-volkswagen-50-yillik-dizel-golfe-veda-ediyor","status":"publish","type":"post","link":"https:\/\/turkiyemhaber.com\/?p=3681","title":{"rendered":"Otomotivde Bir Devir Sona Eriyor! Volkswagen, 50 Y\u0131ll\u0131k Dizel Golf&#8217;e Veda Ediyor"},"content":{"rendered":"\n<p class=\"wp-block-paragraph\"><strong>Alman otomotiv devi Volkswagen, yar\u0131m as\u0131rl\u0131k bir d\u00f6nemi kapatmaya haz\u0131rlan\u0131yor. Markan\u0131n en ikonik modellerinden biri olan dizel motorlu Golf, de\u011fi\u015fen pazar ko\u015fullar\u0131, s\u0131k\u0131la\u015fan emisyon kurallar\u0131 ve elektrifikasyon s\u00fcrecinin etkisiyle \u00fcretimden kald\u0131r\u0131l\u0131yor. \u0130lk ad\u0131m Birle\u015fik Krall\u0131k&#8217;ta at\u0131l\u0131rken, Avrupa&#8217;n\u0131n di\u011fer b\u00fcy\u00fck pazarlar\u0131nda da benzer kararlar\u0131n al\u0131nmas\u0131 bekleniyor.<\/strong><\/p>\n\n\n\n<h2 class=\"wp-block-heading\">50 Y\u0131ll\u0131k Efsane Yolun Sonuna Geldi<\/h2>\n\n\n\n<p class=\"wp-block-paragraph\">1976 y\u0131l\u0131nda ilk kez yollara \u00e7\u0131kan ve \u00f6zellikle yak\u0131t ekonomisi, dayan\u0131kl\u0131l\u0131\u011f\u0131 ve performans\u0131yla milyonlarca s\u00fcr\u00fcc\u00fcn\u00fcn tercihi haline gelen dizel motorlu Volkswagen Golf i\u00e7in yolun sonu g\u00f6r\u00fcnd\u00fc.<\/p>\n\n\n\n<p class=\"wp-block-paragraph\">Yakla\u015f\u0131k 50 y\u0131ld\u0131r \u00fcretimde olan model, otomotiv sekt\u00f6r\u00fcnde ya\u015fanan b\u00fcy\u00fck d\u00f6n\u00fc\u015f\u00fcm nedeniyle tarih sahnesinden \u00e7ekilmeye haz\u0131rlan\u0131yor.<\/p>\n\n\n\n<figure class=\"wp-block-image size-large\"><img loading=\"lazy\" decoding=\"async\" width=\"1024\" height=\"683\" src=\"https:\/\/turkiyemhaber.com\/wp-content\/uploads\/2026\/07\/otomotivde-bir-devir-kapandi-50-yillik-efsane-20011760_5372_amp-1024x683.jpg\" alt=\"\" class=\"wp-image-3683\" srcset=\"https:\/\/turkiyemhaber.com\/wp-content\/uploads\/2026\/07\/otomotivde-bir-devir-kapandi-50-yillik-efsane-20011760_5372_amp-1024x683.jpg 1024w, https:\/\/turkiyemhaber.com\/wp-content\/uploads\/2026\/07\/otomotivde-bir-devir-kapandi-50-yillik-efsane-20011760_5372_amp-300x200.jpg 300w, https:\/\/turkiyemhaber.com\/wp-content\/uploads\/2026\/07\/otomotivde-bir-devir-kapandi-50-yillik-efsane-20011760_5372_amp-768x512.jpg 768w, https:\/\/turkiyemhaber.com\/wp-content\/uploads\/2026\/07\/otomotivde-bir-devir-kapandi-50-yillik-efsane-20011760_5372_amp-18x12.jpg 18w, https:\/\/turkiyemhaber.com\/wp-content\/uploads\/2026\/07\/otomotivde-bir-devir-kapandi-50-yillik-efsane-20011760_5372_amp.jpg 1200w\" sizes=\"auto, (max-width: 1024px) 100vw, 1024px\" \/><\/figure>\n\n\n\n<h2 class=\"wp-block-heading\">\u0130lk Ad\u0131m Birle\u015fik Krall\u0131k&#8217;tan Geldi<\/h2>\n\n\n\n<p class=\"wp-block-paragraph\">Volkswagen, dizel Golf modelinin Birle\u015fik Krall\u0131k&#8217;taki sat\u0131\u015flar\u0131n\u0131 resmen durdurdu.<\/p>\n\n\n\n<p class=\"wp-block-paragraph\">\u015eirket taraf\u0131ndan yap\u0131lan a\u00e7\u0131klamada, de\u011fi\u015fen m\u00fc\u015fteri beklentileri ve otomotiv pazar\u0131ndaki d\u00f6n\u00fc\u015f\u00fcm do\u011frultusunda \u00fcr\u00fcn gam\u0131n\u0131n yeniden \u015fekillendirildi\u011fi belirtilirken, bundan sonraki s\u00fcre\u00e7te benzinli, hibrit ve elektrikli modellere daha fazla a\u011f\u0131rl\u0131k verilece\u011fi ifade edildi.<\/p>\n\n\n\n<h2 class=\"wp-block-heading\">Almanya ve \u0130talya da S\u0131rada<\/h2>\n\n\n\n<p class=\"wp-block-paragraph\">Dizel otomobillerin uzun y\u0131llard\u0131r g\u00fc\u00e7l\u00fc sat\u0131\u015f rakamlar\u0131na ula\u015ft\u0131\u011f\u0131 Almanya ve \u0130talya ba\u015fta olmak \u00fczere Avrupa&#8217;n\u0131n bir\u00e7ok \u00fclkesinde de benzer kararlar\u0131n k\u0131sa s\u00fcre i\u00e7erisinde uygulanmas\u0131 bekleniyor.<\/p>\n\n\n\n<p class=\"wp-block-paragraph\">Uzmanlar, Volkswagen&#8217;in bu ad\u0131m\u0131n\u0131n Avrupa genelinde dizel motorlu otomobillerin gelece\u011fine ili\u015fkin \u00f6nemli bir d\u00f6n\u00fcm noktas\u0131 oldu\u011funa dikkat \u00e7ekiyor.<\/p>\n\n\n\n<h2 class=\"wp-block-heading\">Emisyon Kurallar\u0131 ve Elektrikli D\u00f6n\u00fc\u015f\u00fcm Etkili Oldu<\/h2>\n\n\n\n<p class=\"wp-block-paragraph\">Karar\u0131n al\u0131nmas\u0131nda Avrupa Birli\u011fi&#8217;nin giderek s\u0131k\u0131la\u015fan emisyon standartlar\u0131 ile otomotiv sekt\u00f6r\u00fcndeki elektrifikasyon s\u00fcreci belirleyici oldu.<\/p>\n\n\n\n<p class=\"wp-block-paragraph\">Son y\u0131llarda hibrit ve tamamen elektrikli otomobillere olan ilginin h\u0131zla artmas\u0131, dizel motorlara y\u00f6nelik talebin \u00f6nemli \u00f6l\u00e7\u00fcde azalmas\u0131na neden oldu.<\/p>\n\n\n\n<h2 class=\"wp-block-heading\">Volkswagen Yeni Nesil Motorlara Odaklanacak<\/h2>\n\n\n\n<p class=\"wp-block-paragraph\">\u015eirket, \u00f6n\u00fcm\u00fczdeki d\u00f6nemde \u00fcr\u00fcn stratejisini benzinli, hibrit ve tamamen elektrikli modellere kayd\u0131rmay\u0131 hedefliyor.<\/p>\n\n\n\n<p class=\"wp-block-paragraph\">Volkswagen&#8217;in \u00f6zellikle elektrikli ID serisi ba\u015fta olmak \u00fczere yeni nesil mobilite \u00e7\u00f6z\u00fcmlerine yapt\u0131\u011f\u0131 yat\u0131r\u0131mlar\u0131 art\u0131rarak k\u00fcresel pazardaki rekabet g\u00fcc\u00fcn\u00fc korumay\u0131 ama\u00e7lad\u0131\u011f\u0131 belirtiliyor.<\/p>\n\n\n\n<h2 class=\"wp-block-heading\">Bir D\u00f6nemin Simgesi Tarihe Kar\u0131\u015f\u0131yor<\/h2>\n\n\n\n<p class=\"wp-block-paragraph\">Yakla\u015f\u0131k yar\u0131m as\u0131r boyunca milyonlarca kullan\u0131c\u0131 taraf\u0131ndan tercih edilen dizel Golf, otomotiv tarihinde yak\u0131t ekonomisi ve sa\u011flaml\u0131\u011f\u0131yla \u00f6ne \u00e7\u0131kan modeller aras\u0131nda yer ald\u0131.<\/p>\n\n\n\n<p class=\"wp-block-paragraph\">Volkswagen&#8217;in ald\u0131\u011f\u0131 bu kararla birlikte, dizel motorlu Golf modeli otomotiv d\u00fcnyas\u0131nda unutulmaz efsaneler aras\u0131ndaki yerini al\u0131rken, sekt\u00f6r\u00fcn gelece\u011fi ise elektrikli ve hibrit teknolojilere do\u011fru h\u0131zla evrilmeye devam ediyor.<\/p>\n","protected":false},"excerpt":{"rendered":"<p>Alman otomotiv devi Volkswagen, yar\u0131m as\u0131rl\u0131k bir d\u00f6nemi kapatmaya haz\u0131rlan\u0131yor. Markan\u0131n en ikonik modellerinden biri<\/p>\n","protected":false},"author":1,"featured_media":3682,"comment_status":"open","ping_status":"open","sticky":false,"template":"","format":"standard","meta":{"_rtcl_gb_attr":"","footnotes":""},"categories":[14],"tags":[],"class_list":["post-3681","post","type-post","status-publish","format-standard","has-post-thumbnail","hentry","category-ekonomi"],"_links":{"self":[{"href":"https:\/\/turkiyemhaber.com\/index.php?rest_route=\/wp\/v2\/posts\/3681","targetHints":{"allow":["GET"]}}],"collection":[{"href":"https:\/\/turkiyemhaber.com\/index.php?rest_route=\/wp\/v2\/posts"}],"about":[{"href":"https:\/\/turkiyemhaber.com\/index.php?rest_route=\/wp\/v2\/types\/post"}],"author":[{"embeddable":true,"href":"https:\/\/turkiyemhaber.com\/index.php?rest_route=\/wp\/v2\/users\/1"}],"replies":[{"embeddable":true,"href":"https:\/\/turkiyemhaber.com\/index.php?rest_route=%2Fwp%2Fv2%2Fcomments&post=3681"}],"version-history":[{"count":1,"href":"https:\/\/turkiyemhaber.com\/index.php?rest_route=\/wp\/v2\/posts\/3681\/revisions"}],"predecessor-version":[{"id":3684,"href":"https:\/\/turkiyemhaber.com\/index.php?rest_route=\/wp\/v2\/posts\/3681\/revisions\/3684"}],"wp:featuredmedia":[{"embeddable":true,"href":"https:\/\/turkiyemhaber.com\/index.php?rest_route=\/wp\/v2\/media\/3682"}],"wp:attachment":[{"href":"https:\/\/turkiyemhaber.com\/index.php?rest_route=%2Fwp%2Fv2%2Fmedia&parent=3681"}],"wp:term":[{"taxonomy":"category","embeddable":true,"href":"https:\/\/turkiyemhaber.com\/index.php?rest_route=%2Fwp%2Fv2%2Fcategories&post=3681"},{"taxonomy":"post_tag","embeddable":true,"href":"https:\/\/turkiyemhaber.com\/index.php?rest_route=%2Fwp%2Fv2%2Ftags&post=3681"}],"curies":[{"name":"wp","href":"https:\/\/api.w.org\/{rel}","templated":true}]}}