{"id":3678,"date":"2026-07-02T15:53:34","date_gmt":"2026-07-02T15:53:34","guid":{"rendered":"https:\/\/turkiyemhaber.com\/?p=3678"},"modified":"2026-07-02T15:53:38","modified_gmt":"2026-07-02T15:53:38","slug":"bursada-kan-donduran-cinayet-77-yasindaki-kadin-evinde-bogazi-kesilmis-halde-bulundu","status":"publish","type":"post","link":"https:\/\/turkiyemhaber.com\/?p=3678","title":{"rendered":"Bursa&#8217;da Kan Donduran Cinayet! 77 Ya\u015f\u0131ndaki Kad\u0131n Evinde Bo\u011faz\u0131 Kesilmi\u015f Halde Bulundu"},"content":{"rendered":"\n<p class=\"wp-block-paragraph\"><strong>Bursa&#8217;n\u0131n Mudanya il\u00e7esinde meydana gelen vah\u015fi cinayet il\u00e7eyi aya\u011fa kald\u0131rd\u0131. Evinde yaln\u0131z bulunan 77 ya\u015f\u0131ndaki Faize Karaca, bo\u011faz\u0131 kesilerek \u00f6ld\u00fcr\u00fclm\u00fc\u015f halde bulundu. Olay\u0131n ard\u0131ndan yap\u0131lan ilk incelemelerde ya\u015fl\u0131 kad\u0131na ait alt\u0131nlar\u0131n da \u00e7al\u0131nd\u0131\u011f\u0131 tespit edilirken, polis ekipleri \u015f\u00fcpheli ya da \u015f\u00fcphelileri yakalamak i\u00e7in geni\u015f \u00e7apl\u0131 soru\u015fturma ba\u015flatt\u0131.<\/strong><\/p>\n\n\n\n<h2 class=\"wp-block-heading\">E\u015fini Kanlar \u0130\u00e7inde Buldu<\/h2>\n\n\n\n<p class=\"wp-block-paragraph\">Olay, Mudanya il\u00e7esine ba\u011fl\u0131 G\u00fczelyal\u0131 Mahallesi Atat\u00fcrk Caddesi \u00fczerindeki bir apartman\u0131n \u00fc\u00e7\u00fcnc\u00fc kat\u0131nda meydana geldi.<\/p>\n\n\n\n<p class=\"wp-block-paragraph\">Edinilen bilgilere g\u00f6re, y\u00fcr\u00fcme engelli oldu\u011fu \u00f6\u011frenilen 82 ya\u015f\u0131ndaki Ali Karaca, bir s\u00fcre balkonda vakit ge\u00e7irdikten sonra tekerlekli sandalyesiyle evin i\u00e7ine girdi. Evin salonuna ge\u00e7en ya\u015fl\u0131 adam, e\u015fi Faize Karaca&#8217;y\u0131 yerde kanlar i\u00e7inde hareketsiz yatarken g\u00f6r\u00fcnce b\u00fcy\u00fck \u015fok ya\u015fad\u0131.<\/p>\n\n\n\n<h2 class=\"wp-block-heading\">Balkona \u00c7\u0131k\u0131p Kom\u015fular\u0131ndan Yard\u0131m \u0130stedi<\/h2>\n\n\n\n<p class=\"wp-block-paragraph\">Ya\u015fad\u0131\u011f\u0131 deh\u015fetin ard\u0131ndan yeniden balkona \u00e7\u0131kan Ali Karaca, kom\u015fular\u0131ndan yard\u0131m istedi. \u0130hbar \u00fczerine olay yerine \u00e7ok say\u0131da polis ve sa\u011fl\u0131k ekibi sevk edildi.<\/p>\n\n\n\n<p class=\"wp-block-paragraph\">Sa\u011fl\u0131k ekiplerinin yapt\u0131\u011f\u0131 incelemede, 77 ya\u015f\u0131ndaki Faize Karaca&#8217;n\u0131n hayat\u0131n\u0131 kaybetti\u011fi belirlendi.<\/p>\n\n\n\n<h2 class=\"wp-block-heading\">Bo\u011faz\u0131 Kesilerek \u00d6ld\u00fcr\u00fcld\u00fc\u011f\u00fc Belirlendi<\/h2>\n\n\n\n<p class=\"wp-block-paragraph\">Olay yeri inceleme ekiplerinin yapt\u0131\u011f\u0131 ilk de\u011ferlendirmede, ya\u015fl\u0131 kad\u0131n\u0131n bo\u011faz\u0131n\u0131n kesilerek \u00f6ld\u00fcr\u00fcld\u00fc\u011f\u00fc tespit edildi. Cumhuriyet savc\u0131s\u0131n\u0131n olay yerindeki incelemelerinin ard\u0131ndan Karaca&#8217;n\u0131n cenazesi, kesin \u00f6l\u00fcm nedeninin belirlenmesi amac\u0131yla Bursa Adli T\u0131p Kurumu Morgu&#8217;na kald\u0131r\u0131ld\u0131.<\/p>\n\n\n\n<h2 class=\"wp-block-heading\">Alt\u0131nlar\u0131 da \u00c7al\u0131nm\u0131\u015f<\/h2>\n\n\n\n<p class=\"wp-block-paragraph\">Cinayetin ard\u0131ndan evde yap\u0131lan ilk incelemelerde Faize Karaca&#8217;ya ait alt\u0131nlar\u0131n yerinde olmad\u0131\u011f\u0131 belirlendi. Olay\u0131n cinayetle birlikte h\u0131rs\u0131zl\u0131k amac\u0131yla ger\u00e7ekle\u015ftirilmi\u015f olabilece\u011fi ihtimali \u00fczerinde duran polis ekipleri, evde ve \u00e7evrede detayl\u0131 inceleme yapt\u0131.<\/p>\n\n\n\n<h2 class=\"wp-block-heading\">G\u00fcvenlik Kameralar\u0131 \u0130nceleniyor<\/h2>\n\n\n\n<p class=\"wp-block-paragraph\">Asayi\u015f ve Cinayet B\u00fcro Amirli\u011fi ekipleri, apartman ve \u00e7evresindeki g\u00fcvenlik kameras\u0131 g\u00f6r\u00fcnt\u00fclerini incelemeye ald\u0131. Olay g\u00fcn\u00fc apartmana girip \u00e7\u0131kan ki\u015filerin kimliklerinin belirlenmesi i\u00e7in \u00e7al\u0131\u015fmalar s\u00fcrd\u00fcr\u00fcl\u00fcrken, g\u00f6rg\u00fc tan\u0131klar\u0131n\u0131n ifadelerine de ba\u015fvuruldu.<\/p>\n\n\n\n<h2 class=\"wp-block-heading\">Geni\u015f \u00c7apl\u0131 Soru\u015fturma Ba\u015flat\u0131ld\u0131<\/h2>\n\n\n\n<p class=\"wp-block-paragraph\">Mudanya&#8217;da b\u00fcy\u00fck \u00fcz\u00fcnt\u00fc ve tedirginli\u011fe neden olan olayla ilgili Bursa Emniyet M\u00fcd\u00fcrl\u00fc\u011f\u00fc ekipleri taraf\u0131ndan geni\u015f \u00e7apl\u0131 soru\u015fturma ba\u015flat\u0131ld\u0131. Polis, cinayet ve h\u0131rs\u0131zl\u0131k olay\u0131n\u0131 ger\u00e7ekle\u015ftirdi\u011fi de\u011ferlendirilen \u015f\u00fcpheli ya da \u015f\u00fcphelilerin en k\u0131sa s\u00fcrede yakalanmas\u0131 i\u00e7in \u00e7al\u0131\u015fmalar\u0131n\u0131 s\u00fcrd\u00fcr\u00fcyor.<\/p>\n","protected":false},"excerpt":{"rendered":"<p>Bursa&#8217;n\u0131n Mudanya il\u00e7esinde meydana gelen vah\u015fi cinayet il\u00e7eyi aya\u011fa kald\u0131rd\u0131. Evinde yaln\u0131z bulunan 77 ya\u015f\u0131ndaki<\/p>\n","protected":false},"author":1,"featured_media":3679,"comment_status":"open","ping_status":"open","sticky":false,"template":"","format":"standard","meta":{"_rtcl_gb_attr":"","footnotes":""},"categories":[1],"tags":[],"class_list":["post-3678","post","type-post","status-publish","format-standard","has-post-thumbnail","hentry","category-http-turkiyemhaber-com-wp-content-uploads-2026-03-saray-59-haber-13-mart-pdf"],"_links":{"self":[{"href":"https:\/\/turkiyemhaber.com\/index.php?rest_route=\/wp\/v2\/posts\/3678","targetHints":{"allow":["GET"]}}],"collection":[{"href":"https:\/\/turkiyemhaber.com\/index.php?rest_route=\/wp\/v2\/posts"}],"about":[{"href":"https:\/\/turkiyemhaber.com\/index.php?rest_route=\/wp\/v2\/types\/post"}],"author":[{"embeddable":true,"href":"https:\/\/turkiyemhaber.com\/index.php?rest_route=\/wp\/v2\/users\/1"}],"replies":[{"embeddable":true,"href":"https:\/\/turkiyemhaber.com\/index.php?rest_route=%2Fwp%2Fv2%2Fcomments&post=3678"}],"version-history":[{"count":1,"href":"https:\/\/turkiyemhaber.com\/index.php?rest_route=\/wp\/v2\/posts\/3678\/revisions"}],"predecessor-version":[{"id":3680,"href":"https:\/\/turkiyemhaber.com\/index.php?rest_route=\/wp\/v2\/posts\/3678\/revisions\/3680"}],"wp:featuredmedia":[{"embeddable":true,"href":"https:\/\/turkiyemhaber.com\/index.php?rest_route=\/wp\/v2\/media\/3679"}],"wp:attachment":[{"href":"https:\/\/turkiyemhaber.com\/index.php?rest_route=%2Fwp%2Fv2%2Fmedia&parent=3678"}],"wp:term":[{"taxonomy":"category","embeddable":true,"href":"https:\/\/turkiyemhaber.com\/index.php?rest_route=%2Fwp%2Fv2%2Fcategories&post=3678"},{"taxonomy":"post_tag","embeddable":true,"href":"https:\/\/turkiyemhaber.com\/index.php?rest_route=%2Fwp%2Fv2%2Ftags&post=3678"}],"curies":[{"name":"wp","href":"https:\/\/api.w.org\/{rel}","templated":true}]}}