{"id":3674,"date":"2026-07-02T15:50:52","date_gmt":"2026-07-02T15:50:52","guid":{"rendered":"https:\/\/turkiyemhaber.com\/?p=3674"},"modified":"2026-07-02T15:50:56","modified_gmt":"2026-07-02T15:50:56","slug":"tbmmde-stajyer-ogrencilere-taciz-davasinda-karar-saniklara-hapis-cezasi","status":"publish","type":"post","link":"https:\/\/turkiyemhaber.com\/?p=3674","title":{"rendered":"TBMM&#8217;DE STAJYER \u00d6\u011eRENC\u0130LERE TAC\u0130Z DAVASINDA KARAR! SANIKLARA HAP\u0130S CEZASI"},"content":{"rendered":"\n<p class=\"wp-block-paragraph\"><strong>T\u00fcrkiye B\u00fcy\u00fck Millet Meclisi&#8217;nde (TBMM) staj yapan k\u0131z \u00f6\u011frencilere y\u00f6nelik cinsel istismar iddialar\u0131yla ilgili davada karar \u00e7\u0131kt\u0131. Ankara 57. Asliye Ceza Mahkemesi, yarg\u0131lama sonunda d\u00f6rt san\u0131k hakk\u0131nda hapis cezas\u0131 verirken, bir san\u0131\u011f\u0131n beraatine h\u00fckmetti.<\/strong><\/p>\n\n\n\n<h3 class=\"wp-block-heading\"><strong>Dava Karara Ba\u011fland\u0131<\/strong><\/h3>\n\n\n\n<p class=\"wp-block-paragraph\">2024-2025 e\u011fitim \u00f6\u011fretim d\u00f6neminde TBMM&#8217;de staj yapan k\u0131z \u00f6\u011frencilere y\u00f6nelik cinsel istismar iddialar\u0131yla a\u00e7\u0131lan davada mahkeme karar\u0131n\u0131 a\u00e7\u0131klad\u0131.<\/p>\n\n\n\n<p class=\"wp-block-paragraph\">Ankara 57. Asliye Ceza Mahkemesi&#8217;nde g\u00f6r\u00fclen davada san\u0131klardan <strong>Durmu\u015f U.<\/strong> hakk\u0131nda <strong>6 y\u0131l 16 ay 3 g\u00fcn<\/strong>, <strong>Recep S.<\/strong> hakk\u0131nda <strong>6 y\u0131l 3 ay<\/strong>, <strong>Halil \u0130.G.<\/strong> hakk\u0131nda <strong>1 y\u0131l 16 ay 3 g\u00fcn<\/strong>, <strong>\u0130brahim B.<\/strong> hakk\u0131nda ise <strong>1 y\u0131l 15 ay<\/strong> hapis cezas\u0131 verildi. San\u0131klardan <strong>Ramazan \u00c7.<\/strong> ise \u00fczerine at\u0131l\u0131 su\u00e7lamalardan beraat etti.<\/p>\n\n\n\n<h3 class=\"wp-block-heading\"><strong>Soru\u015fturma Bir Stajyerin \u015eik\u00e2yetiyle Ba\u015flad\u0131<\/strong><\/h3>\n\n\n\n<p class=\"wp-block-paragraph\">Soru\u015fturma, 4 Aral\u0131k 2025 tarihinde TBMM&#8217;de staj yapan ve olay tarihinde 18 ya\u015f\u0131ndan k\u00fc\u00e7\u00fck olan D. isimli \u00f6\u011frencinin, Meclis Lokantas\u0131&#8217;nda g\u00f6rev yapan bir personel hakk\u0131nda cinsel taciz iddias\u0131yla Ankara Emniyet M\u00fcd\u00fcrl\u00fc\u011f\u00fc \u00c7ocuk \u015eube M\u00fcd\u00fcrl\u00fc\u011f\u00fc&#8217;ne ba\u015fvurmas\u0131 \u00fczerine ba\u015flat\u0131ld\u0131.<\/p>\n\n\n\n<p class=\"wp-block-paragraph\">Haz\u0131rlanan iddianamede, d\u00f6rt stajyer \u00f6\u011frencinin Meclis Lokantas\u0131&#8217;nda g\u00f6rev yapan be\u015f personel taraf\u0131ndan tacize u\u011frad\u0131\u011f\u0131 \u00f6ne s\u00fcr\u00fcld\u00fc.<\/p>\n\n\n\n<h3 class=\"wp-block-heading\"><strong>Savc\u0131l\u0131k A\u011f\u0131r Ceza Talep Etmi\u015fti<\/strong><\/h3>\n\n\n\n<p class=\"wp-block-paragraph\">Cumhuriyet Savc\u0131l\u0131\u011f\u0131, san\u0131klar hakk\u0131nda <strong>&#8220;sark\u0131nt\u0131l\u0131k yapmak suretiyle \u00e7ocu\u011fun cinsel istismar\u0131&#8221;<\/strong> ve <strong>&#8220;\u00e7ocu\u011fa kar\u015f\u0131 cinsel taciz&#8221;<\/strong> su\u00e7lar\u0131ndan ayr\u0131 ayr\u0131 <strong>16 y\u0131l 6 aya kadar hapis cezas\u0131<\/strong> talep etmi\u015fti.<\/p>\n\n\n\n<p class=\"wp-block-paragraph\">Mahkeme, yap\u0131lan yarg\u0131lama sonunda d\u00f6rt san\u0131k hakk\u0131nda farkl\u0131 s\u00fcrelerde hapis cezas\u0131na h\u00fckmederken, bir san\u0131\u011f\u0131n beraatine karar verdi.<\/p>\n\n\n\n<h3 class=\"wp-block-heading\"><strong>Tutuklama S\u00fcreci Tart\u0131\u015fma Yaratm\u0131\u015ft\u0131<\/strong><\/h3>\n\n\n\n<p class=\"wp-block-paragraph\">Davan\u0131n ikinci duru\u015fmas\u0131nda tutuklu san\u0131klar tahliye edilmi\u015f, ancak Ankara Cumhuriyet Ba\u015fsavc\u0131l\u0131\u011f\u0131&#8217;n\u0131n itiraz\u0131 \u00fczerine \u00fcst mahkeme yeniden tutuklama karar\u0131 vermi\u015fti. Haziran ay\u0131nda g\u00f6r\u00fclen duru\u015fmada ise tutuklu san\u0131klar\u0131n tamam\u0131 yeniden tahliye edilmi\u015fti.<\/p>\n\n\n\n<h3 class=\"wp-block-heading\"><strong>TBMM&#8217;de Disiplin Soru\u015fturmas\u0131 da Y\u00fcr\u00fct\u00fcld\u00fc<\/strong><\/h3>\n\n\n\n<p class=\"wp-block-paragraph\">Yarg\u0131 s\u00fcrecinin yan\u0131 s\u0131ra TBMM Genel Sekreterli\u011fi taraf\u0131ndan idari soru\u015fturma da ba\u015flat\u0131ld\u0131.<\/p>\n\n\n\n<p class=\"wp-block-paragraph\">Disiplin soru\u015fturmas\u0131 kapsam\u0131nda bir personelin devlet memurlu\u011fundan \u00e7\u0131kar\u0131lmas\u0131, iki personelin i\u015f akdinin feshedilmesi, bir a\u015f\u00e7\u0131 ile bir a\u015f\u00e7\u0131ba\u015f\u0131 hakk\u0131nda ise disiplin cezas\u0131 uygulanmas\u0131 y\u00f6n\u00fcnde rapor haz\u0131rland\u0131. Haz\u0131rlanan disiplin raporunun Ankara Cumhuriyet Ba\u015fsavc\u0131l\u0131\u011f\u0131&#8217;na g\u00f6nderildi\u011fi bildirildi.<\/p>\n\n\n\n<h3 class=\"wp-block-heading\"><strong>Yarg\u0131 S\u00fcreci Tamamland\u0131<\/strong><\/h3>\n\n\n\n<p class=\"wp-block-paragraph\">Mahkemenin verdi\u011fi kararla birlikte kamuoyunda yak\u0131ndan takip edilen dava ilk derece mahkemesi a\u00e7\u0131s\u0131ndan sonu\u00e7lanm\u0131\u015f oldu. Karara kar\u015f\u0131 ilgili taraflar\u0131n yasal kanun yollar\u0131na ba\u015fvurma haklar\u0131 bulunuyor.<\/p>\n","protected":false},"excerpt":{"rendered":"<p>T\u00fcrkiye B\u00fcy\u00fck Millet Meclisi&#8217;nde (TBMM) staj yapan k\u0131z \u00f6\u011frencilere y\u00f6nelik cinsel istismar iddialar\u0131yla ilgili davada<\/p>\n","protected":false},"author":1,"featured_media":3676,"comment_status":"open","ping_status":"open","sticky":false,"template":"","format":"standard","meta":{"_rtcl_gb_attr":"","footnotes":""},"categories":[1],"tags":[],"class_list":["post-3674","post","type-post","status-publish","format-standard","has-post-thumbnail","hentry","category-http-turkiyemhaber-com-wp-content-uploads-2026-03-saray-59-haber-13-mart-pdf"],"_links":{"self":[{"href":"https:\/\/turkiyemhaber.com\/index.php?rest_route=\/wp\/v2\/posts\/3674","targetHints":{"allow":["GET"]}}],"collection":[{"href":"https:\/\/turkiyemhaber.com\/index.php?rest_route=\/wp\/v2\/posts"}],"about":[{"href":"https:\/\/turkiyemhaber.com\/index.php?rest_route=\/wp\/v2\/types\/post"}],"author":[{"embeddable":true,"href":"https:\/\/turkiyemhaber.com\/index.php?rest_route=\/wp\/v2\/users\/1"}],"replies":[{"embeddable":true,"href":"https:\/\/turkiyemhaber.com\/index.php?rest_route=%2Fwp%2Fv2%2Fcomments&post=3674"}],"version-history":[{"count":1,"href":"https:\/\/turkiyemhaber.com\/index.php?rest_route=\/wp\/v2\/posts\/3674\/revisions"}],"predecessor-version":[{"id":3677,"href":"https:\/\/turkiyemhaber.com\/index.php?rest_route=\/wp\/v2\/posts\/3674\/revisions\/3677"}],"wp:featuredmedia":[{"embeddable":true,"href":"https:\/\/turkiyemhaber.com\/index.php?rest_route=\/wp\/v2\/media\/3676"}],"wp:attachment":[{"href":"https:\/\/turkiyemhaber.com\/index.php?rest_route=%2Fwp%2Fv2%2Fmedia&parent=3674"}],"wp:term":[{"taxonomy":"category","embeddable":true,"href":"https:\/\/turkiyemhaber.com\/index.php?rest_route=%2Fwp%2Fv2%2Fcategories&post=3674"},{"taxonomy":"post_tag","embeddable":true,"href":"https:\/\/turkiyemhaber.com\/index.php?rest_route=%2Fwp%2Fv2%2Ftags&post=3674"}],"curies":[{"name":"wp","href":"https:\/\/api.w.org\/{rel}","templated":true}]}}